{"id":4832,"date":"2019-04-12T01:00:28","date_gmt":"2019-04-12T04:00:28","guid":{"rendered":"http:\/\/blog.panrotas.com.br\/semreserva\/?p=4828"},"modified":"2019-04-12T01:00:28","modified_gmt":"2019-04-12T04:00:28","slug":"harry-potter-x-o-resto-do-mundo","status":"publish","type":"post","link":"https:\/\/blog.panrotas.com.br\/semreserva\/harry-potter-x-o-resto-do-mundo\/12-04-2019\/","title":{"rendered":"Harry Potter X o resto do mundo"},"content":{"rendered":"\n<p><\/p>\n\n\n\n<p>Do jeito que o imp\u00e9rio Disney est\u00e1 aumentando a passos largos\n(ou aquisi\u00e7\u00f5es largas), no setor de parques tem\u00e1ticos a casa de Mickey Mouse e\ncia. (e p\u00f5e companhia nisso) est\u00e1 cada vez mais poderosa e apertando o cerco\ncontra os concorrentes.<\/p>\n\n\n\n<p>Primeiro foi a Pixar, que se somou a um imp\u00e9rio de princesas\ne personagens ic\u00f4nicos. Depois a Marvel, a Lucasfilm e agora a Fox. <\/p>\n\n\n\n<p>Os Vingadores? Sim, s\u00e3o da Disney. Ah mas h\u00e1 alguns deles na\nUniversal Orlando. Sim, mas veja bem, alguns deles. Nem todos. Pois os Guardi\u00e3es\nda Gal\u00e1xia j\u00e1 foram anunciados para o Epcot e todos os demais j\u00e1 est\u00e3o nos\ncruzeiros Disney, nas lojas de Disney Springs, na Disneyland e nos parques\nasi\u00e1ticos&#8230; Vem a\u00ed uma terra dos Vingadores no complexo da Calif\u00f3rnia, j\u00e1 para\n2020. N\u00e3o vai ser f\u00e1cil competir.<\/p>\n\n\n\n<p>Star Wars? Sim, da Disney tamb\u00e9m. E se o imp\u00e9rio criado por\nWalt Disney era visto apenas como \u201cbom para crian\u00e7as\u201d (o que n\u00e3o \u00e9 verdade,\npois n\u00e3o h\u00e1 quem n\u00e3o se emocione nos parques da Disney), agora tamb\u00e9m \u00e9 para\nadolescentes (com a Marvel) e para os velhinhos que come\u00e7aram a ver Guerra nas\nEstrelas na d\u00e9cada de &#8230; 1970. Sim, bem antes da Pequena Sereia, de Piratas do\nCaribe, de Aladdin e de Frozen.<\/p>\n\n\n\n<p>E antes de O Rei Le\u00e3o, que, ao lado de Aladdin, volta este\nano com vers\u00f5es atualizadas: o primeiro em anima\u00e7\u00e3o com animais realistas (como\nem Mogli), o segundo com atores. E muitos outros vir\u00e3o. E os jovens adultos que\ncresceram com esses dois cl\u00e1ssicos j\u00e1 est\u00e3o com arritmia pensando em como seus\ncl\u00e1ssicos ser\u00e3o mostrados na telona mais uma vez. Com reflexo nos parques.<\/p>\n\n\n\n<p>Os Simpsons. Sim, est\u00e3o na Universal Orlando tamb\u00e9m. Mas\nagora pertencem \u00e0&#8230; Disney. Assim como Avatar, X-Men&#8230; Sobrou o Homem Aranha,\nainda com a Sony, mas em parceria com a Marvel. E Harry Potter, sim&#8230;o bruxinho.<\/p>\n\n\n\n<p>A Universal foi r\u00e1pida e vision\u00e1ria ao apostar em Harry Potter como novo \u00e2ncora de seus parques americanos e at\u00e9 na \u00c1sia. N\u00e3o duvide se mais conte\u00fado for adquirido para combater Mickey e seu ex\u00e9rcito. Senhor dos An\u00e9is? Os personagens da DC, mal explorados nos parques Six Flags? A Universal tamb\u00e9m tem os desenhos de Madagascar&#8230; King Kong&#8230; Velozes e Furiosos. Stranger Things (cad\u00ea a atra\u00e7\u00e3o baseada nesses personagens? Por que est\u00e1 demorando taaaaaanto?). Os monstros de sempre (Frankenstein, Lobisomem&#8230;). E tamb\u00e9m mais ousadia do que Disney quando o assunto \u00e9 adrenalina e atra\u00e7\u00f5es mais radicais.<\/p>\n\n\n\n<p>A briga vai ser boa. Para todos n\u00f3s. <\/p>\n\n\n\n<p>Mas enquanto isso&#8230;chega logo dia 24&#8230; Os Vingadores \u2013\nUltimato \u00e9 o que importa nesse momento (sim, Shazam \u00e9 legalzinho, Capit\u00e3 Marvel\najudou a passar o tempo&#8230;), at\u00e9 que Kylo Ren e Rey se reencontrem no final do\nano&#8230; J\u00e1 os animais fant\u00e1sticos&#8230; onde habitam?<\/p>\n","protected":false},"excerpt":{"rendered":"<p>Do jeito que o imp\u00e9rio Disney est\u00e1 aumentando a passos largos (ou aquisi\u00e7\u00f5es largas), no setor de parques tem\u00e1ticos a casa de Mickey Mouse e cia. (e p\u00f5e companhia nisso) est\u00e1 cada vez mais poderosa e apertando o cerco contra os concorrentes. Primeiro foi a Pixar, que se somou a um imp\u00e9rio de princesas e [&hellip;]<\/p>\n","protected":false},"author":7,"featured_media":0,"comment_status":"open","ping_status":"open","sticky":false,"template":"","format":"standard","meta":{"spay_email":""},"categories":[2],"tags":[],"yoast_head":"<!-- This site is optimized with the Yoast SEO plugin v17.3 - https:\/\/yoast.com\/wordpress\/plugins\/seo\/ -->\n<title>Harry Potter X o resto do mundo -<\/title>\n<meta name=\"description\" content=\"Harry Potter X o resto do mundo. Confira essa Mat\u00e9ria no Canal Sem reserva. \u27a4 Projeto em parceria com a PANROTAS.\" \/>\n<meta name=\"robots\" content=\"index, follow, max-snippet:-1, max-image-preview:large, max-video-preview:-1\" \/>\n<link rel=\"canonical\" href=\"https:\/\/blog.panrotas.com.br\/semreserva\/harry-potter-x-o-resto-do-mundo\/12-04-2019\/\" \/>\n<meta property=\"og:locale\" content=\"pt_BR\" \/>\n<meta property=\"og:type\" content=\"article\" \/>\n<meta property=\"og:title\" content=\"Harry Potter X o resto do mundo -\" \/>\n<meta property=\"og:description\" content=\"Harry Potter X o resto do mundo. Confira essa Mat\u00e9ria no Canal Sem reserva. \u27a4 Projeto em parceria com a PANROTAS.\" \/>\n<meta property=\"og:url\" content=\"https:\/\/blog.panrotas.com.br\/semreserva\/harry-potter-x-o-resto-do-mundo\/12-04-2019\/\" \/>\n<meta property=\"og:site_name\" content=\"Sem reserva\" \/>\n<meta property=\"article:publisher\" content=\"https:\/\/www.facebook.com\/portalpanrotas\/\" \/>\n<meta property=\"article:published_time\" content=\"2019-04-12T04:00:28+00:00\" \/>\n<meta name=\"twitter:card\" content=\"summary_large_image\" \/>\n<meta name=\"twitter:creator\" content=\"@portalpanrotas\" \/>\n<meta name=\"twitter:site\" content=\"@portalpanrotas\" \/>\n<meta name=\"twitter:label1\" content=\"Escrito por\" \/>\n\t<meta name=\"twitter:data1\" content=\"Artur Andrade\" \/>\n\t<meta name=\"twitter:label2\" content=\"Est. tempo de leitura\" \/>\n\t<meta name=\"twitter:data2\" content=\"2 minutos\" \/>\n<script type=\"application\/ld+json\" class=\"yoast-schema-graph\">{\"@context\":\"https:\/\/schema.org\",\"@graph\":[{\"@type\":\"Organization\",\"@id\":\"http:\/\/blog.panrotas.com.br\/semreserva\/#organization\",\"name\":\"Sem Reserva - Blog no Portal PANROTAS\",\"url\":\"http:\/\/blog.panrotas.com.br\/semreserva\/\",\"sameAs\":[\"https:\/\/www.facebook.com\/portalpanrotas\/\",\"https:\/\/www.instagram.com\/portalpanrotas\/\",\"https:\/\/br.linkedin.com\/company\/panrotas\",\"https:\/\/www.youtube.com\/tvpanrotas\",\"https:\/\/twitter.com\/portalpanrotas\"],\"logo\":{\"@type\":\"ImageObject\",\"@id\":\"http:\/\/blog.panrotas.com.br\/semreserva\/#logo\",\"inLanguage\":\"pt-BR\",\"url\":\"https:\/\/blog.panrotas.com.br\/semreserva\/wp-content\/uploads\/sites\/5\/2020\/06\/logo.png\",\"contentUrl\":\"https:\/\/blog.panrotas.com.br\/semreserva\/wp-content\/uploads\/sites\/5\/2020\/06\/logo.png\",\"width\":259,\"height\":53,\"caption\":\"Sem Reserva - Blog no Portal PANROTAS\"},\"image\":{\"@id\":\"http:\/\/blog.panrotas.com.br\/semreserva\/#logo\"}},{\"@type\":\"WebSite\",\"@id\":\"http:\/\/blog.panrotas.com.br\/semreserva\/#website\",\"url\":\"http:\/\/blog.panrotas.com.br\/semreserva\/\",\"name\":\"Sem reserva\",\"description\":\"Blogosfera PANROTAS\",\"publisher\":{\"@id\":\"http:\/\/blog.panrotas.com.br\/semreserva\/#organization\"},\"potentialAction\":[{\"@type\":\"SearchAction\",\"target\":{\"@type\":\"EntryPoint\",\"urlTemplate\":\"http:\/\/blog.panrotas.com.br\/semreserva\/?s={search_term_string}\"},\"query-input\":\"required name=search_term_string\"}],\"inLanguage\":\"pt-BR\"},{\"@type\":\"WebPage\",\"@id\":\"https:\/\/blog.panrotas.com.br\/semreserva\/harry-potter-x-o-resto-do-mundo\/12-04-2019\/#webpage\",\"url\":\"https:\/\/blog.panrotas.com.br\/semreserva\/harry-potter-x-o-resto-do-mundo\/12-04-2019\/\",\"name\":\"Harry Potter X o resto do mundo -\",\"isPartOf\":{\"@id\":\"http:\/\/blog.panrotas.com.br\/semreserva\/#website\"},\"datePublished\":\"2019-04-12T04:00:28+00:00\",\"dateModified\":\"2019-04-12T04:00:28+00:00\",\"description\":\"Harry Potter X o resto do mundo. Confira essa Mat\\u00e9ria no Canal Sem reserva. \\u27a4 Projeto em parceria com a PANROTAS.\",\"breadcrumb\":{\"@id\":\"https:\/\/blog.panrotas.com.br\/semreserva\/harry-potter-x-o-resto-do-mundo\/12-04-2019\/#breadcrumb\"},\"inLanguage\":\"pt-BR\",\"potentialAction\":[{\"@type\":\"ReadAction\",\"target\":[\"https:\/\/blog.panrotas.com.br\/semreserva\/harry-potter-x-o-resto-do-mundo\/12-04-2019\/\"]}]},{\"@type\":\"BreadcrumbList\",\"@id\":\"https:\/\/blog.panrotas.com.br\/semreserva\/harry-potter-x-o-resto-do-mundo\/12-04-2019\/#breadcrumb\",\"itemListElement\":[{\"@type\":\"ListItem\",\"position\":1,\"name\":\"Home do Blog\",\"item\":\"http:\/\/blog.panrotas.com.br\/semreserva\/\"},{\"@type\":\"ListItem\",\"position\":2,\"name\":\"Dia a dia\",\"item\":\"https:\/\/blog.panrotas.com.br\/semreserva\/category\/dia-a-dia\/\"},{\"@type\":\"ListItem\",\"position\":3,\"name\":\"Harry Potter X o resto do mundo\"}]},{\"@type\":\"Article\",\"@id\":\"https:\/\/blog.panrotas.com.br\/semreserva\/harry-potter-x-o-resto-do-mundo\/12-04-2019\/#article\",\"isPartOf\":{\"@id\":\"https:\/\/blog.panrotas.com.br\/semreserva\/harry-potter-x-o-resto-do-mundo\/12-04-2019\/#webpage\"},\"author\":{\"@id\":\"http:\/\/blog.panrotas.com.br\/semreserva\/#\/schema\/person\/c93b4555f6a497d2d83c25dcb80f61ed\"},\"headline\":\"Harry Potter X o resto do mundo\",\"datePublished\":\"2019-04-12T04:00:28+00:00\",\"dateModified\":\"2019-04-12T04:00:28+00:00\",\"mainEntityOfPage\":{\"@id\":\"https:\/\/blog.panrotas.com.br\/semreserva\/harry-potter-x-o-resto-do-mundo\/12-04-2019\/#webpage\"},\"wordCount\":506,\"commentCount\":0,\"publisher\":{\"@id\":\"http:\/\/blog.panrotas.com.br\/semreserva\/#organization\"},\"articleSection\":[\"Dia a dia\"],\"inLanguage\":\"pt-BR\",\"potentialAction\":[{\"@type\":\"CommentAction\",\"name\":\"Comment\",\"target\":[\"https:\/\/blog.panrotas.com.br\/semreserva\/harry-potter-x-o-resto-do-mundo\/12-04-2019\/#respond\"]}]},{\"@type\":\"Person\",\"@id\":\"http:\/\/blog.panrotas.com.br\/semreserva\/#\/schema\/person\/c93b4555f6a497d2d83c25dcb80f61ed\",\"name\":\"Artur Andrade\",\"image\":{\"@type\":\"ImageObject\",\"@id\":\"http:\/\/blog.panrotas.com.br\/semreserva\/#personlogo\",\"inLanguage\":\"pt-BR\",\"url\":\"https:\/\/secure.gravatar.com\/avatar\/a94564d630220cefd5c82f3452ac1ef4?s=96&d=mm&r=g\",\"contentUrl\":\"https:\/\/secure.gravatar.com\/avatar\/a94564d630220cefd5c82f3452ac1ef4?s=96&d=mm&r=g\",\"caption\":\"Artur Andrade\"},\"description\":\"Artur Luiz Andrade \\u00e9 carioca, taurino, jornalista e nasceu em 1969. \\u00c9 editor-chefe da PANROTAS Editora e mora em S\\u00e3o Paulo desde 1998\",\"sameAs\":[\"http:\/\/www.panrotas.com.br\"]}]}<\/script>\n<!-- \/ Yoast SEO plugin. -->","yoast_head_json":{"title":"Harry Potter X o resto do mundo -","description":"Harry Potter X o resto do mundo. Confira essa Mat\u00e9ria no Canal Sem reserva. \u27a4 Projeto em parceria com a PANROTAS.","robots":{"index":"index","follow":"follow","max-snippet":"max-snippet:-1","max-image-preview":"max-image-preview:large","max-video-preview":"max-video-preview:-1"},"canonical":"https:\/\/blog.panrotas.com.br\/semreserva\/harry-potter-x-o-resto-do-mundo\/12-04-2019\/","og_locale":"pt_BR","og_type":"article","og_title":"Harry Potter X o resto do mundo -","og_description":"Harry Potter X o resto do mundo. Confira essa Mat\u00e9ria no Canal Sem reserva. \u27a4 Projeto em parceria com a PANROTAS.","og_url":"https:\/\/blog.panrotas.com.br\/semreserva\/harry-potter-x-o-resto-do-mundo\/12-04-2019\/","og_site_name":"Sem reserva","article_publisher":"https:\/\/www.facebook.com\/portalpanrotas\/","article_published_time":"2019-04-12T04:00:28+00:00","twitter_card":"summary_large_image","twitter_creator":"@portalpanrotas","twitter_site":"@portalpanrotas","twitter_misc":{"Escrito por":"Artur Andrade","Est. tempo de leitura":"2 minutos"},"schema":{"@context":"https:\/\/schema.org","@graph":[{"@type":"Organization","@id":"http:\/\/blog.panrotas.com.br\/semreserva\/#organization","name":"Sem Reserva - Blog no Portal PANROTAS","url":"http:\/\/blog.panrotas.com.br\/semreserva\/","sameAs":["https:\/\/www.facebook.com\/portalpanrotas\/","https:\/\/www.instagram.com\/portalpanrotas\/","https:\/\/br.linkedin.com\/company\/panrotas","https:\/\/www.youtube.com\/tvpanrotas","https:\/\/twitter.com\/portalpanrotas"],"logo":{"@type":"ImageObject","@id":"http:\/\/blog.panrotas.com.br\/semreserva\/#logo","inLanguage":"pt-BR","url":"https:\/\/blog.panrotas.com.br\/semreserva\/wp-content\/uploads\/sites\/5\/2020\/06\/logo.png","contentUrl":"https:\/\/blog.panrotas.com.br\/semreserva\/wp-content\/uploads\/sites\/5\/2020\/06\/logo.png","width":259,"height":53,"caption":"Sem Reserva - Blog no Portal PANROTAS"},"image":{"@id":"http:\/\/blog.panrotas.com.br\/semreserva\/#logo"}},{"@type":"WebSite","@id":"http:\/\/blog.panrotas.com.br\/semreserva\/#website","url":"http:\/\/blog.panrotas.com.br\/semreserva\/","name":"Sem reserva","description":"Blogosfera PANROTAS","publisher":{"@id":"http:\/\/blog.panrotas.com.br\/semreserva\/#organization"},"potentialAction":[{"@type":"SearchAction","target":{"@type":"EntryPoint","urlTemplate":"http:\/\/blog.panrotas.com.br\/semreserva\/?s={search_term_string}"},"query-input":"required name=search_term_string"}],"inLanguage":"pt-BR"},{"@type":"WebPage","@id":"https:\/\/blog.panrotas.com.br\/semreserva\/harry-potter-x-o-resto-do-mundo\/12-04-2019\/#webpage","url":"https:\/\/blog.panrotas.com.br\/semreserva\/harry-potter-x-o-resto-do-mundo\/12-04-2019\/","name":"Harry Potter X o resto do mundo -","isPartOf":{"@id":"http:\/\/blog.panrotas.com.br\/semreserva\/#website"},"datePublished":"2019-04-12T04:00:28+00:00","dateModified":"2019-04-12T04:00:28+00:00","description":"Harry Potter X o resto do mundo. Confira essa Mat\u00e9ria no Canal Sem reserva. \u27a4 Projeto em parceria com a PANROTAS.","breadcrumb":{"@id":"https:\/\/blog.panrotas.com.br\/semreserva\/harry-potter-x-o-resto-do-mundo\/12-04-2019\/#breadcrumb"},"inLanguage":"pt-BR","potentialAction":[{"@type":"ReadAction","target":["https:\/\/blog.panrotas.com.br\/semreserva\/harry-potter-x-o-resto-do-mundo\/12-04-2019\/"]}]},{"@type":"BreadcrumbList","@id":"https:\/\/blog.panrotas.com.br\/semreserva\/harry-potter-x-o-resto-do-mundo\/12-04-2019\/#breadcrumb","itemListElement":[{"@type":"ListItem","position":1,"name":"Home do Blog","item":"http:\/\/blog.panrotas.com.br\/semreserva\/"},{"@type":"ListItem","position":2,"name":"Dia a dia","item":"https:\/\/blog.panrotas.com.br\/semreserva\/category\/dia-a-dia\/"},{"@type":"ListItem","position":3,"name":"Harry Potter X o resto do mundo"}]},{"@type":"Article","@id":"https:\/\/blog.panrotas.com.br\/semreserva\/harry-potter-x-o-resto-do-mundo\/12-04-2019\/#article","isPartOf":{"@id":"https:\/\/blog.panrotas.com.br\/semreserva\/harry-potter-x-o-resto-do-mundo\/12-04-2019\/#webpage"},"author":{"@id":"http:\/\/blog.panrotas.com.br\/semreserva\/#\/schema\/person\/c93b4555f6a497d2d83c25dcb80f61ed"},"headline":"Harry Potter X o resto do mundo","datePublished":"2019-04-12T04:00:28+00:00","dateModified":"2019-04-12T04:00:28+00:00","mainEntityOfPage":{"@id":"https:\/\/blog.panrotas.com.br\/semreserva\/harry-potter-x-o-resto-do-mundo\/12-04-2019\/#webpage"},"wordCount":506,"commentCount":0,"publisher":{"@id":"http:\/\/blog.panrotas.com.br\/semreserva\/#organization"},"articleSection":["Dia a dia"],"inLanguage":"pt-BR","potentialAction":[{"@type":"CommentAction","name":"Comment","target":["https:\/\/blog.panrotas.com.br\/semreserva\/harry-potter-x-o-resto-do-mundo\/12-04-2019\/#respond"]}]},{"@type":"Person","@id":"http:\/\/blog.panrotas.com.br\/semreserva\/#\/schema\/person\/c93b4555f6a497d2d83c25dcb80f61ed","name":"Artur Andrade","image":{"@type":"ImageObject","@id":"http:\/\/blog.panrotas.com.br\/semreserva\/#personlogo","inLanguage":"pt-BR","url":"https:\/\/secure.gravatar.com\/avatar\/a94564d630220cefd5c82f3452ac1ef4?s=96&d=mm&r=g","contentUrl":"https:\/\/secure.gravatar.com\/avatar\/a94564d630220cefd5c82f3452ac1ef4?s=96&d=mm&r=g","caption":"Artur Andrade"},"description":"Artur Luiz Andrade \u00e9 carioca, taurino, jornalista e nasceu em 1969. \u00c9 editor-chefe da PANROTAS Editora e mora em S\u00e3o Paulo desde 1998","sameAs":["http:\/\/www.panrotas.com.br"]}]}},"jetpack_featured_media_url":"","jetpack_shortlink":"https:\/\/wp.me\/p7idIU-1fW","_links":{"self":[{"href":"https:\/\/blog.panrotas.com.br\/semreserva\/wp-json\/wp\/v2\/posts\/4832"}],"collection":[{"href":"https:\/\/blog.panrotas.com.br\/semreserva\/wp-json\/wp\/v2\/posts"}],"about":[{"href":"https:\/\/blog.panrotas.com.br\/semreserva\/wp-json\/wp\/v2\/types\/post"}],"author":[{"embeddable":true,"href":"https:\/\/blog.panrotas.com.br\/semreserva\/wp-json\/wp\/v2\/users\/7"}],"replies":[{"embeddable":true,"href":"https:\/\/blog.panrotas.com.br\/semreserva\/wp-json\/wp\/v2\/comments?post=4832"}],"version-history":[{"count":0,"href":"https:\/\/blog.panrotas.com.br\/semreserva\/wp-json\/wp\/v2\/posts\/4832\/revisions"}],"wp:attachment":[{"href":"https:\/\/blog.panrotas.com.br\/semreserva\/wp-json\/wp\/v2\/media?parent=4832"}],"wp:term":[{"taxonomy":"category","embeddable":true,"href":"https:\/\/blog.panrotas.com.br\/semreserva\/wp-json\/wp\/v2\/categories?post=4832"},{"taxonomy":"post_tag","embeddable":true,"href":"https:\/\/blog.panrotas.com.br\/semreserva\/wp-json\/wp\/v2\/tags?post=4832"}],"curies":[{"name":"wp","href":"https:\/\/api.w.org\/{rel}","templated":true}]}}