{"id":4834,"date":"2019-04-18T11:48:49","date_gmt":"2019-04-18T14:48:49","guid":{"rendered":"http:\/\/blog.panrotas.com.br\/semreserva\/?p=4834"},"modified":"2019-04-18T11:48:49","modified_gmt":"2019-04-18T14:48:49","slug":"braztoa-magda-e-30-anos-de-evolucao","status":"publish","type":"post","link":"https:\/\/blog.panrotas.com.br\/semreserva\/braztoa-magda-e-30-anos-de-evolucao\/18-04-2019\/","title":{"rendered":"braztoa, magda e 30 anos de evolu\u00e7\u00e3o"},"content":{"rendered":"\n<p>Magda Nassar est\u00e1 saindo da presid\u00eancia da Braztoa e deixou sua marca bem clara nesses \u00faltimos anos. Objetividade, praticidade, papo reto, transpar\u00eancia, inclus\u00e3o, valoriza\u00e7\u00e3o da equipe, olhar diferenciado para o operador, inova\u00e7\u00e3o&#8230; foram algumas de suas qualidades. Excesso de projetos e falta de outros porta-vozes (na entidade) s\u00e3o algumas falhas que podem ser corrigidas. Mas ela vai fazer falta&#8230;<\/p>\n\n\n\n<p>N\u00e3o que ela v\u00e1 sair de vez, j\u00e1 que na \u00fanica chapa concorrente at\u00e9 agora, a de Roberto Nedelciu, da Raidho, ela \u00e9 uma das vices. At\u00e9 o dia 13 poss\u00edveis outras chapas podem se inscrever. A elei\u00e7\u00e3o \u00e9 dia 22 de maio e a posse em junho. Que Nedelciu, conhecido por sua operadora de nicho e pelo bom tr\u00e2mite no trade, tamb\u00e9m deixe eu legado na entidade.<\/p>\n\n\n\n<p>Entidade essa que completa 30 anos. E que, para mim, teve quatro presidentes que se sobressa\u00edram aos demais (que n\u00e3o fizeram feio, pelo contr\u00e1rio, mas acabaram sendo continua\u00e7\u00e3o das bandeiras levantadas por esses quatro). Ao contr\u00e1rio de outras associa\u00e7\u00f5es, n\u00e3o me recordo da Braztoa ter tido um presidente ruim.<\/p>\n\n\n\n<p>Aldo Leone, seu primeiro presidente, representou esse in\u00edcio dos grandes operadores se unindo para fundar a entidade. E lembro de ter participado de um encontro no Hotel Hilton do Centro, e era s\u00f3 por meio de entrevistas marcadas entre agentes e os fornecedores. Raul Radu (me corrijam se n\u00e3o era esse o nome&#8230;nessa \u00e9poca eu morava no Rio), era o xerife que comandava todo o evento e n\u00e3o deixava nada atrapalhar os appointments.<\/p>\n\n\n\n<p>Jos\u00e9 Zuquim foi um presidente que acompanhei de perto, j\u00e1 em S\u00e3o Paulo, e foi ele que abriu a entidade para a pol\u00edtica, dando \u00e0 Braztoa relev\u00e2ncia entre os poderosos e expandindo seus horizonte, ambi\u00e7\u00f5es e representatividade. At\u00e9 ent\u00e3o s\u00f3 se falava em Abav em Bras\u00edlia (por m\u00e9rito da entidade e do momento do mercado at\u00e9 ent\u00e3o) e Zuquim mudou isso.<\/p>\n\n\n\n<p>Marco Ferraz modernizou e desenhou os rumos que a Braztoa segue at\u00e9 hoje. N\u00e3o \u00e0 toa foi logo contratado pela Clia (ent\u00e3o Abremar) e a\u00ed o cargo &#8220;caiu no colo&#8221; da vice-presidente Magda Nassar.<\/p>\n\n\n\n<p>O resto \u00e9 hist\u00f3ria, que continua sendo escrita por mais de 80 operadores e outros associados, que evolu\u00edram com a entidade, mostrando que a relev\u00e2ncia de um player se d\u00e1 pelo que ele oferece aos clientes (sejam eles agentes ou consumidores) e como se conectam com as necessidades dos mesmos. Muitos ficaram pelo caminho nesses 30 anos, mas n\u00e3o por isso deixaram de contribuir e mostrar por onde seguir (ou n\u00e3o ir).<\/p>\n\n\n\n<p>Parab\u00e9ns \u00e0 Braztoa pelos 30 anos.<\/p>\n","protected":false},"excerpt":{"rendered":"<p>Magda Nassar est\u00e1 saindo da presid\u00eancia da Braztoa e deixou sua marca bem clara nesses \u00faltimos anos. Objetividade, praticidade, papo reto, transpar\u00eancia, inclus\u00e3o, valoriza\u00e7\u00e3o da equipe, olhar diferenciado para o operador, inova\u00e7\u00e3o&#8230; foram algumas de suas qualidades. Excesso de projetos e falta de outros porta-vozes (na entidade) s\u00e3o algumas falhas que podem ser corrigidas. Mas [&hellip;]<\/p>\n","protected":false},"author":7,"featured_media":0,"comment_status":"open","ping_status":"open","sticky":false,"template":"","format":"standard","meta":{"spay_email":""},"categories":[2],"tags":[],"yoast_head":"<!-- This site is optimized with the Yoast SEO plugin v17.3 - https:\/\/yoast.com\/wordpress\/plugins\/seo\/ -->\n<title>braztoa, magda e 30 anos de evolu\u00e7\u00e3o -<\/title>\n<meta name=\"description\" content=\"braztoa, magda e 30 anos de evolu\u00e7\u00e3o. Confira essa Mat\u00e9ria no Canal Sem reserva. \u27a4 Projeto em parceria com a PANROTAS.\" \/>\n<meta name=\"robots\" content=\"index, follow, max-snippet:-1, max-image-preview:large, max-video-preview:-1\" \/>\n<link rel=\"canonical\" href=\"https:\/\/blog.panrotas.com.br\/semreserva\/braztoa-magda-e-30-anos-de-evolucao\/18-04-2019\/\" \/>\n<meta property=\"og:locale\" content=\"pt_BR\" \/>\n<meta property=\"og:type\" content=\"article\" \/>\n<meta property=\"og:title\" content=\"braztoa, magda e 30 anos de evolu\u00e7\u00e3o -\" \/>\n<meta property=\"og:description\" content=\"braztoa, magda e 30 anos de evolu\u00e7\u00e3o. Confira essa Mat\u00e9ria no Canal Sem reserva. \u27a4 Projeto em parceria com a PANROTAS.\" \/>\n<meta property=\"og:url\" content=\"https:\/\/blog.panrotas.com.br\/semreserva\/braztoa-magda-e-30-anos-de-evolucao\/18-04-2019\/\" \/>\n<meta property=\"og:site_name\" content=\"Sem reserva\" \/>\n<meta property=\"article:publisher\" content=\"https:\/\/www.facebook.com\/portalpanrotas\/\" \/>\n<meta property=\"article:published_time\" content=\"2019-04-18T14:48:49+00:00\" \/>\n<meta name=\"twitter:card\" content=\"summary_large_image\" \/>\n<meta name=\"twitter:creator\" content=\"@portalpanrotas\" \/>\n<meta name=\"twitter:site\" content=\"@portalpanrotas\" \/>\n<meta name=\"twitter:label1\" content=\"Escrito por\" \/>\n\t<meta name=\"twitter:data1\" content=\"Artur Andrade\" \/>\n\t<meta name=\"twitter:label2\" content=\"Est. tempo de leitura\" \/>\n\t<meta name=\"twitter:data2\" content=\"2 minutos\" \/>\n<script type=\"application\/ld+json\" class=\"yoast-schema-graph\">{\"@context\":\"https:\/\/schema.org\",\"@graph\":[{\"@type\":\"Organization\",\"@id\":\"http:\/\/blog.panrotas.com.br\/semreserva\/#organization\",\"name\":\"Sem Reserva - Blog no Portal PANROTAS\",\"url\":\"http:\/\/blog.panrotas.com.br\/semreserva\/\",\"sameAs\":[\"https:\/\/www.facebook.com\/portalpanrotas\/\",\"https:\/\/www.instagram.com\/portalpanrotas\/\",\"https:\/\/br.linkedin.com\/company\/panrotas\",\"https:\/\/www.youtube.com\/tvpanrotas\",\"https:\/\/twitter.com\/portalpanrotas\"],\"logo\":{\"@type\":\"ImageObject\",\"@id\":\"http:\/\/blog.panrotas.com.br\/semreserva\/#logo\",\"inLanguage\":\"pt-BR\",\"url\":\"https:\/\/blog.panrotas.com.br\/semreserva\/wp-content\/uploads\/sites\/5\/2020\/06\/logo.png\",\"contentUrl\":\"https:\/\/blog.panrotas.com.br\/semreserva\/wp-content\/uploads\/sites\/5\/2020\/06\/logo.png\",\"width\":259,\"height\":53,\"caption\":\"Sem Reserva - Blog no Portal PANROTAS\"},\"image\":{\"@id\":\"http:\/\/blog.panrotas.com.br\/semreserva\/#logo\"}},{\"@type\":\"WebSite\",\"@id\":\"http:\/\/blog.panrotas.com.br\/semreserva\/#website\",\"url\":\"http:\/\/blog.panrotas.com.br\/semreserva\/\",\"name\":\"Sem reserva\",\"description\":\"Blogosfera PANROTAS\",\"publisher\":{\"@id\":\"http:\/\/blog.panrotas.com.br\/semreserva\/#organization\"},\"potentialAction\":[{\"@type\":\"SearchAction\",\"target\":{\"@type\":\"EntryPoint\",\"urlTemplate\":\"http:\/\/blog.panrotas.com.br\/semreserva\/?s={search_term_string}\"},\"query-input\":\"required name=search_term_string\"}],\"inLanguage\":\"pt-BR\"},{\"@type\":\"WebPage\",\"@id\":\"https:\/\/blog.panrotas.com.br\/semreserva\/braztoa-magda-e-30-anos-de-evolucao\/18-04-2019\/#webpage\",\"url\":\"https:\/\/blog.panrotas.com.br\/semreserva\/braztoa-magda-e-30-anos-de-evolucao\/18-04-2019\/\",\"name\":\"braztoa, magda e 30 anos de evolu\\u00e7\\u00e3o -\",\"isPartOf\":{\"@id\":\"http:\/\/blog.panrotas.com.br\/semreserva\/#website\"},\"datePublished\":\"2019-04-18T14:48:49+00:00\",\"dateModified\":\"2019-04-18T14:48:49+00:00\",\"description\":\"braztoa, magda e 30 anos de evolu\\u00e7\\u00e3o. Confira essa Mat\\u00e9ria no Canal Sem reserva. \\u27a4 Projeto em parceria com a PANROTAS.\",\"breadcrumb\":{\"@id\":\"https:\/\/blog.panrotas.com.br\/semreserva\/braztoa-magda-e-30-anos-de-evolucao\/18-04-2019\/#breadcrumb\"},\"inLanguage\":\"pt-BR\",\"potentialAction\":[{\"@type\":\"ReadAction\",\"target\":[\"https:\/\/blog.panrotas.com.br\/semreserva\/braztoa-magda-e-30-anos-de-evolucao\/18-04-2019\/\"]}]},{\"@type\":\"BreadcrumbList\",\"@id\":\"https:\/\/blog.panrotas.com.br\/semreserva\/braztoa-magda-e-30-anos-de-evolucao\/18-04-2019\/#breadcrumb\",\"itemListElement\":[{\"@type\":\"ListItem\",\"position\":1,\"name\":\"Home do Blog\",\"item\":\"http:\/\/blog.panrotas.com.br\/semreserva\/\"},{\"@type\":\"ListItem\",\"position\":2,\"name\":\"Dia a dia\",\"item\":\"https:\/\/blog.panrotas.com.br\/semreserva\/category\/dia-a-dia\/\"},{\"@type\":\"ListItem\",\"position\":3,\"name\":\"braztoa, magda e 30 anos de evolu\\u00e7\\u00e3o\"}]},{\"@type\":\"Article\",\"@id\":\"https:\/\/blog.panrotas.com.br\/semreserva\/braztoa-magda-e-30-anos-de-evolucao\/18-04-2019\/#article\",\"isPartOf\":{\"@id\":\"https:\/\/blog.panrotas.com.br\/semreserva\/braztoa-magda-e-30-anos-de-evolucao\/18-04-2019\/#webpage\"},\"author\":{\"@id\":\"http:\/\/blog.panrotas.com.br\/semreserva\/#\/schema\/person\/c93b4555f6a497d2d83c25dcb80f61ed\"},\"headline\":\"braztoa, magda e 30 anos de evolu\\u00e7\\u00e3o\",\"datePublished\":\"2019-04-18T14:48:49+00:00\",\"dateModified\":\"2019-04-18T14:48:49+00:00\",\"mainEntityOfPage\":{\"@id\":\"https:\/\/blog.panrotas.com.br\/semreserva\/braztoa-magda-e-30-anos-de-evolucao\/18-04-2019\/#webpage\"},\"wordCount\":455,\"commentCount\":0,\"publisher\":{\"@id\":\"http:\/\/blog.panrotas.com.br\/semreserva\/#organization\"},\"articleSection\":[\"Dia a dia\"],\"inLanguage\":\"pt-BR\",\"potentialAction\":[{\"@type\":\"CommentAction\",\"name\":\"Comment\",\"target\":[\"https:\/\/blog.panrotas.com.br\/semreserva\/braztoa-magda-e-30-anos-de-evolucao\/18-04-2019\/#respond\"]}]},{\"@type\":\"Person\",\"@id\":\"http:\/\/blog.panrotas.com.br\/semreserva\/#\/schema\/person\/c93b4555f6a497d2d83c25dcb80f61ed\",\"name\":\"Artur Andrade\",\"image\":{\"@type\":\"ImageObject\",\"@id\":\"http:\/\/blog.panrotas.com.br\/semreserva\/#personlogo\",\"inLanguage\":\"pt-BR\",\"url\":\"https:\/\/secure.gravatar.com\/avatar\/a94564d630220cefd5c82f3452ac1ef4?s=96&d=mm&r=g\",\"contentUrl\":\"https:\/\/secure.gravatar.com\/avatar\/a94564d630220cefd5c82f3452ac1ef4?s=96&d=mm&r=g\",\"caption\":\"Artur Andrade\"},\"description\":\"Artur Luiz Andrade \\u00e9 carioca, taurino, jornalista e nasceu em 1969. \\u00c9 editor-chefe da PANROTAS Editora e mora em S\\u00e3o Paulo desde 1998\",\"sameAs\":[\"http:\/\/www.panrotas.com.br\"]}]}<\/script>\n<!-- \/ Yoast SEO plugin. -->","yoast_head_json":{"title":"braztoa, magda e 30 anos de evolu\u00e7\u00e3o -","description":"braztoa, magda e 30 anos de evolu\u00e7\u00e3o. Confira essa Mat\u00e9ria no Canal Sem reserva. \u27a4 Projeto em parceria com a PANROTAS.","robots":{"index":"index","follow":"follow","max-snippet":"max-snippet:-1","max-image-preview":"max-image-preview:large","max-video-preview":"max-video-preview:-1"},"canonical":"https:\/\/blog.panrotas.com.br\/semreserva\/braztoa-magda-e-30-anos-de-evolucao\/18-04-2019\/","og_locale":"pt_BR","og_type":"article","og_title":"braztoa, magda e 30 anos de evolu\u00e7\u00e3o -","og_description":"braztoa, magda e 30 anos de evolu\u00e7\u00e3o. Confira essa Mat\u00e9ria no Canal Sem reserva. \u27a4 Projeto em parceria com a PANROTAS.","og_url":"https:\/\/blog.panrotas.com.br\/semreserva\/braztoa-magda-e-30-anos-de-evolucao\/18-04-2019\/","og_site_name":"Sem reserva","article_publisher":"https:\/\/www.facebook.com\/portalpanrotas\/","article_published_time":"2019-04-18T14:48:49+00:00","twitter_card":"summary_large_image","twitter_creator":"@portalpanrotas","twitter_site":"@portalpanrotas","twitter_misc":{"Escrito por":"Artur Andrade","Est. tempo de leitura":"2 minutos"},"schema":{"@context":"https:\/\/schema.org","@graph":[{"@type":"Organization","@id":"http:\/\/blog.panrotas.com.br\/semreserva\/#organization","name":"Sem Reserva - Blog no Portal PANROTAS","url":"http:\/\/blog.panrotas.com.br\/semreserva\/","sameAs":["https:\/\/www.facebook.com\/portalpanrotas\/","https:\/\/www.instagram.com\/portalpanrotas\/","https:\/\/br.linkedin.com\/company\/panrotas","https:\/\/www.youtube.com\/tvpanrotas","https:\/\/twitter.com\/portalpanrotas"],"logo":{"@type":"ImageObject","@id":"http:\/\/blog.panrotas.com.br\/semreserva\/#logo","inLanguage":"pt-BR","url":"https:\/\/blog.panrotas.com.br\/semreserva\/wp-content\/uploads\/sites\/5\/2020\/06\/logo.png","contentUrl":"https:\/\/blog.panrotas.com.br\/semreserva\/wp-content\/uploads\/sites\/5\/2020\/06\/logo.png","width":259,"height":53,"caption":"Sem Reserva - Blog no Portal PANROTAS"},"image":{"@id":"http:\/\/blog.panrotas.com.br\/semreserva\/#logo"}},{"@type":"WebSite","@id":"http:\/\/blog.panrotas.com.br\/semreserva\/#website","url":"http:\/\/blog.panrotas.com.br\/semreserva\/","name":"Sem reserva","description":"Blogosfera PANROTAS","publisher":{"@id":"http:\/\/blog.panrotas.com.br\/semreserva\/#organization"},"potentialAction":[{"@type":"SearchAction","target":{"@type":"EntryPoint","urlTemplate":"http:\/\/blog.panrotas.com.br\/semreserva\/?s={search_term_string}"},"query-input":"required name=search_term_string"}],"inLanguage":"pt-BR"},{"@type":"WebPage","@id":"https:\/\/blog.panrotas.com.br\/semreserva\/braztoa-magda-e-30-anos-de-evolucao\/18-04-2019\/#webpage","url":"https:\/\/blog.panrotas.com.br\/semreserva\/braztoa-magda-e-30-anos-de-evolucao\/18-04-2019\/","name":"braztoa, magda e 30 anos de evolu\u00e7\u00e3o -","isPartOf":{"@id":"http:\/\/blog.panrotas.com.br\/semreserva\/#website"},"datePublished":"2019-04-18T14:48:49+00:00","dateModified":"2019-04-18T14:48:49+00:00","description":"braztoa, magda e 30 anos de evolu\u00e7\u00e3o. Confira essa Mat\u00e9ria no Canal Sem reserva. \u27a4 Projeto em parceria com a PANROTAS.","breadcrumb":{"@id":"https:\/\/blog.panrotas.com.br\/semreserva\/braztoa-magda-e-30-anos-de-evolucao\/18-04-2019\/#breadcrumb"},"inLanguage":"pt-BR","potentialAction":[{"@type":"ReadAction","target":["https:\/\/blog.panrotas.com.br\/semreserva\/braztoa-magda-e-30-anos-de-evolucao\/18-04-2019\/"]}]},{"@type":"BreadcrumbList","@id":"https:\/\/blog.panrotas.com.br\/semreserva\/braztoa-magda-e-30-anos-de-evolucao\/18-04-2019\/#breadcrumb","itemListElement":[{"@type":"ListItem","position":1,"name":"Home do Blog","item":"http:\/\/blog.panrotas.com.br\/semreserva\/"},{"@type":"ListItem","position":2,"name":"Dia a dia","item":"https:\/\/blog.panrotas.com.br\/semreserva\/category\/dia-a-dia\/"},{"@type":"ListItem","position":3,"name":"braztoa, magda e 30 anos de evolu\u00e7\u00e3o"}]},{"@type":"Article","@id":"https:\/\/blog.panrotas.com.br\/semreserva\/braztoa-magda-e-30-anos-de-evolucao\/18-04-2019\/#article","isPartOf":{"@id":"https:\/\/blog.panrotas.com.br\/semreserva\/braztoa-magda-e-30-anos-de-evolucao\/18-04-2019\/#webpage"},"author":{"@id":"http:\/\/blog.panrotas.com.br\/semreserva\/#\/schema\/person\/c93b4555f6a497d2d83c25dcb80f61ed"},"headline":"braztoa, magda e 30 anos de evolu\u00e7\u00e3o","datePublished":"2019-04-18T14:48:49+00:00","dateModified":"2019-04-18T14:48:49+00:00","mainEntityOfPage":{"@id":"https:\/\/blog.panrotas.com.br\/semreserva\/braztoa-magda-e-30-anos-de-evolucao\/18-04-2019\/#webpage"},"wordCount":455,"commentCount":0,"publisher":{"@id":"http:\/\/blog.panrotas.com.br\/semreserva\/#organization"},"articleSection":["Dia a dia"],"inLanguage":"pt-BR","potentialAction":[{"@type":"CommentAction","name":"Comment","target":["https:\/\/blog.panrotas.com.br\/semreserva\/braztoa-magda-e-30-anos-de-evolucao\/18-04-2019\/#respond"]}]},{"@type":"Person","@id":"http:\/\/blog.panrotas.com.br\/semreserva\/#\/schema\/person\/c93b4555f6a497d2d83c25dcb80f61ed","name":"Artur Andrade","image":{"@type":"ImageObject","@id":"http:\/\/blog.panrotas.com.br\/semreserva\/#personlogo","inLanguage":"pt-BR","url":"https:\/\/secure.gravatar.com\/avatar\/a94564d630220cefd5c82f3452ac1ef4?s=96&d=mm&r=g","contentUrl":"https:\/\/secure.gravatar.com\/avatar\/a94564d630220cefd5c82f3452ac1ef4?s=96&d=mm&r=g","caption":"Artur Andrade"},"description":"Artur Luiz Andrade \u00e9 carioca, taurino, jornalista e nasceu em 1969. \u00c9 editor-chefe da PANROTAS Editora e mora em S\u00e3o Paulo desde 1998","sameAs":["http:\/\/www.panrotas.com.br"]}]}},"jetpack_featured_media_url":"","jetpack_shortlink":"https:\/\/wp.me\/p7idIU-1fY","_links":{"self":[{"href":"https:\/\/blog.panrotas.com.br\/semreserva\/wp-json\/wp\/v2\/posts\/4834"}],"collection":[{"href":"https:\/\/blog.panrotas.com.br\/semreserva\/wp-json\/wp\/v2\/posts"}],"about":[{"href":"https:\/\/blog.panrotas.com.br\/semreserva\/wp-json\/wp\/v2\/types\/post"}],"author":[{"embeddable":true,"href":"https:\/\/blog.panrotas.com.br\/semreserva\/wp-json\/wp\/v2\/users\/7"}],"replies":[{"embeddable":true,"href":"https:\/\/blog.panrotas.com.br\/semreserva\/wp-json\/wp\/v2\/comments?post=4834"}],"version-history":[{"count":0,"href":"https:\/\/blog.panrotas.com.br\/semreserva\/wp-json\/wp\/v2\/posts\/4834\/revisions"}],"wp:attachment":[{"href":"https:\/\/blog.panrotas.com.br\/semreserva\/wp-json\/wp\/v2\/media?parent=4834"}],"wp:term":[{"taxonomy":"category","embeddable":true,"href":"https:\/\/blog.panrotas.com.br\/semreserva\/wp-json\/wp\/v2\/categories?post=4834"},{"taxonomy":"post_tag","embeddable":true,"href":"https:\/\/blog.panrotas.com.br\/semreserva\/wp-json\/wp\/v2\/tags?post=4834"}],"curies":[{"name":"wp","href":"https:\/\/api.w.org\/{rel}","templated":true}]}}