{"id":4841,"date":"2019-04-22T19:19:42","date_gmt":"2019-04-22T22:19:42","guid":{"rendered":"http:\/\/blog.panrotas.com.br\/semreserva\/?p=4841"},"modified":"2019-04-22T19:19:42","modified_gmt":"2019-04-22T22:19:42","slug":"mais-um-dia-para-os-agentes-de-viagens","status":"publish","type":"post","link":"https:\/\/blog.panrotas.com.br\/semreserva\/mais-um-dia-para-os-agentes-de-viagens\/22-04-2019\/","title":{"rendered":"Mais um dia para os agentes de viagens?"},"content":{"rendered":"\n<p>Nos Estados Unidos, a Associa\u00e7\u00e3o Americana de Agentes de\nViagens substituiu, h\u00e1 pouco tempo, a palavra Agents (Agentes) por Advisors\n(Consultores). Uma adequa\u00e7\u00e3o aos novos tempos (um tanto atrasada at\u00e9), mas\ntamb\u00e9m uma forma de destacar quem \u00e9 esse profissional que, sim, pode emitir um\nbilhete a\u00e9reo caso voc\u00ea queira, funcionando como um agente, mas que pode\noferecer muito mais, a todo tipo de cliente, funcionando como um provedor de\ndicas de expert, um especialista em produtos e ferramentas, um analista que vai\nlhe indicar a melhor viagem para seus desejos e necessidades, um t\u00e9cnico que\nvai cuidar de seu or\u00e7amento e da sua pol\u00edtica de viagens, um amigo que vai\ncompartilhar suas experi\u00eancias (e caminhos quase secretos), um integrante de\numa ind\u00fastria que movimenta bilh\u00f5es de d\u00f3lares no mundo anualmente, envolvendo\ndas viagens de sonhos aos eventos corporativos, dos deslocamentos a trabalho \u00e0s\nf\u00e9rias em fam\u00edlia, passando por diversas modalidades&#8230; Enfim, um consultor de\nviagens. Qualquer que seja ela.<\/p>\n\n\n\n<p>Uma profiss\u00e3o que evoluiu (muitas vezes \u00e0 for\u00e7a, gra\u00e7as \u00e0\ntecnologia) nas \u00faltimas d\u00e9cadas, que muitos profetizaram que acabaria (e de\ncerta forma acabou, como a conhec\u00edamos) e que ainda est\u00e1 envolta em diversos\ndesafios, mesmo muitos n\u00e3o percebendo que ao comprarem na internet podem estar\nfazendo neg\u00f3cios com um novo tipo de agente de viagens, n\u00e3o importando seu\nporte por tr\u00e1s da m\u00e1quina.<\/p>\n\n\n\n<p>Se voc\u00ea n\u00e3o comprou o hotel diretamente da Marriott, a\npassagem a\u00e9rea no site da Delta, e os passeios e ingressos diretamente com o\nfornecedor local (o dono da atra\u00e7\u00e3o), voc\u00ea provavelmente comprou algo com um\nagente de viagens. Vestindo a camisa de uma OTA, operadora, TMC ou receptivo&#8230;\ncom nomenclaturas diversas, como travel advisor, travel consultant, travel\nstylist, travel blogger, travel assistant, travel designer ou travel agente&#8230;\no profissional de Viagens e Turismo est\u00e1 cada vez mais empoderado,\nespecializado, educado (no sentido, de treinado e especialista em diversos\nassuntos).<\/p>\n\n\n\n<p>No Brasil, 20% dos cerca de R$ 7 bilh\u00f5es vendidos pela\noperadora CVC Brasil v\u00eam das ag\u00eancias de viagens independentes. E os outros 80%,\nvejam voc\u00eas, tamb\u00e9m v\u00eam de ag\u00eancias de viagens com a marca CVC. Lojas f\u00edsicas\nque atraem milh\u00f5es de passageiros. E se tomarmos coo base a CVC Corp, metade\ndos cerca de R$ 14 bilh\u00f5es em vendas vem da venda indireta: da venda para\nag\u00eancias. Morreu mesmo o agente de viagens?<\/p>\n\n\n\n<p>A maior distribuidora da Am\u00e9rica Latina, em Viagens e\nTurismo, \u00e9 uma OTA (ag\u00eancia de viagens on-line), a Despegar.com\/Decolar.com,\ncom cerca de R$ 18 bilh\u00f5es em vendas. Mais do que a Gol vendeu no ano passado\n(R$ 11,4 bilh\u00f5es).<\/p>\n\n\n\n<p>Segundo o \u00faltimo levantamento do Minist\u00e9rio do Turismo, o\nBrasil tem 24.475 ag\u00eancias de Turismo cadastradas. Sim, aquela diversidade que\ncitamos acima est\u00e1 inclusa aqui (h\u00e1 empresa de transporte e de receptivo nessa\nconta). Mas \u00e9 uma malha de distribui\u00e7\u00e3o que nenhum fornecedor consegue ter, e\nque a internet n\u00e3o substitui.<\/p>\n\n\n\n<p>A maioria das ag\u00eancias de viagens n\u00e3o quer e nem pode\nconcorrer de frente com a gigante Decolar.com (s\u00f3 em investimentos em marketing\ndigital v\u00e3o-se alguns milh\u00f5es de d\u00f3lares e a pr\u00f3pria CVC sofreu para pegar o\ntrilho do on-line), mas vale destacar que essas OTAs n\u00e3o conseguem oferecer\ntudo para todos. A diversidade do p\u00fablico leva \u00e0 diversidade de canais. N\u00e3o \u00e9 o\nfornecedor que decide (ou 100% das vendas seriam via internet, no site das\nempresas), nem o distribuidor. \u00c9 o cliente, com seus h\u00e1bitos e diferentes\nperfis de viajante (diferentes na mesma pessoa, diga-se), que bate o martelo.\nComo quero, posso e necessito comprar esse produto? Pre\u00e7o, comodidade, tempo,\nservi\u00e7o, capacidade de resolu\u00e7\u00e3o de problemas, rapidez nos pedidos e\naltera\u00e7\u00f5es, consultoria e aconselhamento&#8230; tudo isso vai ser avaliado pelo\ncomprador. E quem preencher melhor os requisitos ganha a venda.<\/p>\n\n\n\n<p>Por\u00e9m, para estar sempre na mente dos viajantes, os agentes\nde viagens precisam ser mais pr\u00f3-ativos, n\u00e3o apenas para estimular as viagens\n(muitos precisam de um empurr\u00e3ozinho), mas tamb\u00e9m para mostrar que podem cuidar\nde v\u00e1rios aspectos do processo e serem competitivos, eficientes e\nsatisfat\u00f3rios.<\/p>\n\n\n\n<p>A intermedia\u00e7\u00e3o evolui e se transforma. Um formato acaba\neventualmente. Mas essa conex\u00e3o direta fornecedor-cliente sempre ter\u00e1 diversas\noutras empresas por tr\u00e1s ou no meio do caminho. Estar atento a essa\ntransforma\u00e7\u00e3o, tentar se antecipar aos movimentos profissionais e de neg\u00f3cios,\natualizar-se quanto a ferramentas e tecnologias&#8230; tudo isso o agente de\nviagens precisa e deve fazer. O principal continua sendo estar o mais perto\nposs\u00edvel do cliente, para conhec\u00ea-lo e atend\u00ea-lo, mesmo sem nunca t\u00ea-lo visto (leiam\na mat\u00e9ria de capa desta semana da revista PANROTAS). Estar preparado para\nqualquer pedido dentro de uma estrat\u00e9gia de mercado bem definida. Saber o que\npode e n\u00e3o fazer, onde deve e onde n\u00e3o quer atuar.<\/p>\n\n\n\n<p>Feliz dia do profissional de viagens. Um bom profissional\nser\u00e1 sempre necess\u00e1rio e reconhecido. Feliz dia do agente de viagens. N\u00e3o foi\nf\u00e1cil chegar at\u00e9 aqui, mas h\u00e1 muito o que comemorar.<\/p>\n","protected":false},"excerpt":{"rendered":"<p>Nos Estados Unidos, a Associa\u00e7\u00e3o Americana de Agentes de Viagens substituiu, h\u00e1 pouco tempo, a palavra Agents (Agentes) por Advisors (Consultores). Uma adequa\u00e7\u00e3o aos novos tempos (um tanto atrasada at\u00e9), mas tamb\u00e9m uma forma de destacar quem \u00e9 esse profissional que, sim, pode emitir um bilhete a\u00e9reo caso voc\u00ea queira, funcionando como um agente, mas [&hellip;]<\/p>\n","protected":false},"author":7,"featured_media":0,"comment_status":"open","ping_status":"open","sticky":false,"template":"","format":"standard","meta":{"spay_email":""},"categories":[2],"tags":[],"yoast_head":"<!-- This site is optimized with the Yoast SEO plugin v17.3 - https:\/\/yoast.com\/wordpress\/plugins\/seo\/ -->\n<title>Mais um dia para os agentes de viagens? -<\/title>\n<meta name=\"description\" content=\"Mais um dia para os agentes de viagens?. Confira essa Mat\u00e9ria no Canal Sem reserva. \u27a4 Projeto em parceria com a PANROTAS.\" \/>\n<meta name=\"robots\" content=\"index, follow, max-snippet:-1, max-image-preview:large, max-video-preview:-1\" \/>\n<link rel=\"canonical\" href=\"https:\/\/blog.panrotas.com.br\/semreserva\/mais-um-dia-para-os-agentes-de-viagens\/22-04-2019\/\" \/>\n<meta property=\"og:locale\" content=\"pt_BR\" \/>\n<meta property=\"og:type\" content=\"article\" \/>\n<meta property=\"og:title\" content=\"Mais um dia para os agentes de viagens? -\" \/>\n<meta property=\"og:description\" content=\"Mais um dia para os agentes de viagens?. Confira essa Mat\u00e9ria no Canal Sem reserva. \u27a4 Projeto em parceria com a PANROTAS.\" \/>\n<meta property=\"og:url\" content=\"https:\/\/blog.panrotas.com.br\/semreserva\/mais-um-dia-para-os-agentes-de-viagens\/22-04-2019\/\" \/>\n<meta property=\"og:site_name\" content=\"Sem reserva\" \/>\n<meta property=\"article:publisher\" content=\"https:\/\/www.facebook.com\/portalpanrotas\/\" \/>\n<meta property=\"article:published_time\" content=\"2019-04-22T22:19:42+00:00\" \/>\n<meta name=\"twitter:card\" content=\"summary_large_image\" \/>\n<meta name=\"twitter:creator\" content=\"@portalpanrotas\" \/>\n<meta name=\"twitter:site\" content=\"@portalpanrotas\" \/>\n<meta name=\"twitter:label1\" content=\"Escrito por\" \/>\n\t<meta name=\"twitter:data1\" content=\"Artur Andrade\" \/>\n\t<meta name=\"twitter:label2\" content=\"Est. tempo de leitura\" \/>\n\t<meta name=\"twitter:data2\" content=\"4 minutos\" \/>\n<script type=\"application\/ld+json\" class=\"yoast-schema-graph\">{\"@context\":\"https:\/\/schema.org\",\"@graph\":[{\"@type\":\"Organization\",\"@id\":\"http:\/\/blog.panrotas.com.br\/semreserva\/#organization\",\"name\":\"Sem Reserva - Blog no Portal PANROTAS\",\"url\":\"http:\/\/blog.panrotas.com.br\/semreserva\/\",\"sameAs\":[\"https:\/\/www.facebook.com\/portalpanrotas\/\",\"https:\/\/www.instagram.com\/portalpanrotas\/\",\"https:\/\/br.linkedin.com\/company\/panrotas\",\"https:\/\/www.youtube.com\/tvpanrotas\",\"https:\/\/twitter.com\/portalpanrotas\"],\"logo\":{\"@type\":\"ImageObject\",\"@id\":\"http:\/\/blog.panrotas.com.br\/semreserva\/#logo\",\"inLanguage\":\"pt-BR\",\"url\":\"https:\/\/blog.panrotas.com.br\/semreserva\/wp-content\/uploads\/sites\/5\/2020\/06\/logo.png\",\"contentUrl\":\"https:\/\/blog.panrotas.com.br\/semreserva\/wp-content\/uploads\/sites\/5\/2020\/06\/logo.png\",\"width\":259,\"height\":53,\"caption\":\"Sem Reserva - Blog no Portal PANROTAS\"},\"image\":{\"@id\":\"http:\/\/blog.panrotas.com.br\/semreserva\/#logo\"}},{\"@type\":\"WebSite\",\"@id\":\"http:\/\/blog.panrotas.com.br\/semreserva\/#website\",\"url\":\"http:\/\/blog.panrotas.com.br\/semreserva\/\",\"name\":\"Sem reserva\",\"description\":\"Blogosfera PANROTAS\",\"publisher\":{\"@id\":\"http:\/\/blog.panrotas.com.br\/semreserva\/#organization\"},\"potentialAction\":[{\"@type\":\"SearchAction\",\"target\":{\"@type\":\"EntryPoint\",\"urlTemplate\":\"http:\/\/blog.panrotas.com.br\/semreserva\/?s={search_term_string}\"},\"query-input\":\"required name=search_term_string\"}],\"inLanguage\":\"pt-BR\"},{\"@type\":\"WebPage\",\"@id\":\"https:\/\/blog.panrotas.com.br\/semreserva\/mais-um-dia-para-os-agentes-de-viagens\/22-04-2019\/#webpage\",\"url\":\"https:\/\/blog.panrotas.com.br\/semreserva\/mais-um-dia-para-os-agentes-de-viagens\/22-04-2019\/\",\"name\":\"Mais um dia para os agentes de viagens? -\",\"isPartOf\":{\"@id\":\"http:\/\/blog.panrotas.com.br\/semreserva\/#website\"},\"datePublished\":\"2019-04-22T22:19:42+00:00\",\"dateModified\":\"2019-04-22T22:19:42+00:00\",\"description\":\"Mais um dia para os agentes de viagens?. Confira essa Mat\\u00e9ria no Canal Sem reserva. \\u27a4 Projeto em parceria com a PANROTAS.\",\"breadcrumb\":{\"@id\":\"https:\/\/blog.panrotas.com.br\/semreserva\/mais-um-dia-para-os-agentes-de-viagens\/22-04-2019\/#breadcrumb\"},\"inLanguage\":\"pt-BR\",\"potentialAction\":[{\"@type\":\"ReadAction\",\"target\":[\"https:\/\/blog.panrotas.com.br\/semreserva\/mais-um-dia-para-os-agentes-de-viagens\/22-04-2019\/\"]}]},{\"@type\":\"BreadcrumbList\",\"@id\":\"https:\/\/blog.panrotas.com.br\/semreserva\/mais-um-dia-para-os-agentes-de-viagens\/22-04-2019\/#breadcrumb\",\"itemListElement\":[{\"@type\":\"ListItem\",\"position\":1,\"name\":\"Home do Blog\",\"item\":\"http:\/\/blog.panrotas.com.br\/semreserva\/\"},{\"@type\":\"ListItem\",\"position\":2,\"name\":\"Dia a dia\",\"item\":\"https:\/\/blog.panrotas.com.br\/semreserva\/category\/dia-a-dia\/\"},{\"@type\":\"ListItem\",\"position\":3,\"name\":\"Mais um dia para os agentes de viagens?\"}]},{\"@type\":\"Article\",\"@id\":\"https:\/\/blog.panrotas.com.br\/semreserva\/mais-um-dia-para-os-agentes-de-viagens\/22-04-2019\/#article\",\"isPartOf\":{\"@id\":\"https:\/\/blog.panrotas.com.br\/semreserva\/mais-um-dia-para-os-agentes-de-viagens\/22-04-2019\/#webpage\"},\"author\":{\"@id\":\"http:\/\/blog.panrotas.com.br\/semreserva\/#\/schema\/person\/c93b4555f6a497d2d83c25dcb80f61ed\"},\"headline\":\"Mais um dia para os agentes de viagens?\",\"datePublished\":\"2019-04-22T22:19:42+00:00\",\"dateModified\":\"2019-04-22T22:19:42+00:00\",\"mainEntityOfPage\":{\"@id\":\"https:\/\/blog.panrotas.com.br\/semreserva\/mais-um-dia-para-os-agentes-de-viagens\/22-04-2019\/#webpage\"},\"wordCount\":889,\"commentCount\":0,\"publisher\":{\"@id\":\"http:\/\/blog.panrotas.com.br\/semreserva\/#organization\"},\"articleSection\":[\"Dia a dia\"],\"inLanguage\":\"pt-BR\",\"potentialAction\":[{\"@type\":\"CommentAction\",\"name\":\"Comment\",\"target\":[\"https:\/\/blog.panrotas.com.br\/semreserva\/mais-um-dia-para-os-agentes-de-viagens\/22-04-2019\/#respond\"]}]},{\"@type\":\"Person\",\"@id\":\"http:\/\/blog.panrotas.com.br\/semreserva\/#\/schema\/person\/c93b4555f6a497d2d83c25dcb80f61ed\",\"name\":\"Artur Andrade\",\"image\":{\"@type\":\"ImageObject\",\"@id\":\"http:\/\/blog.panrotas.com.br\/semreserva\/#personlogo\",\"inLanguage\":\"pt-BR\",\"url\":\"https:\/\/secure.gravatar.com\/avatar\/a94564d630220cefd5c82f3452ac1ef4?s=96&d=mm&r=g\",\"contentUrl\":\"https:\/\/secure.gravatar.com\/avatar\/a94564d630220cefd5c82f3452ac1ef4?s=96&d=mm&r=g\",\"caption\":\"Artur Andrade\"},\"description\":\"Artur Luiz Andrade \\u00e9 carioca, taurino, jornalista e nasceu em 1969. \\u00c9 editor-chefe da PANROTAS Editora e mora em S\\u00e3o Paulo desde 1998\",\"sameAs\":[\"http:\/\/www.panrotas.com.br\"]}]}<\/script>\n<!-- \/ Yoast SEO plugin. -->","yoast_head_json":{"title":"Mais um dia para os agentes de viagens? -","description":"Mais um dia para os agentes de viagens?. Confira essa Mat\u00e9ria no Canal Sem reserva. \u27a4 Projeto em parceria com a PANROTAS.","robots":{"index":"index","follow":"follow","max-snippet":"max-snippet:-1","max-image-preview":"max-image-preview:large","max-video-preview":"max-video-preview:-1"},"canonical":"https:\/\/blog.panrotas.com.br\/semreserva\/mais-um-dia-para-os-agentes-de-viagens\/22-04-2019\/","og_locale":"pt_BR","og_type":"article","og_title":"Mais um dia para os agentes de viagens? -","og_description":"Mais um dia para os agentes de viagens?. Confira essa Mat\u00e9ria no Canal Sem reserva. \u27a4 Projeto em parceria com a PANROTAS.","og_url":"https:\/\/blog.panrotas.com.br\/semreserva\/mais-um-dia-para-os-agentes-de-viagens\/22-04-2019\/","og_site_name":"Sem reserva","article_publisher":"https:\/\/www.facebook.com\/portalpanrotas\/","article_published_time":"2019-04-22T22:19:42+00:00","twitter_card":"summary_large_image","twitter_creator":"@portalpanrotas","twitter_site":"@portalpanrotas","twitter_misc":{"Escrito por":"Artur Andrade","Est. tempo de leitura":"4 minutos"},"schema":{"@context":"https:\/\/schema.org","@graph":[{"@type":"Organization","@id":"http:\/\/blog.panrotas.com.br\/semreserva\/#organization","name":"Sem Reserva - Blog no Portal PANROTAS","url":"http:\/\/blog.panrotas.com.br\/semreserva\/","sameAs":["https:\/\/www.facebook.com\/portalpanrotas\/","https:\/\/www.instagram.com\/portalpanrotas\/","https:\/\/br.linkedin.com\/company\/panrotas","https:\/\/www.youtube.com\/tvpanrotas","https:\/\/twitter.com\/portalpanrotas"],"logo":{"@type":"ImageObject","@id":"http:\/\/blog.panrotas.com.br\/semreserva\/#logo","inLanguage":"pt-BR","url":"https:\/\/blog.panrotas.com.br\/semreserva\/wp-content\/uploads\/sites\/5\/2020\/06\/logo.png","contentUrl":"https:\/\/blog.panrotas.com.br\/semreserva\/wp-content\/uploads\/sites\/5\/2020\/06\/logo.png","width":259,"height":53,"caption":"Sem Reserva - Blog no Portal PANROTAS"},"image":{"@id":"http:\/\/blog.panrotas.com.br\/semreserva\/#logo"}},{"@type":"WebSite","@id":"http:\/\/blog.panrotas.com.br\/semreserva\/#website","url":"http:\/\/blog.panrotas.com.br\/semreserva\/","name":"Sem reserva","description":"Blogosfera PANROTAS","publisher":{"@id":"http:\/\/blog.panrotas.com.br\/semreserva\/#organization"},"potentialAction":[{"@type":"SearchAction","target":{"@type":"EntryPoint","urlTemplate":"http:\/\/blog.panrotas.com.br\/semreserva\/?s={search_term_string}"},"query-input":"required name=search_term_string"}],"inLanguage":"pt-BR"},{"@type":"WebPage","@id":"https:\/\/blog.panrotas.com.br\/semreserva\/mais-um-dia-para-os-agentes-de-viagens\/22-04-2019\/#webpage","url":"https:\/\/blog.panrotas.com.br\/semreserva\/mais-um-dia-para-os-agentes-de-viagens\/22-04-2019\/","name":"Mais um dia para os agentes de viagens? -","isPartOf":{"@id":"http:\/\/blog.panrotas.com.br\/semreserva\/#website"},"datePublished":"2019-04-22T22:19:42+00:00","dateModified":"2019-04-22T22:19:42+00:00","description":"Mais um dia para os agentes de viagens?. Confira essa Mat\u00e9ria no Canal Sem reserva. \u27a4 Projeto em parceria com a PANROTAS.","breadcrumb":{"@id":"https:\/\/blog.panrotas.com.br\/semreserva\/mais-um-dia-para-os-agentes-de-viagens\/22-04-2019\/#breadcrumb"},"inLanguage":"pt-BR","potentialAction":[{"@type":"ReadAction","target":["https:\/\/blog.panrotas.com.br\/semreserva\/mais-um-dia-para-os-agentes-de-viagens\/22-04-2019\/"]}]},{"@type":"BreadcrumbList","@id":"https:\/\/blog.panrotas.com.br\/semreserva\/mais-um-dia-para-os-agentes-de-viagens\/22-04-2019\/#breadcrumb","itemListElement":[{"@type":"ListItem","position":1,"name":"Home do Blog","item":"http:\/\/blog.panrotas.com.br\/semreserva\/"},{"@type":"ListItem","position":2,"name":"Dia a dia","item":"https:\/\/blog.panrotas.com.br\/semreserva\/category\/dia-a-dia\/"},{"@type":"ListItem","position":3,"name":"Mais um dia para os agentes de viagens?"}]},{"@type":"Article","@id":"https:\/\/blog.panrotas.com.br\/semreserva\/mais-um-dia-para-os-agentes-de-viagens\/22-04-2019\/#article","isPartOf":{"@id":"https:\/\/blog.panrotas.com.br\/semreserva\/mais-um-dia-para-os-agentes-de-viagens\/22-04-2019\/#webpage"},"author":{"@id":"http:\/\/blog.panrotas.com.br\/semreserva\/#\/schema\/person\/c93b4555f6a497d2d83c25dcb80f61ed"},"headline":"Mais um dia para os agentes de viagens?","datePublished":"2019-04-22T22:19:42+00:00","dateModified":"2019-04-22T22:19:42+00:00","mainEntityOfPage":{"@id":"https:\/\/blog.panrotas.com.br\/semreserva\/mais-um-dia-para-os-agentes-de-viagens\/22-04-2019\/#webpage"},"wordCount":889,"commentCount":0,"publisher":{"@id":"http:\/\/blog.panrotas.com.br\/semreserva\/#organization"},"articleSection":["Dia a dia"],"inLanguage":"pt-BR","potentialAction":[{"@type":"CommentAction","name":"Comment","target":["https:\/\/blog.panrotas.com.br\/semreserva\/mais-um-dia-para-os-agentes-de-viagens\/22-04-2019\/#respond"]}]},{"@type":"Person","@id":"http:\/\/blog.panrotas.com.br\/semreserva\/#\/schema\/person\/c93b4555f6a497d2d83c25dcb80f61ed","name":"Artur Andrade","image":{"@type":"ImageObject","@id":"http:\/\/blog.panrotas.com.br\/semreserva\/#personlogo","inLanguage":"pt-BR","url":"https:\/\/secure.gravatar.com\/avatar\/a94564d630220cefd5c82f3452ac1ef4?s=96&d=mm&r=g","contentUrl":"https:\/\/secure.gravatar.com\/avatar\/a94564d630220cefd5c82f3452ac1ef4?s=96&d=mm&r=g","caption":"Artur Andrade"},"description":"Artur Luiz Andrade \u00e9 carioca, taurino, jornalista e nasceu em 1969. \u00c9 editor-chefe da PANROTAS Editora e mora em S\u00e3o Paulo desde 1998","sameAs":["http:\/\/www.panrotas.com.br"]}]}},"jetpack_featured_media_url":"","jetpack_shortlink":"https:\/\/wp.me\/p7idIU-1g5","_links":{"self":[{"href":"https:\/\/blog.panrotas.com.br\/semreserva\/wp-json\/wp\/v2\/posts\/4841"}],"collection":[{"href":"https:\/\/blog.panrotas.com.br\/semreserva\/wp-json\/wp\/v2\/posts"}],"about":[{"href":"https:\/\/blog.panrotas.com.br\/semreserva\/wp-json\/wp\/v2\/types\/post"}],"author":[{"embeddable":true,"href":"https:\/\/blog.panrotas.com.br\/semreserva\/wp-json\/wp\/v2\/users\/7"}],"replies":[{"embeddable":true,"href":"https:\/\/blog.panrotas.com.br\/semreserva\/wp-json\/wp\/v2\/comments?post=4841"}],"version-history":[{"count":0,"href":"https:\/\/blog.panrotas.com.br\/semreserva\/wp-json\/wp\/v2\/posts\/4841\/revisions"}],"wp:attachment":[{"href":"https:\/\/blog.panrotas.com.br\/semreserva\/wp-json\/wp\/v2\/media?parent=4841"}],"wp:term":[{"taxonomy":"category","embeddable":true,"href":"https:\/\/blog.panrotas.com.br\/semreserva\/wp-json\/wp\/v2\/categories?post=4841"},{"taxonomy":"post_tag","embeddable":true,"href":"https:\/\/blog.panrotas.com.br\/semreserva\/wp-json\/wp\/v2\/tags?post=4841"}],"curies":[{"name":"wp","href":"https:\/\/api.w.org\/{rel}","templated":true}]}}