{"id":4847,"date":"2019-04-26T20:00:14","date_gmt":"2019-04-26T23:00:14","guid":{"rendered":"http:\/\/blog.panrotas.com.br\/semreserva\/?p=4847"},"modified":"2020-06-02T15:25:45","modified_gmt":"2020-06-02T18:25:45","slug":"abracorp-pede-solidariedade-a-avianca","status":"publish","type":"post","link":"https:\/\/blog.panrotas.com.br\/semreserva\/abracorp-pede-solidariedade-a-avianca\/26-04-2019\/","title":{"rendered":"Abracorp pede solidariedade \u00e0 avianca"},"content":{"rendered":"\n<p>E esse comunicado da Abracorp pedindo que a Anac, Abear e as concorrentes sejam solid\u00e1rias com os passageiros da Avianca Brasil? Ou seja, o que se temia ocorreu e como as ag\u00eancias de viagens s\u00e3o solid\u00e1rias na venda&#8230; Fim de semana promete ser tenso.<\/p>\n","protected":false},"excerpt":{"rendered":"<p>E esse comunicado da Abracorp pedindo que a Anac, Abear e as concorrentes sejam solid\u00e1rias com os passageiros da Avianca Brasil? Ou seja, o que se temia ocorreu e como as ag\u00eancias de viagens s\u00e3o solid\u00e1rias na venda&#8230; Fim de semana promete ser tenso.<\/p>\n","protected":false},"author":7,"featured_media":4934,"comment_status":"open","ping_status":"open","sticky":false,"template":"","format":"standard","meta":{"spay_email":""},"categories":[73],"tags":[84],"yoast_head":"<!-- This site is optimized with the Yoast SEO plugin v17.3 - https:\/\/yoast.com\/wordpress\/plugins\/seo\/ -->\n<title>Abracorp pede solidariedade \u00e0 avianca - Avia\u00e7\u00e3o<\/title>\n<meta name=\"description\" content=\"Abracorp pede solidariedade \u00e0 avianca. Confira essa Mat\u00e9ria no Canal Sem reserva. \u27a4 Projeto em parceria com a PANROTAS.\" \/>\n<meta name=\"robots\" content=\"index, follow, max-snippet:-1, max-image-preview:large, max-video-preview:-1\" \/>\n<link rel=\"canonical\" href=\"http:\/\/blog.panrotas.com.br\/semreserva\/abracorp-pede-solidariedade-a-avianca\/26-04-2019\/\" \/>\n<meta property=\"og:locale\" content=\"pt_BR\" \/>\n<meta property=\"og:type\" content=\"article\" \/>\n<meta property=\"og:title\" content=\"Abracorp pede solidariedade \u00e0 avianca - Avia\u00e7\u00e3o\" \/>\n<meta property=\"og:description\" content=\"Abracorp pede solidariedade \u00e0 avianca. Confira essa Mat\u00e9ria no Canal Sem reserva. \u27a4 Projeto em parceria com a PANROTAS.\" \/>\n<meta property=\"og:url\" content=\"http:\/\/blog.panrotas.com.br\/semreserva\/abracorp-pede-solidariedade-a-avianca\/26-04-2019\/\" \/>\n<meta property=\"og:site_name\" content=\"Sem reserva\" \/>\n<meta property=\"article:publisher\" content=\"https:\/\/www.facebook.com\/portalpanrotas\/\" \/>\n<meta property=\"article:published_time\" content=\"2019-04-26T23:00:14+00:00\" \/>\n<meta property=\"article:modified_time\" content=\"2020-06-02T18:25:45+00:00\" \/>\n<meta property=\"og:image\" content=\"http:\/\/blog.panrotas.com.br\/semreserva\/wp-content\/uploads\/sites\/5\/2019\/04\/avianca.jpg\" \/>\n\t<meta property=\"og:image:width\" content=\"1920\" \/>\n\t<meta property=\"og:image:height\" content=\"1280\" \/>\n<meta name=\"twitter:card\" content=\"summary_large_image\" \/>\n<meta name=\"twitter:creator\" content=\"@portalpanrotas\" \/>\n<meta name=\"twitter:site\" content=\"@portalpanrotas\" \/>\n<meta name=\"twitter:label1\" content=\"Escrito por\" \/>\n\t<meta name=\"twitter:data1\" content=\"Artur Andrade\" \/>\n<script type=\"application\/ld+json\" class=\"yoast-schema-graph\">{\"@context\":\"https:\/\/schema.org\",\"@graph\":[{\"@type\":\"Organization\",\"@id\":\"http:\/\/blog.panrotas.com.br\/semreserva\/#organization\",\"name\":\"Sem Reserva - Blog no Portal PANROTAS\",\"url\":\"http:\/\/blog.panrotas.com.br\/semreserva\/\",\"sameAs\":[\"https:\/\/www.facebook.com\/portalpanrotas\/\",\"https:\/\/www.instagram.com\/portalpanrotas\/\",\"https:\/\/br.linkedin.com\/company\/panrotas\",\"https:\/\/www.youtube.com\/tvpanrotas\",\"https:\/\/twitter.com\/portalpanrotas\"],\"logo\":{\"@type\":\"ImageObject\",\"@id\":\"http:\/\/blog.panrotas.com.br\/semreserva\/#logo\",\"inLanguage\":\"pt-BR\",\"url\":\"https:\/\/blog.panrotas.com.br\/semreserva\/wp-content\/uploads\/sites\/5\/2020\/06\/logo.png\",\"contentUrl\":\"https:\/\/blog.panrotas.com.br\/semreserva\/wp-content\/uploads\/sites\/5\/2020\/06\/logo.png\",\"width\":259,\"height\":53,\"caption\":\"Sem Reserva - Blog no Portal PANROTAS\"},\"image\":{\"@id\":\"http:\/\/blog.panrotas.com.br\/semreserva\/#logo\"}},{\"@type\":\"WebSite\",\"@id\":\"http:\/\/blog.panrotas.com.br\/semreserva\/#website\",\"url\":\"http:\/\/blog.panrotas.com.br\/semreserva\/\",\"name\":\"Sem reserva\",\"description\":\"Blogosfera PANROTAS\",\"publisher\":{\"@id\":\"http:\/\/blog.panrotas.com.br\/semreserva\/#organization\"},\"potentialAction\":[{\"@type\":\"SearchAction\",\"target\":{\"@type\":\"EntryPoint\",\"urlTemplate\":\"http:\/\/blog.panrotas.com.br\/semreserva\/?s={search_term_string}\"},\"query-input\":\"required name=search_term_string\"}],\"inLanguage\":\"pt-BR\"},{\"@type\":\"ImageObject\",\"@id\":\"http:\/\/blog.panrotas.com.br\/semreserva\/abracorp-pede-solidariedade-a-avianca\/26-04-2019\/#primaryimage\",\"inLanguage\":\"pt-BR\",\"url\":\"https:\/\/blog.panrotas.com.br\/semreserva\/wp-content\/uploads\/sites\/5\/2019\/04\/avianca.jpg\",\"contentUrl\":\"https:\/\/blog.panrotas.com.br\/semreserva\/wp-content\/uploads\/sites\/5\/2019\/04\/avianca.jpg\",\"width\":1920,\"height\":1280,\"caption\":\"Avianca Abracorp\"},{\"@type\":\"WebPage\",\"@id\":\"http:\/\/blog.panrotas.com.br\/semreserva\/abracorp-pede-solidariedade-a-avianca\/26-04-2019\/#webpage\",\"url\":\"http:\/\/blog.panrotas.com.br\/semreserva\/abracorp-pede-solidariedade-a-avianca\/26-04-2019\/\",\"name\":\"Abracorp pede solidariedade \\u00e0 avianca - Avia\\u00e7\\u00e3o\",\"isPartOf\":{\"@id\":\"http:\/\/blog.panrotas.com.br\/semreserva\/#website\"},\"primaryImageOfPage\":{\"@id\":\"http:\/\/blog.panrotas.com.br\/semreserva\/abracorp-pede-solidariedade-a-avianca\/26-04-2019\/#primaryimage\"},\"datePublished\":\"2019-04-26T23:00:14+00:00\",\"dateModified\":\"2020-06-02T18:25:45+00:00\",\"description\":\"Abracorp pede solidariedade \\u00e0 avianca. Confira essa Mat\\u00e9ria no Canal Sem reserva. \\u27a4 Projeto em parceria com a PANROTAS.\",\"breadcrumb\":{\"@id\":\"http:\/\/blog.panrotas.com.br\/semreserva\/abracorp-pede-solidariedade-a-avianca\/26-04-2019\/#breadcrumb\"},\"inLanguage\":\"pt-BR\",\"potentialAction\":[{\"@type\":\"ReadAction\",\"target\":[\"http:\/\/blog.panrotas.com.br\/semreserva\/abracorp-pede-solidariedade-a-avianca\/26-04-2019\/\"]}]},{\"@type\":\"BreadcrumbList\",\"@id\":\"http:\/\/blog.panrotas.com.br\/semreserva\/abracorp-pede-solidariedade-a-avianca\/26-04-2019\/#breadcrumb\",\"itemListElement\":[{\"@type\":\"ListItem\",\"position\":1,\"name\":\"Home do Blog\",\"item\":\"http:\/\/blog.panrotas.com.br\/semreserva\/\"},{\"@type\":\"ListItem\",\"position\":2,\"name\":\"Avia\\u00e7\\u00e3o\",\"item\":\"https:\/\/blog.panrotas.com.br\/semreserva\/category\/aviacao\/\"},{\"@type\":\"ListItem\",\"position\":3,\"name\":\"Abracorp pede solidariedade \\u00e0 avianca\"}]},{\"@type\":\"Article\",\"@id\":\"http:\/\/blog.panrotas.com.br\/semreserva\/abracorp-pede-solidariedade-a-avianca\/26-04-2019\/#article\",\"isPartOf\":{\"@id\":\"http:\/\/blog.panrotas.com.br\/semreserva\/abracorp-pede-solidariedade-a-avianca\/26-04-2019\/#webpage\"},\"author\":{\"@id\":\"http:\/\/blog.panrotas.com.br\/semreserva\/#\/schema\/person\/c93b4555f6a497d2d83c25dcb80f61ed\"},\"headline\":\"Abracorp pede solidariedade \\u00e0 avianca\",\"datePublished\":\"2019-04-26T23:00:14+00:00\",\"dateModified\":\"2020-06-02T18:25:45+00:00\",\"mainEntityOfPage\":{\"@id\":\"http:\/\/blog.panrotas.com.br\/semreserva\/abracorp-pede-solidariedade-a-avianca\/26-04-2019\/#webpage\"},\"wordCount\":52,\"commentCount\":0,\"publisher\":{\"@id\":\"http:\/\/blog.panrotas.com.br\/semreserva\/#organization\"},\"image\":{\"@id\":\"http:\/\/blog.panrotas.com.br\/semreserva\/abracorp-pede-solidariedade-a-avianca\/26-04-2019\/#primaryimage\"},\"thumbnailUrl\":\"https:\/\/blog.panrotas.com.br\/semreserva\/wp-content\/uploads\/sites\/5\/2019\/04\/avianca.jpg\",\"keywords\":[\"destaque\"],\"articleSection\":[\"Avia\\u00e7\\u00e3o\"],\"inLanguage\":\"pt-BR\",\"potentialAction\":[{\"@type\":\"CommentAction\",\"name\":\"Comment\",\"target\":[\"http:\/\/blog.panrotas.com.br\/semreserva\/abracorp-pede-solidariedade-a-avianca\/26-04-2019\/#respond\"]}]},{\"@type\":\"Person\",\"@id\":\"http:\/\/blog.panrotas.com.br\/semreserva\/#\/schema\/person\/c93b4555f6a497d2d83c25dcb80f61ed\",\"name\":\"Artur Andrade\",\"image\":{\"@type\":\"ImageObject\",\"@id\":\"http:\/\/blog.panrotas.com.br\/semreserva\/#personlogo\",\"inLanguage\":\"pt-BR\",\"url\":\"https:\/\/secure.gravatar.com\/avatar\/a94564d630220cefd5c82f3452ac1ef4?s=96&d=mm&r=g\",\"contentUrl\":\"https:\/\/secure.gravatar.com\/avatar\/a94564d630220cefd5c82f3452ac1ef4?s=96&d=mm&r=g\",\"caption\":\"Artur Andrade\"},\"description\":\"Artur Luiz Andrade \\u00e9 carioca, taurino, jornalista e nasceu em 1969. \\u00c9 editor-chefe da PANROTAS Editora e mora em S\\u00e3o Paulo desde 1998\",\"sameAs\":[\"http:\/\/www.panrotas.com.br\"]}]}<\/script>\n<!-- \/ Yoast SEO plugin. -->","yoast_head_json":{"title":"Abracorp pede solidariedade \u00e0 avianca - Avia\u00e7\u00e3o","description":"Abracorp pede solidariedade \u00e0 avianca. Confira essa Mat\u00e9ria no Canal Sem reserva. \u27a4 Projeto em parceria com a PANROTAS.","robots":{"index":"index","follow":"follow","max-snippet":"max-snippet:-1","max-image-preview":"max-image-preview:large","max-video-preview":"max-video-preview:-1"},"canonical":"http:\/\/blog.panrotas.com.br\/semreserva\/abracorp-pede-solidariedade-a-avianca\/26-04-2019\/","og_locale":"pt_BR","og_type":"article","og_title":"Abracorp pede solidariedade \u00e0 avianca - Avia\u00e7\u00e3o","og_description":"Abracorp pede solidariedade \u00e0 avianca. Confira essa Mat\u00e9ria no Canal Sem reserva. \u27a4 Projeto em parceria com a PANROTAS.","og_url":"http:\/\/blog.panrotas.com.br\/semreserva\/abracorp-pede-solidariedade-a-avianca\/26-04-2019\/","og_site_name":"Sem reserva","article_publisher":"https:\/\/www.facebook.com\/portalpanrotas\/","article_published_time":"2019-04-26T23:00:14+00:00","article_modified_time":"2020-06-02T18:25:45+00:00","og_image":[{"width":1920,"height":1280,"url":"http:\/\/blog.panrotas.com.br\/semreserva\/wp-content\/uploads\/sites\/5\/2019\/04\/avianca.jpg","type":"image\/jpeg"}],"twitter_card":"summary_large_image","twitter_creator":"@portalpanrotas","twitter_site":"@portalpanrotas","twitter_misc":{"Escrito por":"Artur Andrade"},"schema":{"@context":"https:\/\/schema.org","@graph":[{"@type":"Organization","@id":"http:\/\/blog.panrotas.com.br\/semreserva\/#organization","name":"Sem Reserva - Blog no Portal PANROTAS","url":"http:\/\/blog.panrotas.com.br\/semreserva\/","sameAs":["https:\/\/www.facebook.com\/portalpanrotas\/","https:\/\/www.instagram.com\/portalpanrotas\/","https:\/\/br.linkedin.com\/company\/panrotas","https:\/\/www.youtube.com\/tvpanrotas","https:\/\/twitter.com\/portalpanrotas"],"logo":{"@type":"ImageObject","@id":"http:\/\/blog.panrotas.com.br\/semreserva\/#logo","inLanguage":"pt-BR","url":"https:\/\/blog.panrotas.com.br\/semreserva\/wp-content\/uploads\/sites\/5\/2020\/06\/logo.png","contentUrl":"https:\/\/blog.panrotas.com.br\/semreserva\/wp-content\/uploads\/sites\/5\/2020\/06\/logo.png","width":259,"height":53,"caption":"Sem Reserva - Blog no Portal PANROTAS"},"image":{"@id":"http:\/\/blog.panrotas.com.br\/semreserva\/#logo"}},{"@type":"WebSite","@id":"http:\/\/blog.panrotas.com.br\/semreserva\/#website","url":"http:\/\/blog.panrotas.com.br\/semreserva\/","name":"Sem reserva","description":"Blogosfera PANROTAS","publisher":{"@id":"http:\/\/blog.panrotas.com.br\/semreserva\/#organization"},"potentialAction":[{"@type":"SearchAction","target":{"@type":"EntryPoint","urlTemplate":"http:\/\/blog.panrotas.com.br\/semreserva\/?s={search_term_string}"},"query-input":"required name=search_term_string"}],"inLanguage":"pt-BR"},{"@type":"ImageObject","@id":"http:\/\/blog.panrotas.com.br\/semreserva\/abracorp-pede-solidariedade-a-avianca\/26-04-2019\/#primaryimage","inLanguage":"pt-BR","url":"https:\/\/blog.panrotas.com.br\/semreserva\/wp-content\/uploads\/sites\/5\/2019\/04\/avianca.jpg","contentUrl":"https:\/\/blog.panrotas.com.br\/semreserva\/wp-content\/uploads\/sites\/5\/2019\/04\/avianca.jpg","width":1920,"height":1280,"caption":"Avianca Abracorp"},{"@type":"WebPage","@id":"http:\/\/blog.panrotas.com.br\/semreserva\/abracorp-pede-solidariedade-a-avianca\/26-04-2019\/#webpage","url":"http:\/\/blog.panrotas.com.br\/semreserva\/abracorp-pede-solidariedade-a-avianca\/26-04-2019\/","name":"Abracorp pede solidariedade \u00e0 avianca - Avia\u00e7\u00e3o","isPartOf":{"@id":"http:\/\/blog.panrotas.com.br\/semreserva\/#website"},"primaryImageOfPage":{"@id":"http:\/\/blog.panrotas.com.br\/semreserva\/abracorp-pede-solidariedade-a-avianca\/26-04-2019\/#primaryimage"},"datePublished":"2019-04-26T23:00:14+00:00","dateModified":"2020-06-02T18:25:45+00:00","description":"Abracorp pede solidariedade \u00e0 avianca. Confira essa Mat\u00e9ria no Canal Sem reserva. \u27a4 Projeto em parceria com a PANROTAS.","breadcrumb":{"@id":"http:\/\/blog.panrotas.com.br\/semreserva\/abracorp-pede-solidariedade-a-avianca\/26-04-2019\/#breadcrumb"},"inLanguage":"pt-BR","potentialAction":[{"@type":"ReadAction","target":["http:\/\/blog.panrotas.com.br\/semreserva\/abracorp-pede-solidariedade-a-avianca\/26-04-2019\/"]}]},{"@type":"BreadcrumbList","@id":"http:\/\/blog.panrotas.com.br\/semreserva\/abracorp-pede-solidariedade-a-avianca\/26-04-2019\/#breadcrumb","itemListElement":[{"@type":"ListItem","position":1,"name":"Home do Blog","item":"http:\/\/blog.panrotas.com.br\/semreserva\/"},{"@type":"ListItem","position":2,"name":"Avia\u00e7\u00e3o","item":"https:\/\/blog.panrotas.com.br\/semreserva\/category\/aviacao\/"},{"@type":"ListItem","position":3,"name":"Abracorp pede solidariedade \u00e0 avianca"}]},{"@type":"Article","@id":"http:\/\/blog.panrotas.com.br\/semreserva\/abracorp-pede-solidariedade-a-avianca\/26-04-2019\/#article","isPartOf":{"@id":"http:\/\/blog.panrotas.com.br\/semreserva\/abracorp-pede-solidariedade-a-avianca\/26-04-2019\/#webpage"},"author":{"@id":"http:\/\/blog.panrotas.com.br\/semreserva\/#\/schema\/person\/c93b4555f6a497d2d83c25dcb80f61ed"},"headline":"Abracorp pede solidariedade \u00e0 avianca","datePublished":"2019-04-26T23:00:14+00:00","dateModified":"2020-06-02T18:25:45+00:00","mainEntityOfPage":{"@id":"http:\/\/blog.panrotas.com.br\/semreserva\/abracorp-pede-solidariedade-a-avianca\/26-04-2019\/#webpage"},"wordCount":52,"commentCount":0,"publisher":{"@id":"http:\/\/blog.panrotas.com.br\/semreserva\/#organization"},"image":{"@id":"http:\/\/blog.panrotas.com.br\/semreserva\/abracorp-pede-solidariedade-a-avianca\/26-04-2019\/#primaryimage"},"thumbnailUrl":"https:\/\/blog.panrotas.com.br\/semreserva\/wp-content\/uploads\/sites\/5\/2019\/04\/avianca.jpg","keywords":["destaque"],"articleSection":["Avia\u00e7\u00e3o"],"inLanguage":"pt-BR","potentialAction":[{"@type":"CommentAction","name":"Comment","target":["http:\/\/blog.panrotas.com.br\/semreserva\/abracorp-pede-solidariedade-a-avianca\/26-04-2019\/#respond"]}]},{"@type":"Person","@id":"http:\/\/blog.panrotas.com.br\/semreserva\/#\/schema\/person\/c93b4555f6a497d2d83c25dcb80f61ed","name":"Artur Andrade","image":{"@type":"ImageObject","@id":"http:\/\/blog.panrotas.com.br\/semreserva\/#personlogo","inLanguage":"pt-BR","url":"https:\/\/secure.gravatar.com\/avatar\/a94564d630220cefd5c82f3452ac1ef4?s=96&d=mm&r=g","contentUrl":"https:\/\/secure.gravatar.com\/avatar\/a94564d630220cefd5c82f3452ac1ef4?s=96&d=mm&r=g","caption":"Artur Andrade"},"description":"Artur Luiz Andrade \u00e9 carioca, taurino, jornalista e nasceu em 1969. \u00c9 editor-chefe da PANROTAS Editora e mora em S\u00e3o Paulo desde 1998","sameAs":["http:\/\/www.panrotas.com.br"]}]}},"jetpack_featured_media_url":"https:\/\/blog.panrotas.com.br\/semreserva\/wp-content\/uploads\/sites\/5\/2019\/04\/avianca.jpg","jetpack_shortlink":"https:\/\/wp.me\/p7idIU-1gb","_links":{"self":[{"href":"https:\/\/blog.panrotas.com.br\/semreserva\/wp-json\/wp\/v2\/posts\/4847"}],"collection":[{"href":"https:\/\/blog.panrotas.com.br\/semreserva\/wp-json\/wp\/v2\/posts"}],"about":[{"href":"https:\/\/blog.panrotas.com.br\/semreserva\/wp-json\/wp\/v2\/types\/post"}],"author":[{"embeddable":true,"href":"https:\/\/blog.panrotas.com.br\/semreserva\/wp-json\/wp\/v2\/users\/7"}],"replies":[{"embeddable":true,"href":"https:\/\/blog.panrotas.com.br\/semreserva\/wp-json\/wp\/v2\/comments?post=4847"}],"version-history":[{"count":1,"href":"https:\/\/blog.panrotas.com.br\/semreserva\/wp-json\/wp\/v2\/posts\/4847\/revisions"}],"predecessor-version":[{"id":4935,"href":"https:\/\/blog.panrotas.com.br\/semreserva\/wp-json\/wp\/v2\/posts\/4847\/revisions\/4935"}],"wp:featuredmedia":[{"embeddable":true,"href":"https:\/\/blog.panrotas.com.br\/semreserva\/wp-json\/wp\/v2\/media\/4934"}],"wp:attachment":[{"href":"https:\/\/blog.panrotas.com.br\/semreserva\/wp-json\/wp\/v2\/media?parent=4847"}],"wp:term":[{"taxonomy":"category","embeddable":true,"href":"https:\/\/blog.panrotas.com.br\/semreserva\/wp-json\/wp\/v2\/categories?post=4847"},{"taxonomy":"post_tag","embeddable":true,"href":"https:\/\/blog.panrotas.com.br\/semreserva\/wp-json\/wp\/v2\/tags?post=4847"}],"curies":[{"name":"wp","href":"https:\/\/api.w.org\/{rel}","templated":true}]}}