{"id":1037,"date":"2023-07-21T13:14:08","date_gmt":"2023-07-21T16:14:08","guid":{"rendered":"https:\/\/blog.panrotas.com.br\/viagem-e-estilo\/?p=1037"},"modified":"2023-07-21T13:14:11","modified_gmt":"2023-07-21T16:14:11","slug":"baja-california-sur-paradero","status":"publish","type":"post","link":"https:\/\/blog.panrotas.com.br\/viagem-e-estilo\/2023\/07\/21\/baja-california-sur-paradero\/","title":{"rendered":"Um retiro de corpo e alma na sofisticada Baja Calif\u00f3rnia Sur"},"content":{"rendered":"\n<p>O Caribe \u00e9 o destino de praia mais popular do M\u00e9xico, e atrai turistas de todo o mundo, especialmente os americanos. Do lado oposto do pa\u00eds, h\u00e1 um destino de praia bem mais exclusivo. O turista dos EUA \u00e9 o visitante mais frequente tamb\u00e9m, mas aquele que est\u00e1 \u00e0 procura de experi\u00eancias mais sofisticadas. Trata-se da Baja Calif\u00f3rnia Sur.<\/p>\n\n\n\n<p><strong>No Instagram: <a href=\"https:\/\/www.instagram.com\/rafaelatborges\/\">@rafaelatborges<\/a><\/strong><\/p>\n\n\n\n<p>Coberta pelo Pac\u00edfico e pelo Golfo da Calif\u00f3rnia, repleta de belas praias e desertos, a regi\u00e3o \u00e9 um hotspot mexicano. Nos \u00faltimos anos, seu mercado imobili\u00e1rio vem passando por expans\u00e3o, impulsionada por californianos endinheirados \u00e0 procura de um destino longe do turismo de massa.<\/p>\n\n\n\n<p>As impressionantes casas de veraneio ao estilo Malibu e Calabasas (nas imedia\u00e7\u00f5es de Los Angeles) v\u00eam ganhando destaque no cen\u00e1rio da Baja Calif\u00f3rnia Sur. A regi\u00e3o, no entanto, oferece tamb\u00e9m op\u00e7\u00f5es sofisticadas para quem ainda n\u00e3o tem uma propriedade para chamar de sua.<\/p>\n\n\n\n<div class=\"wp-block-image\"><figure class=\"aligncenter size-large is-resized\"><img loading=\"lazy\" src=\"https:\/\/blog.panrotas.com.br\/viagem-e-estilo\/wp-content\/uploads\/sites\/33\/2023\/07\/deserto-1024x866.jpg\" alt=\"\" class=\"wp-image-1039\" width=\"814\" height=\"688\" srcset=\"https:\/\/blog.panrotas.com.br\/viagem-e-estilo\/wp-content\/uploads\/sites\/33\/2023\/07\/deserto-1024x866.jpg 1024w, https:\/\/blog.panrotas.com.br\/viagem-e-estilo\/wp-content\/uploads\/sites\/33\/2023\/07\/deserto-300x254.jpg 300w, https:\/\/blog.panrotas.com.br\/viagem-e-estilo\/wp-content\/uploads\/sites\/33\/2023\/07\/deserto-768x649.jpg 768w, https:\/\/blog.panrotas.com.br\/viagem-e-estilo\/wp-content\/uploads\/sites\/33\/2023\/07\/deserto-1536x1299.jpg 1536w, https:\/\/blog.panrotas.com.br\/viagem-e-estilo\/wp-content\/uploads\/sites\/33\/2023\/07\/deserto-2048x1732.jpg 2048w, https:\/\/blog.panrotas.com.br\/viagem-e-estilo\/wp-content\/uploads\/sites\/33\/2023\/07\/deserto-740x626.jpg 740w\" sizes=\"(max-width: 814px) 100vw, 814px\" \/><\/figure><\/div>\n\n\n\n<p>Uma delas est\u00e1 na pequena vila Todos Santos, a cerca de uma hora e meia dos dois aeroportos que servem a regi\u00e3o (La Paz, a capital, e Los Cabos). Trata-se do hotel Paradero Todos Santos, constru\u00eddo no deserto e com di\u00e1rias a partir de R$ 3,5 mil (valor sem taxas).<\/p>\n\n\n\n<p><strong>Veja tamb\u00e9m<\/strong><\/p>\n\n\n\n<ul><li><a href=\"https:\/\/blog.panrotas.com.br\/viagem-e-estilo\/2023\/04\/13\/aventoriba-lodge-e-gampling-cheio-de-charme-no-coracao-da-mantiqueira\/\">Um glamping no cora\u00e7\u00e3o da Mantiqueira<\/a><\/li><li><a href=\"https:\/\/blog.panrotas.com.br\/viagem-e-estilo\/2023\/02\/07\/classe-executiva-american-airlines\/\">Como \u00e9 voar na classe executiva da American Airlines<\/a><\/li><\/ul>\n\n\n\n<h4>Retiro no deserto da Baja Calif\u00f3rnia Sur<\/h4>\n\n\n\n<p>O conceito do Paradero Todos Santos \u00e9 de retiro do corpo e alma. Para quem est\u00e1 acostumado a hot\u00e9is e resorts de luxo cheios de amenidades, o local pode causar certo estranhamento logo de cara, com seu conceito r\u00fastico chique.<\/p>\n\n\n\n<p>Localizado no deserto da Baja Calif\u00f3rnia Sur, tem design impressionante, com amplo uso de madeira e cimento. A ideia \u00e9 que tudo no Paradero Todos Santos remeta a um santu\u00e1rio. Spa e academia (n\u00e3o h\u00e1 aparelhos eletr\u00f4nicos, apenas aqueles que auxiliam a usar o pr\u00f3prio corpo no exerc\u00edcio) est\u00e3o instalados em tendas.<\/p>\n\n\n\n<div class=\"wp-block-image\"><figure class=\"aligncenter size-large is-resized\"><img loading=\"lazy\" src=\"https:\/\/blog.panrotas.com.br\/viagem-e-estilo\/wp-content\/uploads\/sites\/33\/2023\/07\/piscina-2-1024x768.jpg\" alt=\"\" class=\"wp-image-1040\" width=\"829\" height=\"622\" srcset=\"https:\/\/blog.panrotas.com.br\/viagem-e-estilo\/wp-content\/uploads\/sites\/33\/2023\/07\/piscina-2-1024x768.jpg 1024w, https:\/\/blog.panrotas.com.br\/viagem-e-estilo\/wp-content\/uploads\/sites\/33\/2023\/07\/piscina-2-300x225.jpg 300w, https:\/\/blog.panrotas.com.br\/viagem-e-estilo\/wp-content\/uploads\/sites\/33\/2023\/07\/piscina-2-768x576.jpg 768w, https:\/\/blog.panrotas.com.br\/viagem-e-estilo\/wp-content\/uploads\/sites\/33\/2023\/07\/piscina-2-740x555.jpg 740w, https:\/\/blog.panrotas.com.br\/viagem-e-estilo\/wp-content\/uploads\/sites\/33\/2023\/07\/piscina-2.jpg 1500w\" sizes=\"(max-width: 829px) 100vw, 829px\" \/><\/figure><\/div>\n\n\n\n<p>Diariamente, h\u00e1 atividades como ioga, medita\u00e7\u00e3o, caminhadas na praia (Palm Beach, a 200 metros do hotel) e passeio de catamar\u00e3 (em grupo ou exclusivos). O conceito de alimenta\u00e7\u00e3o e bebidas investe em ingredientes saud\u00e1veis. Os p\u00e3es, por exemplo, s\u00e3o de fermenta\u00e7\u00e3o natural.<\/p>\n\n\n\n<p>Os refrigerantes, por sua vez, n\u00e3o est\u00e3o dispon\u00edveis no hotel &#8211; que os substitui por sucos naturais combinados a \u00e1gua com g\u00e1s. Bebidas alc\u00f3olicas, no entanto, est\u00e3o dispon\u00edveis, com direito a drinks autorais e criativos e uma bela carta de vinhos.<\/p>\n\n\n\n<h4>Experi\u00eancias<\/h4>\n\n\n\n<p>A restri\u00e7\u00e3o a alimentos n\u00e3o saud\u00e1veis n\u00e3o torna a gastronomia um problema. Pelo contr\u00e1rio: os pratos s\u00e3o saborosos e criativos, uma perfeita interpreta\u00e7\u00e3o de um prazeroso detox. O caf\u00e9 da manh\u00e3 \u00e9 outra experi\u00eancia impressionante.<\/p>\n\n\n\n<div class=\"wp-block-image\"><figure class=\"aligncenter size-large is-resized\"><img loading=\"lazy\" src=\"https:\/\/blog.panrotas.com.br\/viagem-e-estilo\/wp-content\/uploads\/sites\/33\/2023\/07\/paradero-todos-santos-768x1024.jpg\" alt=\"\" class=\"wp-image-1041\" width=\"441\" height=\"588\" srcset=\"https:\/\/blog.panrotas.com.br\/viagem-e-estilo\/wp-content\/uploads\/sites\/33\/2023\/07\/paradero-todos-santos-768x1024.jpg 768w, https:\/\/blog.panrotas.com.br\/viagem-e-estilo\/wp-content\/uploads\/sites\/33\/2023\/07\/paradero-todos-santos-225x300.jpg 225w, https:\/\/blog.panrotas.com.br\/viagem-e-estilo\/wp-content\/uploads\/sites\/33\/2023\/07\/paradero-todos-santos-740x987.jpg 740w, https:\/\/blog.panrotas.com.br\/viagem-e-estilo\/wp-content\/uploads\/sites\/33\/2023\/07\/paradero-todos-santos-rotated.jpg 1125w\" sizes=\"(max-width: 441px) 100vw, 441px\" \/><\/figure><\/div>\n\n\n\n<p>A la carte, tem algumas op\u00e7\u00f5es e sugest\u00f5es. Por\u00e9m, o fato \u00e9 que a cozinha \u00e9 capaz de preparar, de maneira criativa, qualquer especialidade de caf\u00e9 da manh\u00e3 que o cliente deseje, combinando ingredientes como p\u00e3es, ovos, legumes e vegetais e queijos, por exemplo.<\/p>\n\n\n\n<p>As amplas su\u00edtes impressionam, mas tamb\u00e9m causam estranheza em um primeiro momento (leia mais abaixo). Nelas, menos \u00e9 mais. A piscina de borda infinita \u00e9 climatizada e tem uma linda vista para o deserto e montanhas, al\u00e9m de uma segunda parte, aquecida.<\/p>\n\n\n\n<div class=\"wp-block-image\"><figure class=\"aligncenter size-large is-resized\"><img loading=\"lazy\" src=\"https:\/\/blog.panrotas.com.br\/viagem-e-estilo\/wp-content\/uploads\/sites\/33\/2023\/07\/piscina-1024x721.jpg\" alt=\"\" class=\"wp-image-1042\" width=\"806\" height=\"568\" srcset=\"https:\/\/blog.panrotas.com.br\/viagem-e-estilo\/wp-content\/uploads\/sites\/33\/2023\/07\/piscina-1024x721.jpg 1024w, https:\/\/blog.panrotas.com.br\/viagem-e-estilo\/wp-content\/uploads\/sites\/33\/2023\/07\/piscina-300x211.jpg 300w, https:\/\/blog.panrotas.com.br\/viagem-e-estilo\/wp-content\/uploads\/sites\/33\/2023\/07\/piscina-768x541.jpg 768w, https:\/\/blog.panrotas.com.br\/viagem-e-estilo\/wp-content\/uploads\/sites\/33\/2023\/07\/piscina-1536x1082.jpg 1536w, https:\/\/blog.panrotas.com.br\/viagem-e-estilo\/wp-content\/uploads\/sites\/33\/2023\/07\/piscina-2048x1442.jpg 2048w, https:\/\/blog.panrotas.com.br\/viagem-e-estilo\/wp-content\/uploads\/sites\/33\/2023\/07\/piscina-740x521.jpg 740w\" sizes=\"(max-width: 806px) 100vw, 806px\" \/><\/figure><\/div>\n\n\n\n<p>Ao final de 24 horas os h\u00f3spedes j\u00e1 come\u00e7am a se sentir revigorados. A combina\u00e7\u00e3o de atividades revigorantes, contato com a natureza e a alimenta\u00e7\u00e3o saud\u00e1vel geram, de fato, um detox de corpo e alma e uma extrema sensa\u00e7\u00e3o de paz.<\/p>\n\n\n\n<h4>Su\u00edtes<\/h4>\n\n\n\n<p>O Paradero Todos Santos tem 30 su\u00edtes, divididas entre garden (jardim) e mountain (montanha). As do primeiro grupo, t\u00e9rreas, t\u00eam 60 metros quadrados. H\u00e1 op\u00e7\u00e3o com ou sem ofur\u00f4 na varanda.<\/p>\n\n\n\n<div class=\"wp-block-image\"><figure class=\"aligncenter size-large is-resized\"><img loading=\"lazy\" src=\"https:\/\/blog.panrotas.com.br\/viagem-e-estilo\/wp-content\/uploads\/sites\/33\/2023\/07\/varanda-1024x768.jpg\" alt=\"\" class=\"wp-image-1043\" width=\"790\" height=\"593\" srcset=\"https:\/\/blog.panrotas.com.br\/viagem-e-estilo\/wp-content\/uploads\/sites\/33\/2023\/07\/varanda-1024x768.jpg 1024w, https:\/\/blog.panrotas.com.br\/viagem-e-estilo\/wp-content\/uploads\/sites\/33\/2023\/07\/varanda-300x225.jpg 300w, https:\/\/blog.panrotas.com.br\/viagem-e-estilo\/wp-content\/uploads\/sites\/33\/2023\/07\/varanda-768x576.jpg 768w, https:\/\/blog.panrotas.com.br\/viagem-e-estilo\/wp-content\/uploads\/sites\/33\/2023\/07\/varanda-740x555.jpg 740w, https:\/\/blog.panrotas.com.br\/viagem-e-estilo\/wp-content\/uploads\/sites\/33\/2023\/07\/varanda.jpg 1500w\" sizes=\"(max-width: 790px) 100vw, 790px\" \/><\/figure><\/div>\n\n\n\n<p>A minha hospedagem foi na categoria mountain, de 72 metros quadrados e tr\u00eas n\u00edveis. No primeiro est\u00e1 apenas a entrada. O segundo come\u00e7a com uma varanda com vista para os cactus. Do lado direito est\u00e1 o quarto e do esquerdo, o banheiro.<\/p>\n\n\n\n<p>Sim, \u00e9 preciso atravessar a varanda ao ar livre para ir de um a outro, e no deserto, as temperaturas s\u00e3o muito baixas \u00e0 noite. Roup\u00f5es quentinhos, no entanto, est\u00e3o nos quartos, para resolver esse problema.<\/p>\n\n\n\n<p>E por falar em quartos, n\u00e3o h\u00e1 TV, nem minibar, nem telefone. O contato para solicita\u00e7\u00e3o de servi\u00e7os \u00e9 feito via WhatsApp, acessado por um QR code entregue junto com a chave, no check-in. Mas h\u00e1 uma deliciosa cama king size, travesseiros e plumas e enxoval de alt\u00edssima qualidade.<\/p>\n\n\n\n<div class=\"wp-block-image\"><figure class=\"aligncenter size-large is-resized\"><img loading=\"lazy\" src=\"https:\/\/blog.panrotas.com.br\/viagem-e-estilo\/wp-content\/uploads\/sites\/33\/2023\/07\/quarto-paradero-1024x768.jpg\" alt=\"\" class=\"wp-image-1044\" width=\"751\" height=\"563\" srcset=\"https:\/\/blog.panrotas.com.br\/viagem-e-estilo\/wp-content\/uploads\/sites\/33\/2023\/07\/quarto-paradero-1024x768.jpg 1024w, https:\/\/blog.panrotas.com.br\/viagem-e-estilo\/wp-content\/uploads\/sites\/33\/2023\/07\/quarto-paradero-300x225.jpg 300w, https:\/\/blog.panrotas.com.br\/viagem-e-estilo\/wp-content\/uploads\/sites\/33\/2023\/07\/quarto-paradero-768x576.jpg 768w, https:\/\/blog.panrotas.com.br\/viagem-e-estilo\/wp-content\/uploads\/sites\/33\/2023\/07\/quarto-paradero-740x555.jpg 740w, https:\/\/blog.panrotas.com.br\/viagem-e-estilo\/wp-content\/uploads\/sites\/33\/2023\/07\/quarto-paradero.jpg 1500w\" sizes=\"(max-width: 751px) 100vw, 751px\" \/><\/figure><\/div>\n\n\n\n<p>No quarto, al\u00e9m da cama, h\u00e1 balc\u00f5es, tapete de ioga, gavetas, espelho e vistas panor\u00e2micas para o deserto.<\/p>\n\n\n\n<p>O banheiro, r\u00fastico, tem poucas amenidades, como xampu, sabonete l\u00edquido e secador. O box tem parede de vidro, para que o h\u00f3spede possa tomar banho observando a paisagem do deserto e montanhas.<\/p>\n\n\n\n<div class=\"wp-block-image\"><figure class=\"aligncenter size-large is-resized\"><img loading=\"lazy\" src=\"https:\/\/blog.panrotas.com.br\/viagem-e-estilo\/wp-content\/uploads\/sites\/33\/2023\/07\/banheiro-1-1024x768.jpg\" alt=\"\" class=\"wp-image-1045\" width=\"688\" height=\"516\" srcset=\"https:\/\/blog.panrotas.com.br\/viagem-e-estilo\/wp-content\/uploads\/sites\/33\/2023\/07\/banheiro-1-1024x768.jpg 1024w, https:\/\/blog.panrotas.com.br\/viagem-e-estilo\/wp-content\/uploads\/sites\/33\/2023\/07\/banheiro-1-300x225.jpg 300w, https:\/\/blog.panrotas.com.br\/viagem-e-estilo\/wp-content\/uploads\/sites\/33\/2023\/07\/banheiro-1-768x576.jpg 768w, https:\/\/blog.panrotas.com.br\/viagem-e-estilo\/wp-content\/uploads\/sites\/33\/2023\/07\/banheiro-1-740x555.jpg 740w, https:\/\/blog.panrotas.com.br\/viagem-e-estilo\/wp-content\/uploads\/sites\/33\/2023\/07\/banheiro-1.jpg 1500w\" sizes=\"(max-width: 688px) 100vw, 688px\" \/><\/figure><\/div>\n\n\n\n<p>O terceiro andar \u00e9 um terra\u00e7o com cadeiras de sol e uma rede para observa\u00e7\u00e3o de estrelas. Na regi\u00e3o des\u00e9rtica, elas t\u00eam um brilho impressionante, \u00e9 apreci\u00e1-las antes de dormir (de prefer\u00eancia, muito bem agasalhado) \u00e9 uma atra\u00e7\u00e3o \u00e0 parte.<\/p>\n\n\n\n<h4>Highlights sobre a Baja Calif\u00f3rnia Sur<\/h4>\n\n\n\n<p>Minha visita \u00e0 Baja Calif\u00f3rnia Sur foi no in\u00edcio de junho, primavera nessa regi\u00e3o do mundo. As manh\u00e3s e noites s\u00e3o geladas. J\u00e1 os dias s\u00e3o quentes, com temperaturas que podem ultrapassar facilmente os 30 graus.<\/p>\n\n\n\n<div class=\"wp-block-image\"><figure class=\"aligncenter size-large is-resized\"><img loading=\"lazy\" src=\"https:\/\/blog.panrotas.com.br\/viagem-e-estilo\/wp-content\/uploads\/sites\/33\/2023\/07\/banheiro-2-768x1024.jpg\" alt=\"\" class=\"wp-image-1046\" width=\"482\" height=\"643\" srcset=\"https:\/\/blog.panrotas.com.br\/viagem-e-estilo\/wp-content\/uploads\/sites\/33\/2023\/07\/banheiro-2-768x1024.jpg 768w, https:\/\/blog.panrotas.com.br\/viagem-e-estilo\/wp-content\/uploads\/sites\/33\/2023\/07\/banheiro-2-225x300.jpg 225w, https:\/\/blog.panrotas.com.br\/viagem-e-estilo\/wp-content\/uploads\/sites\/33\/2023\/07\/banheiro-2-740x987.jpg 740w\" sizes=\"(max-width: 482px) 100vw, 482px\" \/><\/figure><\/div>\n\n\n\n<p>A aproxima\u00e7\u00e3o \u00e0 Baja Calif\u00f3rnia Sur por La Paz \u00e9 um espet\u00e1culo \u00e0 parte, com uma linda vista para o Golfo da Calif\u00f3rnia. Por l\u00e1, se observa diversas marinas com barcos impressionantes. Impressionantes tamb\u00e9m s\u00e3o as suntuosas aeronaves particulares no p\u00e1tio do aeroporto.<\/p>\n\n\n\n<div class=\"wp-block-image\"><figure class=\"aligncenter size-large is-resized\"><img loading=\"lazy\" src=\"https:\/\/blog.panrotas.com.br\/viagem-e-estilo\/wp-content\/uploads\/sites\/33\/2023\/07\/paradero-arquitetura-1024x844.jpg\" alt=\"\" class=\"wp-image-1047\" width=\"613\" height=\"505\" srcset=\"https:\/\/blog.panrotas.com.br\/viagem-e-estilo\/wp-content\/uploads\/sites\/33\/2023\/07\/paradero-arquitetura-1024x844.jpg 1024w, https:\/\/blog.panrotas.com.br\/viagem-e-estilo\/wp-content\/uploads\/sites\/33\/2023\/07\/paradero-arquitetura-300x247.jpg 300w, https:\/\/blog.panrotas.com.br\/viagem-e-estilo\/wp-content\/uploads\/sites\/33\/2023\/07\/paradero-arquitetura-768x633.jpg 768w, https:\/\/blog.panrotas.com.br\/viagem-e-estilo\/wp-content\/uploads\/sites\/33\/2023\/07\/paradero-arquitetura-1536x1267.jpg 1536w, https:\/\/blog.panrotas.com.br\/viagem-e-estilo\/wp-content\/uploads\/sites\/33\/2023\/07\/paradero-arquitetura-2048x1689.jpg 2048w, https:\/\/blog.panrotas.com.br\/viagem-e-estilo\/wp-content\/uploads\/sites\/33\/2023\/07\/paradero-arquitetura-740x610.jpg 740w\" sizes=\"(max-width: 613px) 100vw, 613px\" \/><\/figure><\/div>\n\n\n\n<p>A Baja Calif\u00f3rnia Sur tem a praia que \u00e9 considerada a mais bonita do M\u00e9xico, Balandra, no golfo. Fica pr\u00f3xima a La Paz. Por l\u00e1, foi inventada uma das bebidas mais tradicionais do pa\u00eds, a margarita.<\/p>\n\n\n\n<p>A Aerom\u00e9xico e todas as companhias americanas t\u00eam voos para La Paz ou Los Cabos, com conex\u00f5es em Cidade do M\u00e9xico ou outros diversos destinos dos EUA. Eu voei com a American Airlines. Na ida, fiz conex\u00e3o em Miami. Na volta, em Dallas.<\/p>\n\n\n\n<div class=\"wp-block-image\"><figure class=\"aligncenter size-large is-resized\"><img loading=\"lazy\" src=\"https:\/\/blog.panrotas.com.br\/viagem-e-estilo\/wp-content\/uploads\/sites\/33\/2023\/07\/baja-la-paz-1024x868.jpg\" alt=\"\" class=\"wp-image-1048\" width=\"613\" height=\"520\" srcset=\"https:\/\/blog.panrotas.com.br\/viagem-e-estilo\/wp-content\/uploads\/sites\/33\/2023\/07\/baja-la-paz-1024x868.jpg 1024w, https:\/\/blog.panrotas.com.br\/viagem-e-estilo\/wp-content\/uploads\/sites\/33\/2023\/07\/baja-la-paz-300x254.jpg 300w, https:\/\/blog.panrotas.com.br\/viagem-e-estilo\/wp-content\/uploads\/sites\/33\/2023\/07\/baja-la-paz-768x651.jpg 768w, https:\/\/blog.panrotas.com.br\/viagem-e-estilo\/wp-content\/uploads\/sites\/33\/2023\/07\/baja-la-paz-1536x1303.jpg 1536w, https:\/\/blog.panrotas.com.br\/viagem-e-estilo\/wp-content\/uploads\/sites\/33\/2023\/07\/baja-la-paz-2048x1737.jpg 2048w, https:\/\/blog.panrotas.com.br\/viagem-e-estilo\/wp-content\/uploads\/sites\/33\/2023\/07\/baja-la-paz-740x628.jpg 740w\" sizes=\"(max-width: 613px) 100vw, 613px\" \/><\/figure><\/div>\n\n\n\n<p>Apesar de as di\u00e1rias no Paradero Todos Santos partirem de R$ 3,5 mil, h\u00e1 algumas promo\u00e7\u00f5es em sites de viagem. No booking.com, por exemplo, h\u00e1 descontos que reduzem o valor inicial para cerca de R$ 2,5 mil no pr\u00f3prio m\u00eas de junho. O caf\u00e9 da manh\u00e3 \u00e9 inclu\u00eddo.<\/p>\n","protected":false},"excerpt":{"rendered":"<p>O Caribe \u00e9 o destino de praia mais popular do M\u00e9xico, e atrai turistas de todo o mundo, especialmente os americanos. Do lado oposto do pa\u00eds, h\u00e1 um destino de praia bem mais exclusivo. O turista dos EUA \u00e9 o visitante mais frequente tamb\u00e9m, mas aquele que est\u00e1 \u00e0 procura de experi\u00eancias mais sofisticadas. Trata-se&hellip; <a class=\"more-link\" href=\"https:\/\/blog.panrotas.com.br\/viagem-e-estilo\/2023\/07\/21\/baja-california-sur-paradero\/\">Continue reading &rarr;<\/a><\/p>\n","protected":false},"author":36,"featured_media":1038,"comment_status":"open","ping_status":"open","sticky":false,"template":"","format":"standard","meta":{"spay_email":""},"categories":[13,22],"tags":[181,183,182],"yoast_head":"<!-- This site is optimized with the Yoast SEO plugin v17.3 - https:\/\/yoast.com\/wordpress\/plugins\/seo\/ -->\n<title>Um retiro de corpo e alma na sofisticada Baja Calif\u00f3rnia Sur - Viagem e Estilo<\/title>\n<meta name=\"description\" content=\"O turista dos EUA \u00e0 procura de experi\u00eancias sofisticadas \u00e9 o visitante mais frequente da Baja Calif\u00f3rnia Sur, no M\u00e9xico\" \/>\n<meta name=\"robots\" content=\"index, follow, max-snippet:-1, max-image-preview:large, max-video-preview:-1\" \/>\n<link rel=\"canonical\" href=\"https:\/\/blog.panrotas.com.br\/viagem-e-estilo\/2023\/07\/21\/baja-california-sur-paradero\/\" \/>\n<meta property=\"og:locale\" content=\"pt_BR\" \/>\n<meta property=\"og:type\" content=\"article\" \/>\n<meta property=\"og:title\" content=\"Um retiro de corpo e alma na sofisticada Baja Calif\u00f3rnia Sur - Viagem e Estilo\" \/>\n<meta property=\"og:description\" content=\"O turista dos EUA \u00e0 procura de experi\u00eancias sofisticadas \u00e9 o visitante mais frequente da Baja Calif\u00f3rnia Sur, no M\u00e9xico\" \/>\n<meta property=\"og:url\" content=\"https:\/\/blog.panrotas.com.br\/viagem-e-estilo\/2023\/07\/21\/baja-california-sur-paradero\/\" \/>\n<meta property=\"og:site_name\" content=\"Viagem e Estilo\" \/>\n<meta property=\"article:published_time\" content=\"2023-07-21T16:14:08+00:00\" \/>\n<meta property=\"article:modified_time\" content=\"2023-07-21T16:14:11+00:00\" \/>\n<meta property=\"og:image\" content=\"http:\/\/blog.panrotas.com.br\/viagem-e-estilo\/wp-content\/uploads\/sites\/33\/2023\/07\/baja-la-paz-2.jpg\" \/>\n\t<meta property=\"og:image:width\" content=\"2255\" \/>\n\t<meta property=\"og:image:height\" content=\"1937\" \/>\n<meta name=\"twitter:card\" content=\"summary_large_image\" \/>\n<meta name=\"twitter:label1\" content=\"Escrito por\" \/>\n\t<meta name=\"twitter:data1\" content=\"Rafaela Borges\" \/>\n\t<meta name=\"twitter:label2\" content=\"Est. tempo de leitura\" \/>\n\t<meta name=\"twitter:data2\" content=\"7 minutos\" \/>\n<script type=\"application\/ld+json\" class=\"yoast-schema-graph\">{\"@context\":\"https:\/\/schema.org\",\"@graph\":[{\"@type\":\"WebSite\",\"@id\":\"https:\/\/blog.panrotas.com.br\/viagem-e-estilo\/#website\",\"url\":\"https:\/\/blog.panrotas.com.br\/viagem-e-estilo\/\",\"name\":\"Viagem e Estilo\",\"description\":\"\",\"potentialAction\":[{\"@type\":\"SearchAction\",\"target\":{\"@type\":\"EntryPoint\",\"urlTemplate\":\"https:\/\/blog.panrotas.com.br\/viagem-e-estilo\/?s={search_term_string}\"},\"query-input\":\"required name=search_term_string\"}],\"inLanguage\":\"pt-BR\"},{\"@type\":\"ImageObject\",\"@id\":\"https:\/\/blog.panrotas.com.br\/viagem-e-estilo\/2023\/07\/21\/baja-california-sur-paradero\/#primaryimage\",\"inLanguage\":\"pt-BR\",\"url\":\"https:\/\/blog.panrotas.com.br\/viagem-e-estilo\/wp-content\/uploads\/sites\/33\/2023\/07\/baja-la-paz-2.jpg\",\"contentUrl\":\"https:\/\/blog.panrotas.com.br\/viagem-e-estilo\/wp-content\/uploads\/sites\/33\/2023\/07\/baja-la-paz-2.jpg\",\"width\":2255,\"height\":1937,\"caption\":\"Fotos: Rafaela Borges\"},{\"@type\":\"WebPage\",\"@id\":\"https:\/\/blog.panrotas.com.br\/viagem-e-estilo\/2023\/07\/21\/baja-california-sur-paradero\/#webpage\",\"url\":\"https:\/\/blog.panrotas.com.br\/viagem-e-estilo\/2023\/07\/21\/baja-california-sur-paradero\/\",\"name\":\"Um retiro de corpo e alma na sofisticada Baja Calif\\u00f3rnia Sur - Viagem e Estilo\",\"isPartOf\":{\"@id\":\"https:\/\/blog.panrotas.com.br\/viagem-e-estilo\/#website\"},\"primaryImageOfPage\":{\"@id\":\"https:\/\/blog.panrotas.com.br\/viagem-e-estilo\/2023\/07\/21\/baja-california-sur-paradero\/#primaryimage\"},\"datePublished\":\"2023-07-21T16:14:08+00:00\",\"dateModified\":\"2023-07-21T16:14:11+00:00\",\"author\":{\"@id\":\"https:\/\/blog.panrotas.com.br\/viagem-e-estilo\/#\/schema\/person\/ee4d47304314a9e1a034ee706c52567a\"},\"description\":\"O turista dos EUA \\u00e0 procura de experi\\u00eancias sofisticadas \\u00e9 o visitante mais frequente da Baja Calif\\u00f3rnia Sur, no M\\u00e9xico\",\"breadcrumb\":{\"@id\":\"https:\/\/blog.panrotas.com.br\/viagem-e-estilo\/2023\/07\/21\/baja-california-sur-paradero\/#breadcrumb\"},\"inLanguage\":\"pt-BR\",\"potentialAction\":[{\"@type\":\"ReadAction\",\"target\":[\"https:\/\/blog.panrotas.com.br\/viagem-e-estilo\/2023\/07\/21\/baja-california-sur-paradero\/\"]}]},{\"@type\":\"BreadcrumbList\",\"@id\":\"https:\/\/blog.panrotas.com.br\/viagem-e-estilo\/2023\/07\/21\/baja-california-sur-paradero\/#breadcrumb\",\"itemListElement\":[{\"@type\":\"ListItem\",\"position\":1,\"name\":\"In\\u00edcio\",\"item\":\"https:\/\/blog.panrotas.com.br\/viagem-e-estilo\/\"},{\"@type\":\"ListItem\",\"position\":2,\"name\":\"Um retiro de corpo e alma na sofisticada Baja Calif\\u00f3rnia Sur\"}]},{\"@type\":\"Person\",\"@id\":\"https:\/\/blog.panrotas.com.br\/viagem-e-estilo\/#\/schema\/person\/ee4d47304314a9e1a034ee706c52567a\",\"name\":\"Rafaela Borges\",\"image\":{\"@type\":\"ImageObject\",\"@id\":\"https:\/\/blog.panrotas.com.br\/viagem-e-estilo\/#personlogo\",\"inLanguage\":\"pt-BR\",\"url\":\"https:\/\/secure.gravatar.com\/avatar\/0ade7374765fe5108de97388245f942b?s=96&d=mm&r=g\",\"contentUrl\":\"https:\/\/secure.gravatar.com\/avatar\/0ade7374765fe5108de97388245f942b?s=96&d=mm&r=g\",\"caption\":\"Rafaela Borges\"},\"url\":\"https:\/\/blog.panrotas.com.br\/viagem-e-estilo\/author\/rafaela\/\"}]}<\/script>\n<!-- \/ Yoast SEO plugin. -->","yoast_head_json":{"title":"Um retiro de corpo e alma na sofisticada Baja Calif\u00f3rnia Sur - Viagem e Estilo","description":"O turista dos EUA \u00e0 procura de experi\u00eancias sofisticadas \u00e9 o visitante mais frequente da Baja Calif\u00f3rnia Sur, no M\u00e9xico","robots":{"index":"index","follow":"follow","max-snippet":"max-snippet:-1","max-image-preview":"max-image-preview:large","max-video-preview":"max-video-preview:-1"},"canonical":"https:\/\/blog.panrotas.com.br\/viagem-e-estilo\/2023\/07\/21\/baja-california-sur-paradero\/","og_locale":"pt_BR","og_type":"article","og_title":"Um retiro de corpo e alma na sofisticada Baja Calif\u00f3rnia Sur - Viagem e Estilo","og_description":"O turista dos EUA \u00e0 procura de experi\u00eancias sofisticadas \u00e9 o visitante mais frequente da Baja Calif\u00f3rnia Sur, no M\u00e9xico","og_url":"https:\/\/blog.panrotas.com.br\/viagem-e-estilo\/2023\/07\/21\/baja-california-sur-paradero\/","og_site_name":"Viagem e Estilo","article_published_time":"2023-07-21T16:14:08+00:00","article_modified_time":"2023-07-21T16:14:11+00:00","og_image":[{"width":2255,"height":1937,"url":"http:\/\/blog.panrotas.com.br\/viagem-e-estilo\/wp-content\/uploads\/sites\/33\/2023\/07\/baja-la-paz-2.jpg","type":"image\/jpeg"}],"twitter_card":"summary_large_image","twitter_misc":{"Escrito por":"Rafaela Borges","Est. tempo de leitura":"7 minutos"},"schema":{"@context":"https:\/\/schema.org","@graph":[{"@type":"WebSite","@id":"https:\/\/blog.panrotas.com.br\/viagem-e-estilo\/#website","url":"https:\/\/blog.panrotas.com.br\/viagem-e-estilo\/","name":"Viagem e Estilo","description":"","potentialAction":[{"@type":"SearchAction","target":{"@type":"EntryPoint","urlTemplate":"https:\/\/blog.panrotas.com.br\/viagem-e-estilo\/?s={search_term_string}"},"query-input":"required name=search_term_string"}],"inLanguage":"pt-BR"},{"@type":"ImageObject","@id":"https:\/\/blog.panrotas.com.br\/viagem-e-estilo\/2023\/07\/21\/baja-california-sur-paradero\/#primaryimage","inLanguage":"pt-BR","url":"https:\/\/blog.panrotas.com.br\/viagem-e-estilo\/wp-content\/uploads\/sites\/33\/2023\/07\/baja-la-paz-2.jpg","contentUrl":"https:\/\/blog.panrotas.com.br\/viagem-e-estilo\/wp-content\/uploads\/sites\/33\/2023\/07\/baja-la-paz-2.jpg","width":2255,"height":1937,"caption":"Fotos: Rafaela Borges"},{"@type":"WebPage","@id":"https:\/\/blog.panrotas.com.br\/viagem-e-estilo\/2023\/07\/21\/baja-california-sur-paradero\/#webpage","url":"https:\/\/blog.panrotas.com.br\/viagem-e-estilo\/2023\/07\/21\/baja-california-sur-paradero\/","name":"Um retiro de corpo e alma na sofisticada Baja Calif\u00f3rnia Sur - Viagem e Estilo","isPartOf":{"@id":"https:\/\/blog.panrotas.com.br\/viagem-e-estilo\/#website"},"primaryImageOfPage":{"@id":"https:\/\/blog.panrotas.com.br\/viagem-e-estilo\/2023\/07\/21\/baja-california-sur-paradero\/#primaryimage"},"datePublished":"2023-07-21T16:14:08+00:00","dateModified":"2023-07-21T16:14:11+00:00","author":{"@id":"https:\/\/blog.panrotas.com.br\/viagem-e-estilo\/#\/schema\/person\/ee4d47304314a9e1a034ee706c52567a"},"description":"O turista dos EUA \u00e0 procura de experi\u00eancias sofisticadas \u00e9 o visitante mais frequente da Baja Calif\u00f3rnia Sur, no M\u00e9xico","breadcrumb":{"@id":"https:\/\/blog.panrotas.com.br\/viagem-e-estilo\/2023\/07\/21\/baja-california-sur-paradero\/#breadcrumb"},"inLanguage":"pt-BR","potentialAction":[{"@type":"ReadAction","target":["https:\/\/blog.panrotas.com.br\/viagem-e-estilo\/2023\/07\/21\/baja-california-sur-paradero\/"]}]},{"@type":"BreadcrumbList","@id":"https:\/\/blog.panrotas.com.br\/viagem-e-estilo\/2023\/07\/21\/baja-california-sur-paradero\/#breadcrumb","itemListElement":[{"@type":"ListItem","position":1,"name":"In\u00edcio","item":"https:\/\/blog.panrotas.com.br\/viagem-e-estilo\/"},{"@type":"ListItem","position":2,"name":"Um retiro de corpo e alma na sofisticada Baja Calif\u00f3rnia Sur"}]},{"@type":"Person","@id":"https:\/\/blog.panrotas.com.br\/viagem-e-estilo\/#\/schema\/person\/ee4d47304314a9e1a034ee706c52567a","name":"Rafaela Borges","image":{"@type":"ImageObject","@id":"https:\/\/blog.panrotas.com.br\/viagem-e-estilo\/#personlogo","inLanguage":"pt-BR","url":"https:\/\/secure.gravatar.com\/avatar\/0ade7374765fe5108de97388245f942b?s=96&d=mm&r=g","contentUrl":"https:\/\/secure.gravatar.com\/avatar\/0ade7374765fe5108de97388245f942b?s=96&d=mm&r=g","caption":"Rafaela Borges"},"url":"https:\/\/blog.panrotas.com.br\/viagem-e-estilo\/author\/rafaela\/"}]}},"jetpack_featured_media_url":"https:\/\/blog.panrotas.com.br\/viagem-e-estilo\/wp-content\/uploads\/sites\/33\/2023\/07\/baja-la-paz-2.jpg","_links":{"self":[{"href":"https:\/\/blog.panrotas.com.br\/viagem-e-estilo\/wp-json\/wp\/v2\/posts\/1037"}],"collection":[{"href":"https:\/\/blog.panrotas.com.br\/viagem-e-estilo\/wp-json\/wp\/v2\/posts"}],"about":[{"href":"https:\/\/blog.panrotas.com.br\/viagem-e-estilo\/wp-json\/wp\/v2\/types\/post"}],"author":[{"embeddable":true,"href":"https:\/\/blog.panrotas.com.br\/viagem-e-estilo\/wp-json\/wp\/v2\/users\/36"}],"replies":[{"embeddable":true,"href":"https:\/\/blog.panrotas.com.br\/viagem-e-estilo\/wp-json\/wp\/v2\/comments?post=1037"}],"version-history":[{"count":1,"href":"https:\/\/blog.panrotas.com.br\/viagem-e-estilo\/wp-json\/wp\/v2\/posts\/1037\/revisions"}],"predecessor-version":[{"id":1049,"href":"https:\/\/blog.panrotas.com.br\/viagem-e-estilo\/wp-json\/wp\/v2\/posts\/1037\/revisions\/1049"}],"wp:featuredmedia":[{"embeddable":true,"href":"https:\/\/blog.panrotas.com.br\/viagem-e-estilo\/wp-json\/wp\/v2\/media\/1038"}],"wp:attachment":[{"href":"https:\/\/blog.panrotas.com.br\/viagem-e-estilo\/wp-json\/wp\/v2\/media?parent=1037"}],"wp:term":[{"taxonomy":"category","embeddable":true,"href":"https:\/\/blog.panrotas.com.br\/viagem-e-estilo\/wp-json\/wp\/v2\/categories?post=1037"},{"taxonomy":"post_tag","embeddable":true,"href":"https:\/\/blog.panrotas.com.br\/viagem-e-estilo\/wp-json\/wp\/v2\/tags?post=1037"}],"curies":[{"name":"wp","href":"https:\/\/api.w.org\/{rel}","templated":true}]}}