{"id":452,"date":"2020-08-17T17:24:46","date_gmt":"2020-08-17T20:24:46","guid":{"rendered":"http:\/\/blog.panrotas.com.br\/viagem-e-estilo\/?p=452"},"modified":"2020-08-17T17:24:46","modified_gmt":"2020-08-17T20:24:46","slug":"quinta-dos-pinhais-e-cenario-de-sonhos-na-serra-da-mantiqueira","status":"publish","type":"post","link":"https:\/\/blog.panrotas.com.br\/viagem-e-estilo\/2020\/08\/17\/quinta-dos-pinhais-e-cenario-de-sonhos-na-serra-da-mantiqueira\/","title":{"rendered":"Quinta dos Pinhais \u00e9 cen\u00e1rio de sonhos na Serra da Mantiqueira"},"content":{"rendered":"\n<p>No segundo cap\u00edtulo sobre turismo consciente na Serra da Mantiqueira, conto como foi minha experi\u00eancia na pousada luxuosa Quinta dos Pinhais. Ela fica em Santo Ant\u00f4nio do Pinhal, a 20 km de Campos do Jord\u00e3o.<\/p>\n\n\n\n<p>No Instagram: <strong><a href=\"https:\/\/www.instagram.com\/rafaelatborges\/\">@rafaelatborges<\/a><\/strong><\/p>\n\n\n\n<p>A cidadezinha \u00e9 pequena e, apesar de alguns restaurantes e um centrinho simp\u00e1tico, n\u00e3o tem a vibra\u00e7\u00e3o de sua vizinha mais famosa. Em tempos normais, quem visita a Quinta dos Pinhais possivelmente passar\u00e1 mais tempo desfrutando as atra\u00e7\u00f5es da propriedade rural. <\/p>\n\n\n\n<p>Mas, em tempos de turismo ao ar livre, Santo Ant\u00f4nio do Pinhal \u00e9 uma base t\u00e3o eficiente quanto Campos do Jord\u00e3o para explorar os cen\u00e1rios da regi\u00e3o. E a Quinta dos Pinhais fica no centro de um cen\u00e1rio de sonhos, bem pr\u00f3xima ao Pico Agudo. <\/p>\n\n\n\n<figure class=\"wp-block-image size-large\"><img loading=\"lazy\" width=\"1024\" height=\"485\" src=\"https:\/\/blog.panrotas.com.br\/viagem-e-estilo\/wp-content\/uploads\/sites\/33\/2020\/08\/vivenda-2-1024x485.jpg\" alt=\"Vivenda Quinta dos Pinhais\" class=\"wp-image-473\" srcset=\"https:\/\/blog.panrotas.com.br\/viagem-e-estilo\/wp-content\/uploads\/sites\/33\/2020\/08\/vivenda-2-1024x485.jpg 1024w, https:\/\/blog.panrotas.com.br\/viagem-e-estilo\/wp-content\/uploads\/sites\/33\/2020\/08\/vivenda-2-300x142.jpg 300w, https:\/\/blog.panrotas.com.br\/viagem-e-estilo\/wp-content\/uploads\/sites\/33\/2020\/08\/vivenda-2-768x364.jpg 768w, https:\/\/blog.panrotas.com.br\/viagem-e-estilo\/wp-content\/uploads\/sites\/33\/2020\/08\/vivenda-2-1536x728.jpg 1536w, https:\/\/blog.panrotas.com.br\/viagem-e-estilo\/wp-content\/uploads\/sites\/33\/2020\/08\/vivenda-2-740x351.jpg 740w, https:\/\/blog.panrotas.com.br\/viagem-e-estilo\/wp-content\/uploads\/sites\/33\/2020\/08\/vivenda-2.jpg 2000w\" sizes=\"(max-width: 1024px) 100vw, 1024px\" \/><figcaption>Vivenda Pinhais tem 200 metros quadrados em dois andares<\/figcaption><\/figure>\n\n\n\n<p>A 1.634 metros de altitude, o Pico Agudo faz parte da cadeia de montanhas da Serra da Mantiqueira. Por l\u00e1, h\u00e1 pr\u00e1tica de voo livre. De diversos pontos da Quinta dos Pinhais, \u00e9 poss\u00edvel ver a Pedra do Ba\u00fa, a montanha em formato quadrado que \u00e9 um das grandes atra\u00e7\u00f5es da serra.<\/p>\n\n\n\n<h4>Perfil e atra\u00e7\u00f5es da Quinta dos Pinhais<\/h4>\n\n\n\n<p>Se o hotel <a href=\"https:\/\/blog.panrotas.com.br\/viagem-e-estilo\/2020\/08\/04\/hotel-toriba-viagem-consciente-retomada\/\">Toriba \u00e9 focado em fam\u00edlias com filhos pequenos<\/a> e pr\u00e9-adolescentes, a Quinta dos Pinhais \u00e9 para casais. Crian\u00e7as s\u00e3o aceitas, mas n\u00e3o h\u00e1 tantas atividades para entret\u00ea-las na propriedade de 240 mil metros quadrados. <\/p>\n\n\n\n<figure class=\"wp-block-image size-large\"><img loading=\"lazy\" width=\"1024\" height=\"484\" src=\"https:\/\/blog.panrotas.com.br\/viagem-e-estilo\/wp-content\/uploads\/sites\/33\/2020\/08\/spa-2-1024x484.jpg\" alt=\"Spa da Quinta dos Pinhais\" class=\"wp-image-457\" srcset=\"https:\/\/blog.panrotas.com.br\/viagem-e-estilo\/wp-content\/uploads\/sites\/33\/2020\/08\/spa-2-1024x484.jpg 1024w, https:\/\/blog.panrotas.com.br\/viagem-e-estilo\/wp-content\/uploads\/sites\/33\/2020\/08\/spa-2-300x142.jpg 300w, https:\/\/blog.panrotas.com.br\/viagem-e-estilo\/wp-content\/uploads\/sites\/33\/2020\/08\/spa-2-768x363.jpg 768w, https:\/\/blog.panrotas.com.br\/viagem-e-estilo\/wp-content\/uploads\/sites\/33\/2020\/08\/spa-2-1536x727.jpg 1536w, https:\/\/blog.panrotas.com.br\/viagem-e-estilo\/wp-content\/uploads\/sites\/33\/2020\/08\/spa-2-740x350.jpg 740w, https:\/\/blog.panrotas.com.br\/viagem-e-estilo\/wp-content\/uploads\/sites\/33\/2020\/08\/spa-2.jpg 2000w\" sizes=\"(max-width: 1024px) 100vw, 1024px\" \/><figcaption>Spa da Quinta dos Pinhais<\/figcaption><\/figure>\n\n\n\n<p>H\u00e1 uma fazendinha para que os pequenos possam brincar mas, de resto, o foco \u00e9 nos adultos. E no romance. <\/p>\n\n\n\n<p>Na propriedade, h\u00e1 mini campo de golfe e quadra de t\u00eanis (ambos com vista para a Pedra do Ba\u00fa), lago para pesca e \u00e1reas para cavalgada (cavalos est\u00e3o dispon\u00edveis para os h\u00f3spedes) e para pr\u00e1tica de corrida e trilhas.<\/p>\n\n\n\n<figure class=\"wp-block-image size-large\"><img loading=\"lazy\" width=\"1024\" height=\"485\" src=\"https:\/\/blog.panrotas.com.br\/viagem-e-estilo\/wp-content\/uploads\/sites\/33\/2020\/08\/spa-1-1024x485.jpg\" alt=\"\" class=\"wp-image-459\" srcset=\"https:\/\/blog.panrotas.com.br\/viagem-e-estilo\/wp-content\/uploads\/sites\/33\/2020\/08\/spa-1-1024x485.jpg 1024w, https:\/\/blog.panrotas.com.br\/viagem-e-estilo\/wp-content\/uploads\/sites\/33\/2020\/08\/spa-1-300x142.jpg 300w, https:\/\/blog.panrotas.com.br\/viagem-e-estilo\/wp-content\/uploads\/sites\/33\/2020\/08\/spa-1-768x364.jpg 768w, https:\/\/blog.panrotas.com.br\/viagem-e-estilo\/wp-content\/uploads\/sites\/33\/2020\/08\/spa-1-1536x728.jpg 1536w, https:\/\/blog.panrotas.com.br\/viagem-e-estilo\/wp-content\/uploads\/sites\/33\/2020\/08\/spa-1-2048x971.jpg 2048w, https:\/\/blog.panrotas.com.br\/viagem-e-estilo\/wp-content\/uploads\/sites\/33\/2020\/08\/spa-1-740x351.jpg 740w\" sizes=\"(max-width: 1024px) 100vw, 1024px\" \/><figcaption>Sala de massagem<\/figcaption><\/figure>\n\n\n\n<p>As atividades f\u00edsicas oferecidas s\u00e3o quase sempre a c\u00e9u aberto. N\u00e3o h\u00e1 academia. No spa, h\u00e1 uma \u00fanica esteira para corrida. Para quem faz quest\u00e3o de aparelhos, h\u00e1 uma pequena academia em uma das 15 acomoda\u00e7\u00f5es (a Morada de Minas, com di\u00e1rias a partir de R$ 2.790 para duas pessoas).<\/p>\n\n\n\n<p>O spa, by Loccitane, tem diversos tratamentos terap\u00eauticos. S\u00e3o tr\u00eas salas de massagem, uma individual e duas que podem ser usadas por casais. H\u00e1 ainda diversos tipos de sauna e uma varanda para admirar a paisagem da Serra da Mantiqueira que rodeia toda a propriedade.  A pousada tem ainda um conjunto de piscinas de uso coletivo. <\/p>\n\n\n\n<figure class=\"wp-block-image size-large\"><img loading=\"lazy\" width=\"1024\" height=\"484\" src=\"https:\/\/blog.panrotas.com.br\/viagem-e-estilo\/wp-content\/uploads\/sites\/33\/2020\/08\/mini-golf-1024x484.jpg\" alt=\"Mini-Golf na Quinta dos Pinhais\" class=\"wp-image-460\" srcset=\"https:\/\/blog.panrotas.com.br\/viagem-e-estilo\/wp-content\/uploads\/sites\/33\/2020\/08\/mini-golf-1024x484.jpg 1024w, https:\/\/blog.panrotas.com.br\/viagem-e-estilo\/wp-content\/uploads\/sites\/33\/2020\/08\/mini-golf-300x142.jpg 300w, https:\/\/blog.panrotas.com.br\/viagem-e-estilo\/wp-content\/uploads\/sites\/33\/2020\/08\/mini-golf-768x363.jpg 768w, https:\/\/blog.panrotas.com.br\/viagem-e-estilo\/wp-content\/uploads\/sites\/33\/2020\/08\/mini-golf-1536x727.jpg 1536w, https:\/\/blog.panrotas.com.br\/viagem-e-estilo\/wp-content\/uploads\/sites\/33\/2020\/08\/mini-golf-740x350.jpg 740w, https:\/\/blog.panrotas.com.br\/viagem-e-estilo\/wp-content\/uploads\/sites\/33\/2020\/08\/mini-golf.jpg 2000w\" sizes=\"(max-width: 1024px) 100vw, 1024px\" \/><figcaption>Mini-golf na Quinta dos Pinhais<\/figcaption><\/figure>\n\n\n\n<h4>Gastronomia<\/h4>\n\n\n\n<p>O Bistr\u00f4 Bernadette \u00e9 o restaurante do Quinta dos Pinhais. Tem card\u00e1pio variado de carnes, peixes e massas, mas a especialidade \u00e9 a truta, muito popular na gastronomia da Serra da Mantiqueira.<\/p>\n\n\n\n<p>O ambiente interno \u00e9 r\u00fastico, com m\u00f3veis de madeira, decora\u00e7\u00e3o sustent\u00e1vel e objetos com refer\u00eancias \u00e0 cultura brasileira. O restaurante ainda tem uma varanda com algumas mesas de madeira e cadeiras de metal, para colocar em evid\u00eancia as vistas panor\u00e2micas.<\/p>\n\n\n\n<figure class=\"wp-block-image size-large\"><img loading=\"lazy\" width=\"1024\" height=\"484\" src=\"https:\/\/blog.panrotas.com.br\/viagem-e-estilo\/wp-content\/uploads\/sites\/33\/2020\/08\/bistro-1024x484.jpg\" alt=\"\" class=\"wp-image-454\" srcset=\"https:\/\/blog.panrotas.com.br\/viagem-e-estilo\/wp-content\/uploads\/sites\/33\/2020\/08\/bistro-1024x484.jpg 1024w, https:\/\/blog.panrotas.com.br\/viagem-e-estilo\/wp-content\/uploads\/sites\/33\/2020\/08\/bistro-300x142.jpg 300w, https:\/\/blog.panrotas.com.br\/viagem-e-estilo\/wp-content\/uploads\/sites\/33\/2020\/08\/bistro-768x363.jpg 768w, https:\/\/blog.panrotas.com.br\/viagem-e-estilo\/wp-content\/uploads\/sites\/33\/2020\/08\/bistro-1536x727.jpg 1536w, https:\/\/blog.panrotas.com.br\/viagem-e-estilo\/wp-content\/uploads\/sites\/33\/2020\/08\/bistro-740x350.jpg 740w, https:\/\/blog.panrotas.com.br\/viagem-e-estilo\/wp-content\/uploads\/sites\/33\/2020\/08\/bistro.jpg 2000w\" sizes=\"(max-width: 1024px) 100vw, 1024px\" \/><figcaption>Bistr\u00f4 Bernadette<\/figcaption><\/figure>\n\n\n\n<p>\u00c0 frente do restaurante, tamb\u00e9m h\u00e1 mesinhas em um jardim. Em dire\u00e7\u00e3o \u00e0 piscina, h\u00e1 algumas \u00e1reas para observa\u00e7\u00e3o das vistas &#8211; s\u00e3o tr\u00eas, com mesas, cadeiras e espregui\u00e7adeiras. Em uma delas, \u00e0 noite \u00e9 acesa uma fogueira. Pode-se acionar o servi\u00e7o do bistr\u00f4 Bernadete para ter uma noite de queijos e vinhos, por exemplo.<\/p>\n\n\n\n<figure class=\"wp-block-image size-large\"><img loading=\"lazy\" width=\"1024\" height=\"484\" src=\"https:\/\/blog.panrotas.com.br\/viagem-e-estilo\/wp-content\/uploads\/sites\/33\/2020\/08\/bistro-externa-1024x484.jpg\" alt=\"\u00c1rea externa do bistr\u00f4 da Quinta dos Pinhais\" class=\"wp-image-455\" srcset=\"https:\/\/blog.panrotas.com.br\/viagem-e-estilo\/wp-content\/uploads\/sites\/33\/2020\/08\/bistro-externa-1024x484.jpg 1024w, https:\/\/blog.panrotas.com.br\/viagem-e-estilo\/wp-content\/uploads\/sites\/33\/2020\/08\/bistro-externa-300x142.jpg 300w, https:\/\/blog.panrotas.com.br\/viagem-e-estilo\/wp-content\/uploads\/sites\/33\/2020\/08\/bistro-externa-768x363.jpg 768w, https:\/\/blog.panrotas.com.br\/viagem-e-estilo\/wp-content\/uploads\/sites\/33\/2020\/08\/bistro-externa-1536x727.jpg 1536w, https:\/\/blog.panrotas.com.br\/viagem-e-estilo\/wp-content\/uploads\/sites\/33\/2020\/08\/bistro-externa-740x350.jpg 740w, https:\/\/blog.panrotas.com.br\/viagem-e-estilo\/wp-content\/uploads\/sites\/33\/2020\/08\/bistro-externa.jpg 2000w\" sizes=\"(max-width: 1024px) 100vw, 1024px\" \/><figcaption>\u00c1rea externa do bistr\u00f4 da Quinta dos Pinhais<\/figcaption><\/figure>\n\n\n\n<p>Eu experimentei uma das op\u00e7\u00f5es de truta, um frango com legumes e queijos e um fil\u00e9 ao poivre com batata gratinada, e tudo estava bastante saboroso. O ponto negativo ficou por conta da temperatura em que a comida foi entregue em minha acomoda\u00e7\u00e3o (optei por jantar no quarto) no primeiro dia. Estava muito fria.<\/p>\n\n\n\n<p>Reclamei no segundo dia, e alegaram que, por minha acomoda\u00e7\u00e3o estar muito distante do restaurante, era complicada a miss\u00e3o de entregar a comida quente. Eu insisti para que fizessem um esfor\u00e7o, entregando a refei\u00e7\u00e3o logo que estivesse pronta. Fui atendida e, na segunda experi\u00eancia, a temperatura foi perfeita.<\/p>\n\n\n\n<figure class=\"wp-block-image size-large\"><img loading=\"lazy\" width=\"1024\" height=\"484\" src=\"https:\/\/blog.panrotas.com.br\/viagem-e-estilo\/wp-content\/uploads\/sites\/33\/2020\/08\/vista-panoramica-1024x484.jpg\" alt=\"\" class=\"wp-image-456\" srcset=\"https:\/\/blog.panrotas.com.br\/viagem-e-estilo\/wp-content\/uploads\/sites\/33\/2020\/08\/vista-panoramica-1024x484.jpg 1024w, https:\/\/blog.panrotas.com.br\/viagem-e-estilo\/wp-content\/uploads\/sites\/33\/2020\/08\/vista-panoramica-300x142.jpg 300w, https:\/\/blog.panrotas.com.br\/viagem-e-estilo\/wp-content\/uploads\/sites\/33\/2020\/08\/vista-panoramica-768x363.jpg 768w, https:\/\/blog.panrotas.com.br\/viagem-e-estilo\/wp-content\/uploads\/sites\/33\/2020\/08\/vista-panoramica-1536x727.jpg 1536w, https:\/\/blog.panrotas.com.br\/viagem-e-estilo\/wp-content\/uploads\/sites\/33\/2020\/08\/vista-panoramica-740x350.jpg 740w, https:\/\/blog.panrotas.com.br\/viagem-e-estilo\/wp-content\/uploads\/sites\/33\/2020\/08\/vista-panoramica.jpg 2000w\" sizes=\"(max-width: 1024px) 100vw, 1024px\" \/><figcaption>\u00c0 noite, fogueira, queijo e vinhos <\/figcaption><\/figure>\n\n\n\n<h4>Chal\u00e9s, moradas e vivendas<\/h4>\n\n\n\n<p>A Quinta dos Pinhais tem 15 chal\u00e9s, moradas e vivendas, como s\u00e3o chamadas as acomoda\u00e7\u00f5es da propriedade, entre 50 metros e 200 metros quadrados. Todos t\u00eam lareira, varanda, TV a cabo (Sky) e a maior parte tem jacuzzi. <\/p>\n\n\n\n<p>Nas tr\u00eas moradas e duas vivendas, h\u00e1 piscina individual. A da Vivenda Eucalipto, de 200 metros quadrados, \u00e9 de raia. Eu me hospedei na impressionante Vivenda Pinhais, com mesma \u00e1rea, mas sem a piscina de raia.<\/p>\n\n\n\n<figure class=\"wp-block-image size-large\"><img loading=\"lazy\" width=\"1024\" height=\"485\" src=\"https:\/\/blog.panrotas.com.br\/viagem-e-estilo\/wp-content\/uploads\/sites\/33\/2020\/08\/piscina-1024x485.jpg\" alt=\"\" class=\"wp-image-464\" srcset=\"https:\/\/blog.panrotas.com.br\/viagem-e-estilo\/wp-content\/uploads\/sites\/33\/2020\/08\/piscina-1024x485.jpg 1024w, https:\/\/blog.panrotas.com.br\/viagem-e-estilo\/wp-content\/uploads\/sites\/33\/2020\/08\/piscina-300x142.jpg 300w, https:\/\/blog.panrotas.com.br\/viagem-e-estilo\/wp-content\/uploads\/sites\/33\/2020\/08\/piscina-768x364.jpg 768w, https:\/\/blog.panrotas.com.br\/viagem-e-estilo\/wp-content\/uploads\/sites\/33\/2020\/08\/piscina-1536x728.jpg 1536w, https:\/\/blog.panrotas.com.br\/viagem-e-estilo\/wp-content\/uploads\/sites\/33\/2020\/08\/piscina-740x351.jpg 740w, https:\/\/blog.panrotas.com.br\/viagem-e-estilo\/wp-content\/uploads\/sites\/33\/2020\/08\/piscina.jpg 2000w\" sizes=\"(max-width: 1024px) 100vw, 1024px\" \/><figcaption>Piscina da Vivenda Pinhais<\/figcaption><\/figure>\n\n\n\n<p>A de minha vivenda, com di\u00e1rias a partir de R$ 2.965, \u00e9 menor,  quadrada, com uma vista panor\u00e2mica para as montanhas. Com dois andares, tem quarto e sala integrados.<\/p>\n\n\n\n<h4>Vivenda Pinhais<\/h4>\n\n\n\n<p>A vivenda tem diversos sof\u00e1s, poltronas e mesas de madeira, em uma decora\u00e7\u00e3o sofisticada e levemente r\u00fastica. A cama \u00e9 do tipo King e h\u00e1 menu de travesseiros. De s\u00e9rie, vem com dois de pena e dois desenvolvidos pela Nasa, mas h\u00e1 diversas outras op\u00e7\u00f5es, que podem ser solicitadas por meio da \u00e1rea do site desenvolvida para atender os h\u00f3spedes (h\u00e1 um QR code, o qual somos convidados a acionar no momento do check-in). <\/p>\n\n\n\n<figure class=\"wp-block-image size-large\"><img loading=\"lazy\" width=\"1024\" height=\"484\" src=\"https:\/\/blog.panrotas.com.br\/viagem-e-estilo\/wp-content\/uploads\/sites\/33\/2020\/08\/vivenda-pinhal-1024x484.jpg\" alt=\"Vivenda Pinhais \u00e9 a maior acomoda\u00e7\u00e3o da Quinta dos Pinhais\" class=\"wp-image-466\" srcset=\"https:\/\/blog.panrotas.com.br\/viagem-e-estilo\/wp-content\/uploads\/sites\/33\/2020\/08\/vivenda-pinhal-1024x484.jpg 1024w, https:\/\/blog.panrotas.com.br\/viagem-e-estilo\/wp-content\/uploads\/sites\/33\/2020\/08\/vivenda-pinhal-300x142.jpg 300w, https:\/\/blog.panrotas.com.br\/viagem-e-estilo\/wp-content\/uploads\/sites\/33\/2020\/08\/vivenda-pinhal-768x363.jpg 768w, https:\/\/blog.panrotas.com.br\/viagem-e-estilo\/wp-content\/uploads\/sites\/33\/2020\/08\/vivenda-pinhal-1536x727.jpg 1536w, https:\/\/blog.panrotas.com.br\/viagem-e-estilo\/wp-content\/uploads\/sites\/33\/2020\/08\/vivenda-pinhal-740x350.jpg 740w, https:\/\/blog.panrotas.com.br\/viagem-e-estilo\/wp-content\/uploads\/sites\/33\/2020\/08\/vivenda-pinhal.jpg 2000w\" sizes=\"(max-width: 1024px) 100vw, 1024px\" \/><figcaption>Vivenda Pinhais \u00e9 a maior acomoda\u00e7\u00e3o da Quinta dos Pinhais<\/figcaption><\/figure>\n\n\n\n<p>Na parte superior da vivenda, h\u00e1 ainda um bar completo, um closet e um banheiro com hidro, dois chuveiros e piso aquecido. J\u00e1 no subsolo, h\u00e1 uma adega de pedras (j\u00e1 com alguns vinhos, que s\u00e3o cobrados \u00e0 parte) com \u00e1rea para refei\u00e7\u00f5es e uma sauna \u00famida.<\/p>\n\n\n\n<figure class=\"wp-block-image size-large\"><img loading=\"lazy\" width=\"1024\" height=\"484\" src=\"https:\/\/blog.panrotas.com.br\/viagem-e-estilo\/wp-content\/uploads\/sites\/33\/2020\/08\/adega-1024x484.jpg\" alt=\"\" class=\"wp-image-467\" srcset=\"https:\/\/blog.panrotas.com.br\/viagem-e-estilo\/wp-content\/uploads\/sites\/33\/2020\/08\/adega-1024x484.jpg 1024w, https:\/\/blog.panrotas.com.br\/viagem-e-estilo\/wp-content\/uploads\/sites\/33\/2020\/08\/adega-300x142.jpg 300w, https:\/\/blog.panrotas.com.br\/viagem-e-estilo\/wp-content\/uploads\/sites\/33\/2020\/08\/adega-768x363.jpg 768w, https:\/\/blog.panrotas.com.br\/viagem-e-estilo\/wp-content\/uploads\/sites\/33\/2020\/08\/adega-1536x727.jpg 1536w, https:\/\/blog.panrotas.com.br\/viagem-e-estilo\/wp-content\/uploads\/sites\/33\/2020\/08\/adega-740x350.jpg 740w, https:\/\/blog.panrotas.com.br\/viagem-e-estilo\/wp-content\/uploads\/sites\/33\/2020\/08\/adega.jpg 2000w\" sizes=\"(max-width: 1024px) 100vw, 1024px\" \/><figcaption>Adega<\/figcaption><\/figure>\n\n\n\n<p>Ambiente quase perfeito, a vivenda tem apenas duas falhas, em meu ponto de vista. O aquecimento, al\u00e9m da lareira, \u00e9 feito por meio de um ar-condicionado com fun\u00e7\u00e3o de aquecedor.  Achei insuficiente para o tamanho da acomoda\u00e7\u00e3o. Demorou demais para atingir uma temperatura ideal, e os dias nem foram dos mais frios (m\u00e9dia entre 10 e 15 graus, temperatura bem acima do normal na serra, no m\u00eas de julho).<\/p>\n\n\n\n<figure class=\"wp-block-image size-large\"><img loading=\"lazy\" width=\"1024\" height=\"485\" src=\"https:\/\/blog.panrotas.com.br\/viagem-e-estilo\/wp-content\/uploads\/sites\/33\/2020\/08\/vista-quarto-1024x485.jpg\" alt=\"\" class=\"wp-image-468\" srcset=\"https:\/\/blog.panrotas.com.br\/viagem-e-estilo\/wp-content\/uploads\/sites\/33\/2020\/08\/vista-quarto-1024x485.jpg 1024w, https:\/\/blog.panrotas.com.br\/viagem-e-estilo\/wp-content\/uploads\/sites\/33\/2020\/08\/vista-quarto-300x142.jpg 300w, https:\/\/blog.panrotas.com.br\/viagem-e-estilo\/wp-content\/uploads\/sites\/33\/2020\/08\/vista-quarto-768x364.jpg 768w, https:\/\/blog.panrotas.com.br\/viagem-e-estilo\/wp-content\/uploads\/sites\/33\/2020\/08\/vista-quarto-1536x728.jpg 1536w, https:\/\/blog.panrotas.com.br\/viagem-e-estilo\/wp-content\/uploads\/sites\/33\/2020\/08\/vista-quarto-740x351.jpg 740w, https:\/\/blog.panrotas.com.br\/viagem-e-estilo\/wp-content\/uploads\/sites\/33\/2020\/08\/vista-quarto.jpg 2000w\" sizes=\"(max-width: 1024px) 100vw, 1024px\" \/><figcaption>A vista na Vivenda Pinhais<\/figcaption><\/figure>\n\n\n\n<p>A ilumina\u00e7\u00e3o deixa o ambiente muito escuro. \u00c9 uma solu\u00e7\u00e3o charmosa, e durante o dia h\u00e1 varandas para encher o ambiente de luz natural. Mas, \u00e0 noite, o ambiente escuro demais incomodou em alguns momentos. <\/p>\n\n\n\n<h4>Experi\u00eancia<\/h4>\n\n\n\n<p>A Quinta dos Pinhais fica no alto de uma montanha e o acesso \u00e9 por estrada de terra. Por isso, cuidado com o carro que usar\u00e1 para chegar ao local, pois em dias de chuva o acesso pode ser um pouco complicado.<\/p>\n\n\n\n<p>De todo modo, em um Mercedes-Benz A 200 Sedan, com tra\u00e7\u00e3o dianteira, mas bom torque em alta rota\u00e7\u00e3o, n\u00e3o tive problema nenhum &#8211; e estava chovendo. A maioria dos carros que estavam por l\u00e1 tinham perfil semelhante ao do sed\u00e3 &#8211; por isso, n\u00e3o precisa ser necessariamente um SUV.<\/p>\n\n\n\n<figure class=\"wp-block-image size-large\"><img loading=\"lazy\" width=\"1024\" height=\"484\" src=\"https:\/\/blog.panrotas.com.br\/viagem-e-estilo\/wp-content\/uploads\/sites\/33\/2020\/08\/quinta-pinhais-1024x484.jpg\" alt=\"Quinta dos Pinhais\" class=\"wp-image-470\" srcset=\"https:\/\/blog.panrotas.com.br\/viagem-e-estilo\/wp-content\/uploads\/sites\/33\/2020\/08\/quinta-pinhais-1024x484.jpg 1024w, https:\/\/blog.panrotas.com.br\/viagem-e-estilo\/wp-content\/uploads\/sites\/33\/2020\/08\/quinta-pinhais-300x142.jpg 300w, https:\/\/blog.panrotas.com.br\/viagem-e-estilo\/wp-content\/uploads\/sites\/33\/2020\/08\/quinta-pinhais-768x363.jpg 768w, https:\/\/blog.panrotas.com.br\/viagem-e-estilo\/wp-content\/uploads\/sites\/33\/2020\/08\/quinta-pinhais-1536x727.jpg 1536w, https:\/\/blog.panrotas.com.br\/viagem-e-estilo\/wp-content\/uploads\/sites\/33\/2020\/08\/quinta-pinhais-740x350.jpg 740w, https:\/\/blog.panrotas.com.br\/viagem-e-estilo\/wp-content\/uploads\/sites\/33\/2020\/08\/quinta-pinhais.jpg 2000w\" sizes=\"(max-width: 1024px) 100vw, 1024px\" \/><\/figure>\n\n\n\n<p>Na chegada, durante o check-in, \u00e9 oferecido drink de boas-vindas e s\u00e3o explicados os procedimentos da pousada de luxo durante o per\u00edodo de pandemia. M\u00e1scara de pano e \u00e1lcool em gel s\u00e3o entregues aos h\u00f3spedes.<\/p>\n\n\n\n<p>Eu optei por jantar na acomoda\u00e7\u00e3o nos dois dias, e o servi\u00e7o foi r\u00e1pido. Uma boa experi\u00eancia foi jantar assistindo a um show em servi\u00e7o de streaming na Smart TV, de lareira acesa, degustando um vinho retirado da adega. O h\u00f3spede tamb\u00e9m pode levar seus pr\u00f3prios r\u00f3tulos. <\/p>\n\n\n\n<figure class=\"wp-block-image size-large\"><img loading=\"lazy\" width=\"1024\" height=\"484\" src=\"https:\/\/blog.panrotas.com.br\/viagem-e-estilo\/wp-content\/uploads\/sites\/33\/2020\/08\/vivenda-exterior-1024x484.jpg\" alt=\"Quinta dos Pinhais\" class=\"wp-image-471\" srcset=\"https:\/\/blog.panrotas.com.br\/viagem-e-estilo\/wp-content\/uploads\/sites\/33\/2020\/08\/vivenda-exterior-1024x484.jpg 1024w, https:\/\/blog.panrotas.com.br\/viagem-e-estilo\/wp-content\/uploads\/sites\/33\/2020\/08\/vivenda-exterior-300x142.jpg 300w, https:\/\/blog.panrotas.com.br\/viagem-e-estilo\/wp-content\/uploads\/sites\/33\/2020\/08\/vivenda-exterior-768x363.jpg 768w, https:\/\/blog.panrotas.com.br\/viagem-e-estilo\/wp-content\/uploads\/sites\/33\/2020\/08\/vivenda-exterior-1536x727.jpg 1536w, https:\/\/blog.panrotas.com.br\/viagem-e-estilo\/wp-content\/uploads\/sites\/33\/2020\/08\/vivenda-exterior-740x350.jpg 740w, https:\/\/blog.panrotas.com.br\/viagem-e-estilo\/wp-content\/uploads\/sites\/33\/2020\/08\/vivenda-exterior.jpg 2000w\" sizes=\"(max-width: 1024px) 100vw, 1024px\" \/><figcaption>Vivenda Pinhais vista de fora<\/figcaption><\/figure>\n\n\n\n<p>Para o caf\u00e9 da manh\u00e3, a la carte em tempos de pandemia, a Quinta dos Pinhais pede que a sele\u00e7\u00e3o seja feita pelo h\u00f3spede, via site, at\u00e9 \u00e0s 22h da noite anterior. A facilidade \u00e9 para agilizar o servi\u00e7o, que pode ser no quarto ou em um \u00e1rea em frente ao Bistr\u00f4 Bernadette. <\/p>\n\n\n\n<p>A sele\u00e7\u00e3o do caf\u00e9 da manh\u00e3 \u00e9 bem ampla, com v\u00e1rios tipos de ovos, sandu\u00edches, tapiocas, frios variados, panquecas doces e salgadas, frutas, cereais e iogurtes, entre outros. <\/p>\n","protected":false},"excerpt":{"rendered":"<p>Veja como \u00e9 a experi\u00eancia de hospedagem na rom\u00e2ntica pousada de luxo Quinta dos Pinhais&hellip; <a class=\"more-link\" href=\"https:\/\/blog.panrotas.com.br\/viagem-e-estilo\/2020\/08\/17\/quinta-dos-pinhais-e-cenario-de-sonhos-na-serra-da-mantiqueira\/\">Continue reading &rarr;<\/a><\/p>\n","protected":false},"author":36,"featured_media":453,"comment_status":"open","ping_status":"open","sticky":false,"template":"","format":"standard","meta":{"spay_email":""},"categories":[14,22],"tags":[86,87,84],"yoast_head":"<!-- This site is optimized with the Yoast SEO plugin v17.3 - https:\/\/yoast.com\/wordpress\/plugins\/seo\/ -->\n<title>Quinta dos Pinhais \u00e9 cen\u00e1rio de sonhos na Serra da Mantiqueira - Viagem e Estilo<\/title>\n<meta name=\"description\" content=\"No segundo cap\u00edtulo sobre turismo consciente na Serra da Mantiqueira, conto como foi minha experi\u00eancia na pousada luxuosa Quinta dos Pinhais.\" \/>\n<meta name=\"robots\" content=\"index, follow, max-snippet:-1, max-image-preview:large, max-video-preview:-1\" \/>\n<link rel=\"canonical\" href=\"http:\/\/blog.panrotas.com.br\/viagem-e-estilo\/2020\/08\/17\/quinta-dos-pinhais-e-cenario-de-sonhos-na-serra-da-mantiqueira\/\" \/>\n<meta property=\"og:locale\" content=\"pt_BR\" \/>\n<meta property=\"og:type\" content=\"article\" \/>\n<meta property=\"og:title\" content=\"Quinta dos Pinhais \u00e9 cen\u00e1rio de sonhos na Serra da Mantiqueira - Viagem e Estilo\" \/>\n<meta property=\"og:description\" content=\"No segundo cap\u00edtulo sobre turismo consciente na Serra da Mantiqueira, conto como foi minha experi\u00eancia na pousada luxuosa Quinta dos Pinhais.\" \/>\n<meta property=\"og:url\" content=\"http:\/\/blog.panrotas.com.br\/viagem-e-estilo\/2020\/08\/17\/quinta-dos-pinhais-e-cenario-de-sonhos-na-serra-da-mantiqueira\/\" \/>\n<meta property=\"og:site_name\" content=\"Viagem e Estilo\" \/>\n<meta property=\"article:published_time\" content=\"2020-08-17T20:24:46+00:00\" \/>\n<meta property=\"og:image\" content=\"http:\/\/blog.panrotas.com.br\/viagem-e-estilo\/wp-content\/uploads\/sites\/33\/2020\/08\/abre-quinta-dos-pinhais.jpg\" \/>\n\t<meta property=\"og:image:width\" content=\"2000\" \/>\n\t<meta property=\"og:image:height\" content=\"946\" \/>\n<meta name=\"twitter:card\" content=\"summary_large_image\" \/>\n<meta name=\"twitter:label1\" content=\"Escrito por\" \/>\n\t<meta name=\"twitter:data1\" content=\"Rafaela Borges\" \/>\n\t<meta name=\"twitter:label2\" content=\"Est. tempo de leitura\" \/>\n\t<meta name=\"twitter:data2\" content=\"7 minutos\" \/>\n<script type=\"application\/ld+json\" class=\"yoast-schema-graph\">{\"@context\":\"https:\/\/schema.org\",\"@graph\":[{\"@type\":\"WebSite\",\"@id\":\"https:\/\/blog.panrotas.com.br\/viagem-e-estilo\/#website\",\"url\":\"https:\/\/blog.panrotas.com.br\/viagem-e-estilo\/\",\"name\":\"Viagem e Estilo\",\"description\":\"\",\"potentialAction\":[{\"@type\":\"SearchAction\",\"target\":{\"@type\":\"EntryPoint\",\"urlTemplate\":\"https:\/\/blog.panrotas.com.br\/viagem-e-estilo\/?s={search_term_string}\"},\"query-input\":\"required name=search_term_string\"}],\"inLanguage\":\"pt-BR\"},{\"@type\":\"ImageObject\",\"@id\":\"http:\/\/blog.panrotas.com.br\/viagem-e-estilo\/2020\/08\/17\/quinta-dos-pinhais-e-cenario-de-sonhos-na-serra-da-mantiqueira\/#primaryimage\",\"inLanguage\":\"pt-BR\",\"url\":\"https:\/\/blog.panrotas.com.br\/viagem-e-estilo\/wp-content\/uploads\/sites\/33\/2020\/08\/abre-quinta-dos-pinhais.jpg\",\"contentUrl\":\"https:\/\/blog.panrotas.com.br\/viagem-e-estilo\/wp-content\/uploads\/sites\/33\/2020\/08\/abre-quinta-dos-pinhais.jpg\",\"width\":2000,\"height\":946,\"caption\":\"Fotos: Rafaela Borges\"},{\"@type\":\"WebPage\",\"@id\":\"http:\/\/blog.panrotas.com.br\/viagem-e-estilo\/2020\/08\/17\/quinta-dos-pinhais-e-cenario-de-sonhos-na-serra-da-mantiqueira\/#webpage\",\"url\":\"http:\/\/blog.panrotas.com.br\/viagem-e-estilo\/2020\/08\/17\/quinta-dos-pinhais-e-cenario-de-sonhos-na-serra-da-mantiqueira\/\",\"name\":\"Quinta dos Pinhais \\u00e9 cen\\u00e1rio de sonhos na Serra da Mantiqueira - Viagem e Estilo\",\"isPartOf\":{\"@id\":\"https:\/\/blog.panrotas.com.br\/viagem-e-estilo\/#website\"},\"primaryImageOfPage\":{\"@id\":\"http:\/\/blog.panrotas.com.br\/viagem-e-estilo\/2020\/08\/17\/quinta-dos-pinhais-e-cenario-de-sonhos-na-serra-da-mantiqueira\/#primaryimage\"},\"datePublished\":\"2020-08-17T20:24:46+00:00\",\"dateModified\":\"2020-08-17T20:24:46+00:00\",\"author\":{\"@id\":\"https:\/\/blog.panrotas.com.br\/viagem-e-estilo\/#\/schema\/person\/ee4d47304314a9e1a034ee706c52567a\"},\"description\":\"No segundo cap\\u00edtulo sobre turismo consciente na Serra da Mantiqueira, conto como foi minha experi\\u00eancia na pousada luxuosa Quinta dos Pinhais.\",\"breadcrumb\":{\"@id\":\"http:\/\/blog.panrotas.com.br\/viagem-e-estilo\/2020\/08\/17\/quinta-dos-pinhais-e-cenario-de-sonhos-na-serra-da-mantiqueira\/#breadcrumb\"},\"inLanguage\":\"pt-BR\",\"potentialAction\":[{\"@type\":\"ReadAction\",\"target\":[\"http:\/\/blog.panrotas.com.br\/viagem-e-estilo\/2020\/08\/17\/quinta-dos-pinhais-e-cenario-de-sonhos-na-serra-da-mantiqueira\/\"]}]},{\"@type\":\"BreadcrumbList\",\"@id\":\"http:\/\/blog.panrotas.com.br\/viagem-e-estilo\/2020\/08\/17\/quinta-dos-pinhais-e-cenario-de-sonhos-na-serra-da-mantiqueira\/#breadcrumb\",\"itemListElement\":[{\"@type\":\"ListItem\",\"position\":1,\"name\":\"In\\u00edcio\",\"item\":\"https:\/\/blog.panrotas.com.br\/viagem-e-estilo\/\"},{\"@type\":\"ListItem\",\"position\":2,\"name\":\"Quinta dos Pinhais \\u00e9 cen\\u00e1rio de sonhos na Serra da Mantiqueira\"}]},{\"@type\":\"Person\",\"@id\":\"https:\/\/blog.panrotas.com.br\/viagem-e-estilo\/#\/schema\/person\/ee4d47304314a9e1a034ee706c52567a\",\"name\":\"Rafaela Borges\",\"image\":{\"@type\":\"ImageObject\",\"@id\":\"https:\/\/blog.panrotas.com.br\/viagem-e-estilo\/#personlogo\",\"inLanguage\":\"pt-BR\",\"url\":\"https:\/\/secure.gravatar.com\/avatar\/0ade7374765fe5108de97388245f942b?s=96&d=mm&r=g\",\"contentUrl\":\"https:\/\/secure.gravatar.com\/avatar\/0ade7374765fe5108de97388245f942b?s=96&d=mm&r=g\",\"caption\":\"Rafaela Borges\"},\"url\":\"https:\/\/blog.panrotas.com.br\/viagem-e-estilo\/author\/rafaela\/\"}]}<\/script>\n<!-- \/ Yoast SEO plugin. -->","yoast_head_json":{"title":"Quinta dos Pinhais \u00e9 cen\u00e1rio de sonhos na Serra da Mantiqueira - Viagem e Estilo","description":"No segundo cap\u00edtulo sobre turismo consciente na Serra da Mantiqueira, conto como foi minha experi\u00eancia na pousada luxuosa Quinta dos Pinhais.","robots":{"index":"index","follow":"follow","max-snippet":"max-snippet:-1","max-image-preview":"max-image-preview:large","max-video-preview":"max-video-preview:-1"},"canonical":"http:\/\/blog.panrotas.com.br\/viagem-e-estilo\/2020\/08\/17\/quinta-dos-pinhais-e-cenario-de-sonhos-na-serra-da-mantiqueira\/","og_locale":"pt_BR","og_type":"article","og_title":"Quinta dos Pinhais \u00e9 cen\u00e1rio de sonhos na Serra da Mantiqueira - Viagem e Estilo","og_description":"No segundo cap\u00edtulo sobre turismo consciente na Serra da Mantiqueira, conto como foi minha experi\u00eancia na pousada luxuosa Quinta dos Pinhais.","og_url":"http:\/\/blog.panrotas.com.br\/viagem-e-estilo\/2020\/08\/17\/quinta-dos-pinhais-e-cenario-de-sonhos-na-serra-da-mantiqueira\/","og_site_name":"Viagem e Estilo","article_published_time":"2020-08-17T20:24:46+00:00","og_image":[{"width":2000,"height":946,"url":"http:\/\/blog.panrotas.com.br\/viagem-e-estilo\/wp-content\/uploads\/sites\/33\/2020\/08\/abre-quinta-dos-pinhais.jpg","type":"image\/jpeg"}],"twitter_card":"summary_large_image","twitter_misc":{"Escrito por":"Rafaela Borges","Est. tempo de leitura":"7 minutos"},"schema":{"@context":"https:\/\/schema.org","@graph":[{"@type":"WebSite","@id":"https:\/\/blog.panrotas.com.br\/viagem-e-estilo\/#website","url":"https:\/\/blog.panrotas.com.br\/viagem-e-estilo\/","name":"Viagem e Estilo","description":"","potentialAction":[{"@type":"SearchAction","target":{"@type":"EntryPoint","urlTemplate":"https:\/\/blog.panrotas.com.br\/viagem-e-estilo\/?s={search_term_string}"},"query-input":"required name=search_term_string"}],"inLanguage":"pt-BR"},{"@type":"ImageObject","@id":"http:\/\/blog.panrotas.com.br\/viagem-e-estilo\/2020\/08\/17\/quinta-dos-pinhais-e-cenario-de-sonhos-na-serra-da-mantiqueira\/#primaryimage","inLanguage":"pt-BR","url":"https:\/\/blog.panrotas.com.br\/viagem-e-estilo\/wp-content\/uploads\/sites\/33\/2020\/08\/abre-quinta-dos-pinhais.jpg","contentUrl":"https:\/\/blog.panrotas.com.br\/viagem-e-estilo\/wp-content\/uploads\/sites\/33\/2020\/08\/abre-quinta-dos-pinhais.jpg","width":2000,"height":946,"caption":"Fotos: Rafaela Borges"},{"@type":"WebPage","@id":"http:\/\/blog.panrotas.com.br\/viagem-e-estilo\/2020\/08\/17\/quinta-dos-pinhais-e-cenario-de-sonhos-na-serra-da-mantiqueira\/#webpage","url":"http:\/\/blog.panrotas.com.br\/viagem-e-estilo\/2020\/08\/17\/quinta-dos-pinhais-e-cenario-de-sonhos-na-serra-da-mantiqueira\/","name":"Quinta dos Pinhais \u00e9 cen\u00e1rio de sonhos na Serra da Mantiqueira - Viagem e Estilo","isPartOf":{"@id":"https:\/\/blog.panrotas.com.br\/viagem-e-estilo\/#website"},"primaryImageOfPage":{"@id":"http:\/\/blog.panrotas.com.br\/viagem-e-estilo\/2020\/08\/17\/quinta-dos-pinhais-e-cenario-de-sonhos-na-serra-da-mantiqueira\/#primaryimage"},"datePublished":"2020-08-17T20:24:46+00:00","dateModified":"2020-08-17T20:24:46+00:00","author":{"@id":"https:\/\/blog.panrotas.com.br\/viagem-e-estilo\/#\/schema\/person\/ee4d47304314a9e1a034ee706c52567a"},"description":"No segundo cap\u00edtulo sobre turismo consciente na Serra da Mantiqueira, conto como foi minha experi\u00eancia na pousada luxuosa Quinta dos Pinhais.","breadcrumb":{"@id":"http:\/\/blog.panrotas.com.br\/viagem-e-estilo\/2020\/08\/17\/quinta-dos-pinhais-e-cenario-de-sonhos-na-serra-da-mantiqueira\/#breadcrumb"},"inLanguage":"pt-BR","potentialAction":[{"@type":"ReadAction","target":["http:\/\/blog.panrotas.com.br\/viagem-e-estilo\/2020\/08\/17\/quinta-dos-pinhais-e-cenario-de-sonhos-na-serra-da-mantiqueira\/"]}]},{"@type":"BreadcrumbList","@id":"http:\/\/blog.panrotas.com.br\/viagem-e-estilo\/2020\/08\/17\/quinta-dos-pinhais-e-cenario-de-sonhos-na-serra-da-mantiqueira\/#breadcrumb","itemListElement":[{"@type":"ListItem","position":1,"name":"In\u00edcio","item":"https:\/\/blog.panrotas.com.br\/viagem-e-estilo\/"},{"@type":"ListItem","position":2,"name":"Quinta dos Pinhais \u00e9 cen\u00e1rio de sonhos na Serra da Mantiqueira"}]},{"@type":"Person","@id":"https:\/\/blog.panrotas.com.br\/viagem-e-estilo\/#\/schema\/person\/ee4d47304314a9e1a034ee706c52567a","name":"Rafaela Borges","image":{"@type":"ImageObject","@id":"https:\/\/blog.panrotas.com.br\/viagem-e-estilo\/#personlogo","inLanguage":"pt-BR","url":"https:\/\/secure.gravatar.com\/avatar\/0ade7374765fe5108de97388245f942b?s=96&d=mm&r=g","contentUrl":"https:\/\/secure.gravatar.com\/avatar\/0ade7374765fe5108de97388245f942b?s=96&d=mm&r=g","caption":"Rafaela Borges"},"url":"https:\/\/blog.panrotas.com.br\/viagem-e-estilo\/author\/rafaela\/"}]}},"jetpack_featured_media_url":"https:\/\/blog.panrotas.com.br\/viagem-e-estilo\/wp-content\/uploads\/sites\/33\/2020\/08\/abre-quinta-dos-pinhais.jpg","_links":{"self":[{"href":"https:\/\/blog.panrotas.com.br\/viagem-e-estilo\/wp-json\/wp\/v2\/posts\/452"}],"collection":[{"href":"https:\/\/blog.panrotas.com.br\/viagem-e-estilo\/wp-json\/wp\/v2\/posts"}],"about":[{"href":"https:\/\/blog.panrotas.com.br\/viagem-e-estilo\/wp-json\/wp\/v2\/types\/post"}],"author":[{"embeddable":true,"href":"https:\/\/blog.panrotas.com.br\/viagem-e-estilo\/wp-json\/wp\/v2\/users\/36"}],"replies":[{"embeddable":true,"href":"https:\/\/blog.panrotas.com.br\/viagem-e-estilo\/wp-json\/wp\/v2\/comments?post=452"}],"version-history":[{"count":9,"href":"https:\/\/blog.panrotas.com.br\/viagem-e-estilo\/wp-json\/wp\/v2\/posts\/452\/revisions"}],"predecessor-version":[{"id":476,"href":"https:\/\/blog.panrotas.com.br\/viagem-e-estilo\/wp-json\/wp\/v2\/posts\/452\/revisions\/476"}],"wp:featuredmedia":[{"embeddable":true,"href":"https:\/\/blog.panrotas.com.br\/viagem-e-estilo\/wp-json\/wp\/v2\/media\/453"}],"wp:attachment":[{"href":"https:\/\/blog.panrotas.com.br\/viagem-e-estilo\/wp-json\/wp\/v2\/media?parent=452"}],"wp:term":[{"taxonomy":"category","embeddable":true,"href":"https:\/\/blog.panrotas.com.br\/viagem-e-estilo\/wp-json\/wp\/v2\/categories?post=452"},{"taxonomy":"post_tag","embeddable":true,"href":"https:\/\/blog.panrotas.com.br\/viagem-e-estilo\/wp-json\/wp\/v2\/tags?post=452"}],"curies":[{"name":"wp","href":"https:\/\/api.w.org\/{rel}","templated":true}]}}