{"id":493,"date":"2020-09-04T13:58:31","date_gmt":"2020-09-04T16:58:31","guid":{"rendered":"http:\/\/blog.panrotas.com.br\/viagem-e-estilo\/?p=493"},"modified":"2020-09-04T13:58:32","modified_gmt":"2020-09-04T16:58:32","slug":"programas-ao-ar-livre-na-serra-da-mantiqueira","status":"publish","type":"post","link":"https:\/\/blog.panrotas.com.br\/viagem-e-estilo\/2020\/09\/04\/programas-ao-ar-livre-na-serra-da-mantiqueira\/","title":{"rendered":"Programas ao ar livre na Serra da Mantiqueira"},"content":{"rendered":"\n<p> Em tempo de retomada gradual do turismo, os passeios ao ar livre s\u00e3o o carro-chefe da programa\u00e7\u00e3o de quem quer dar uma escapada de casa. No terceiro cap\u00edtulo da s\u00e9rie sobre turismo na Serra da Mantiqueira, listei algumas atra\u00e7\u00f5es que podem ser visitadas em seguran\u00e7a, sem aglomera\u00e7\u00e3o e fugindo dos tradicionais programas do bairro de Capivari, em Campos de Jord\u00e3o.<\/p>\n\n\n\n<p>No Instagram: <strong><a href=\"https:\/\/www.instagram.com\/rafaelatborges\/\">@rafaelatborges<\/a><\/strong><\/p>\n\n\n\n<p>H\u00e1 picos para vistas panor\u00e2micas, gruta, cachoeira&#8230; Confira.<\/p>\n\n\n\n<figure class=\"wp-block-embed-youtube wp-block-embed is-type-video is-provider-youtube wp-embed-aspect-16-9 wp-has-aspect-ratio\"><div class=\"wp-block-embed__wrapper\">\n<div class=\"jetpack-video-wrapper\"><iframe loading=\"lazy\" title=\"Off-road: trilhas de carro e a p\u00e9 na Serra da Mantiqueira || A nova maneira de viajar - parte 1\" width=\"740\" height=\"416\" src=\"https:\/\/www.youtube.com\/embed\/vw-5gHblYC8?feature=oembed\" frameborder=\"0\" allow=\"accelerometer; autoplay; encrypted-media; gyroscope; picture-in-picture\" allowfullscreen><\/iframe><\/div>\n<\/div><\/figure>\n\n\n\n<h4>Pico do Diamante<\/h4>\n\n\n\n<p>A 1.850 metros de altitude, oferece uma vista panor\u00e2mica para diversas cidades do Vale do Para\u00edba, aos p\u00e9s da Serra da Mantiqueira. Fica a cerca de 2 km do <strong><a href=\"https:\/\/blog.panrotas.com.br\/viagem-e-estilo\/2020\/08\/04\/hotel-toriba-viagem-consciente-retomada\/\">hotel Toriba<\/a><\/strong>, onde me hospedei em Campos do Jord\u00e3o.<\/p>\n\n\n\n<p>A estrada \u00e9 de terra, mas a trilha \u00e9 leve. Mesmo carros baixos e sem pneus pr\u00f3prios para o off-road podem venc\u00ea-la.<\/p>\n\n\n\n<figure class=\"wp-block-image size-large\"><img loading=\"lazy\" width=\"1024\" height=\"485\" src=\"https:\/\/blog.panrotas.com.br\/viagem-e-estilo\/wp-content\/uploads\/sites\/33\/2020\/09\/pico-do-diamante-1024x485.jpg\" alt=\"Pico do Diamante, na Serra da Mantiqueira\" class=\"wp-image-496\" srcset=\"https:\/\/blog.panrotas.com.br\/viagem-e-estilo\/wp-content\/uploads\/sites\/33\/2020\/09\/pico-do-diamante-1024x485.jpg 1024w, https:\/\/blog.panrotas.com.br\/viagem-e-estilo\/wp-content\/uploads\/sites\/33\/2020\/09\/pico-do-diamante-300x142.jpg 300w, https:\/\/blog.panrotas.com.br\/viagem-e-estilo\/wp-content\/uploads\/sites\/33\/2020\/09\/pico-do-diamante-768x364.jpg 768w, https:\/\/blog.panrotas.com.br\/viagem-e-estilo\/wp-content\/uploads\/sites\/33\/2020\/09\/pico-do-diamante-1536x728.jpg 1536w, https:\/\/blog.panrotas.com.br\/viagem-e-estilo\/wp-content\/uploads\/sites\/33\/2020\/09\/pico-do-diamante-740x351.jpg 740w, https:\/\/blog.panrotas.com.br\/viagem-e-estilo\/wp-content\/uploads\/sites\/33\/2020\/09\/pico-do-diamante.jpg 2000w\" sizes=\"(max-width: 1024px) 100vw, 1024px\" \/><\/figure>\n\n\n\n<p>L\u00e1 de cima, em dias sem neblina, d\u00e1 para ver at\u00e9 a cidade de Aparecida, quase na divisa com o Estado do Rio de Janeiro. E, para evitar neblina, v\u00e1 depois das 10h. S\u00e3o cerca de 10 minutos de trilha na terra.<\/p>\n\n\n\n<p><strong>LEIA TAMB\u00c9M<\/strong><\/p>\n\n\n\n<ul><li><a href=\"https:\/\/blog.panrotas.com.br\/viagem-e-estilo\/2020\/08\/17\/quinta-dos-pinhais-e-cenario-de-sonhos-na-serra-da-mantiqueira\/\">Quinta dos Pinhais \u00e9 cen\u00e1rio dos sonhos na Serra da Mantiqueira <\/a><\/li><\/ul>\n\n\n\n<h4>Pico do Imirim<\/h4>\n\n\n\n<p>Tamb\u00e9m a 1.850 metros de altitude, oferece vista panor\u00e2mica para Campos do Jord\u00e3o e belezas naturais da Serra da Mantiqueira. A trilha, de cerca de meia hora, \u00e9 mais dif\u00edcil, pr\u00f3pria apenas para carros altos, como picapes e alguns SUVs.<\/p>\n\n\n\n<figure class=\"wp-block-image size-large\"><img loading=\"lazy\" width=\"1024\" height=\"484\" src=\"https:\/\/blog.panrotas.com.br\/viagem-e-estilo\/wp-content\/uploads\/sites\/33\/2020\/09\/pico-do-imirim-1024x484.jpg\" alt=\"Pico do Imirim\" class=\"wp-image-497\" srcset=\"https:\/\/blog.panrotas.com.br\/viagem-e-estilo\/wp-content\/uploads\/sites\/33\/2020\/09\/pico-do-imirim-1024x484.jpg 1024w, https:\/\/blog.panrotas.com.br\/viagem-e-estilo\/wp-content\/uploads\/sites\/33\/2020\/09\/pico-do-imirim-300x142.jpg 300w, https:\/\/blog.panrotas.com.br\/viagem-e-estilo\/wp-content\/uploads\/sites\/33\/2020\/09\/pico-do-imirim-768x363.jpg 768w, https:\/\/blog.panrotas.com.br\/viagem-e-estilo\/wp-content\/uploads\/sites\/33\/2020\/09\/pico-do-imirim-1536x727.jpg 1536w, https:\/\/blog.panrotas.com.br\/viagem-e-estilo\/wp-content\/uploads\/sites\/33\/2020\/09\/pico-do-imirim-740x350.jpg 740w, https:\/\/blog.panrotas.com.br\/viagem-e-estilo\/wp-content\/uploads\/sites\/33\/2020\/09\/pico-do-imirim.jpg 2000w\" sizes=\"(max-width: 1024px) 100vw, 1024px\" \/><\/figure>\n\n\n\n<p>De v\u00e1rios pontos da trilha, \u00e9 poss\u00edvel avistar a Pedra do Ba\u00fa, umas das montanhas mais belas e famosas da regi\u00e3o.<\/p>\n\n\n\n<h4>Gruta dos Crioulos<\/h4>\n\n\n\n<p>A cerca de 10 minutos do Pico do Imirim, \u00e9 um conjunto de pedras que guarda um cap\u00edtulo da hist\u00f3ria da regi\u00e3o. Por ali, se refugiavam escravos fugidos das planta\u00e7\u00f5es no Vale do Para\u00edba, nos s\u00e9culos de escravid\u00e3o.<\/p>\n\n\n\n<figure class=\"wp-block-image size-large\"><img loading=\"lazy\" width=\"1024\" height=\"485\" src=\"https:\/\/blog.panrotas.com.br\/viagem-e-estilo\/wp-content\/uploads\/sites\/33\/2020\/09\/gruta-dos-crioulos-1024x485.jpg\" alt=\"Gruta dos Crioulos, na Serra da Mantiqueira \" class=\"wp-image-498\" srcset=\"https:\/\/blog.panrotas.com.br\/viagem-e-estilo\/wp-content\/uploads\/sites\/33\/2020\/09\/gruta-dos-crioulos-1024x485.jpg 1024w, https:\/\/blog.panrotas.com.br\/viagem-e-estilo\/wp-content\/uploads\/sites\/33\/2020\/09\/gruta-dos-crioulos-300x142.jpg 300w, https:\/\/blog.panrotas.com.br\/viagem-e-estilo\/wp-content\/uploads\/sites\/33\/2020\/09\/gruta-dos-crioulos-768x364.jpg 768w, https:\/\/blog.panrotas.com.br\/viagem-e-estilo\/wp-content\/uploads\/sites\/33\/2020\/09\/gruta-dos-crioulos-1536x728.jpg 1536w, https:\/\/blog.panrotas.com.br\/viagem-e-estilo\/wp-content\/uploads\/sites\/33\/2020\/09\/gruta-dos-crioulos-740x351.jpg 740w, https:\/\/blog.panrotas.com.br\/viagem-e-estilo\/wp-content\/uploads\/sites\/33\/2020\/09\/gruta-dos-crioulos.jpg 2000w\" sizes=\"(max-width: 1024px) 100vw, 1024px\" \/><\/figure>\n\n\n\n<h4>Trilha Mata Comprida<\/h4>\n\n\n\n<p>\u00c9 uma trilha para trekking exclusiva do programa Aventoriba (12 99747 1332), do hotel Toriba. S\u00e3o 2 km de caminhada, a maior parte em mata fechada.<\/p>\n\n\n\n<p>A trilha \u00e9 leve, com poucas subidas. Permite observa\u00e7\u00e3o de p\u00e1ssaros e h\u00e1 parada em uma cachoeira no caminho.<\/p>\n\n\n\n<figure class=\"wp-block-image size-large\"><img loading=\"lazy\" width=\"1024\" height=\"485\" src=\"https:\/\/blog.panrotas.com.br\/viagem-e-estilo\/wp-content\/uploads\/sites\/33\/2020\/09\/mata-comprida-1024x485.jpg\" alt=\"Trilha da Mata Comprida\" class=\"wp-image-499\" srcset=\"https:\/\/blog.panrotas.com.br\/viagem-e-estilo\/wp-content\/uploads\/sites\/33\/2020\/09\/mata-comprida-1024x485.jpg 1024w, https:\/\/blog.panrotas.com.br\/viagem-e-estilo\/wp-content\/uploads\/sites\/33\/2020\/09\/mata-comprida-300x142.jpg 300w, https:\/\/blog.panrotas.com.br\/viagem-e-estilo\/wp-content\/uploads\/sites\/33\/2020\/09\/mata-comprida-768x364.jpg 768w, https:\/\/blog.panrotas.com.br\/viagem-e-estilo\/wp-content\/uploads\/sites\/33\/2020\/09\/mata-comprida-1536x728.jpg 1536w, https:\/\/blog.panrotas.com.br\/viagem-e-estilo\/wp-content\/uploads\/sites\/33\/2020\/09\/mata-comprida-740x351.jpg 740w, https:\/\/blog.panrotas.com.br\/viagem-e-estilo\/wp-content\/uploads\/sites\/33\/2020\/09\/mata-comprida.jpg 2000w\" sizes=\"(max-width: 1024px) 100vw, 1024px\" \/><\/figure>\n\n\n\n<p>Termina no alto de uma montanha, com vista para arauc\u00e1rias centen\u00e1rias e um piquenique com queijos, p\u00e3es e vinhos, ao por do sol. Custa 250 reais por pessoa.<br><\/p>\n","protected":false},"excerpt":{"rendered":"<p>Em tempo de retomada gradual do turismo, os passeios ao ar livre s\u00e3o o carro-chefe da programa\u00e7\u00e3o de quem quer dar uma escapada de casa. No terceiro cap\u00edtulo da s\u00e9rie sobre turismo na Serra da Mantiqueira, listei algumas atra\u00e7\u00f5es que podem ser visitadas em seguran\u00e7a, sem aglomera\u00e7\u00e3o e fugindo dos tradicionais programas do bairro de&hellip; <a class=\"more-link\" href=\"https:\/\/blog.panrotas.com.br\/viagem-e-estilo\/2020\/09\/04\/programas-ao-ar-livre-na-serra-da-mantiqueira\/\">Continue reading &rarr;<\/a><\/p>\n","protected":false},"author":36,"featured_media":495,"comment_status":"open","ping_status":"open","sticky":false,"template":"","format":"standard","meta":{"spay_email":""},"categories":[14],"tags":[85,83,84],"yoast_head":"<!-- This site is optimized with the Yoast SEO plugin v17.3 - https:\/\/yoast.com\/wordpress\/plugins\/seo\/ -->\n<title>Programas ao ar livre na Serra da Mantiqueira - Viagem e Estilo<\/title>\n<meta name=\"description\" content=\"No terceiro cap\u00edtulo da s\u00e9rie sobre turismo na Serra da Mantiqueira, listei algumas atra\u00e7\u00f5es que podem ser visitadas em seguran\u00e7a\" \/>\n<meta name=\"robots\" content=\"index, follow, max-snippet:-1, max-image-preview:large, max-video-preview:-1\" \/>\n<link rel=\"canonical\" href=\"http:\/\/blog.panrotas.com.br\/viagem-e-estilo\/2020\/09\/04\/programas-ao-ar-livre-na-serra-da-mantiqueira\/\" \/>\n<meta property=\"og:locale\" content=\"pt_BR\" \/>\n<meta property=\"og:type\" content=\"article\" \/>\n<meta property=\"og:title\" content=\"Programas ao ar livre na Serra da Mantiqueira - Viagem e Estilo\" \/>\n<meta property=\"og:description\" content=\"No terceiro cap\u00edtulo da s\u00e9rie sobre turismo na Serra da Mantiqueira, listei algumas atra\u00e7\u00f5es que podem ser visitadas em seguran\u00e7a\" \/>\n<meta property=\"og:url\" content=\"http:\/\/blog.panrotas.com.br\/viagem-e-estilo\/2020\/09\/04\/programas-ao-ar-livre-na-serra-da-mantiqueira\/\" \/>\n<meta property=\"og:site_name\" content=\"Viagem e Estilo\" \/>\n<meta property=\"article:published_time\" content=\"2020-09-04T16:58:31+00:00\" \/>\n<meta property=\"article:modified_time\" content=\"2020-09-04T16:58:32+00:00\" \/>\n<meta property=\"og:image\" content=\"http:\/\/blog.panrotas.com.br\/viagem-e-estilo\/wp-content\/uploads\/sites\/33\/2020\/09\/pedra-do-bau.jpg\" \/>\n\t<meta property=\"og:image:width\" content=\"2000\" \/>\n\t<meta property=\"og:image:height\" content=\"946\" \/>\n<meta name=\"twitter:card\" content=\"summary_large_image\" \/>\n<meta name=\"twitter:label1\" content=\"Escrito por\" \/>\n\t<meta name=\"twitter:data1\" content=\"Rafaela Borges\" \/>\n\t<meta name=\"twitter:label2\" content=\"Est. tempo de leitura\" \/>\n\t<meta name=\"twitter:data2\" content=\"2 minutos\" \/>\n<script type=\"application\/ld+json\" class=\"yoast-schema-graph\">{\"@context\":\"https:\/\/schema.org\",\"@graph\":[{\"@type\":\"WebSite\",\"@id\":\"https:\/\/blog.panrotas.com.br\/viagem-e-estilo\/#website\",\"url\":\"https:\/\/blog.panrotas.com.br\/viagem-e-estilo\/\",\"name\":\"Viagem e Estilo\",\"description\":\"\",\"potentialAction\":[{\"@type\":\"SearchAction\",\"target\":{\"@type\":\"EntryPoint\",\"urlTemplate\":\"https:\/\/blog.panrotas.com.br\/viagem-e-estilo\/?s={search_term_string}\"},\"query-input\":\"required name=search_term_string\"}],\"inLanguage\":\"pt-BR\"},{\"@type\":\"ImageObject\",\"@id\":\"http:\/\/blog.panrotas.com.br\/viagem-e-estilo\/2020\/09\/04\/programas-ao-ar-livre-na-serra-da-mantiqueira\/#primaryimage\",\"inLanguage\":\"pt-BR\",\"url\":\"https:\/\/blog.panrotas.com.br\/viagem-e-estilo\/wp-content\/uploads\/sites\/33\/2020\/09\/pedra-do-bau.jpg\",\"contentUrl\":\"https:\/\/blog.panrotas.com.br\/viagem-e-estilo\/wp-content\/uploads\/sites\/33\/2020\/09\/pedra-do-bau.jpg\",\"width\":2000,\"height\":946,\"caption\":\"Fotos: Rafaela Borges\"},{\"@type\":\"WebPage\",\"@id\":\"http:\/\/blog.panrotas.com.br\/viagem-e-estilo\/2020\/09\/04\/programas-ao-ar-livre-na-serra-da-mantiqueira\/#webpage\",\"url\":\"http:\/\/blog.panrotas.com.br\/viagem-e-estilo\/2020\/09\/04\/programas-ao-ar-livre-na-serra-da-mantiqueira\/\",\"name\":\"Programas ao ar livre na Serra da Mantiqueira - Viagem e Estilo\",\"isPartOf\":{\"@id\":\"https:\/\/blog.panrotas.com.br\/viagem-e-estilo\/#website\"},\"primaryImageOfPage\":{\"@id\":\"http:\/\/blog.panrotas.com.br\/viagem-e-estilo\/2020\/09\/04\/programas-ao-ar-livre-na-serra-da-mantiqueira\/#primaryimage\"},\"datePublished\":\"2020-09-04T16:58:31+00:00\",\"dateModified\":\"2020-09-04T16:58:32+00:00\",\"author\":{\"@id\":\"https:\/\/blog.panrotas.com.br\/viagem-e-estilo\/#\/schema\/person\/ee4d47304314a9e1a034ee706c52567a\"},\"description\":\"No terceiro cap\\u00edtulo da s\\u00e9rie sobre turismo na Serra da Mantiqueira, listei algumas atra\\u00e7\\u00f5es que podem ser visitadas em seguran\\u00e7a\",\"breadcrumb\":{\"@id\":\"http:\/\/blog.panrotas.com.br\/viagem-e-estilo\/2020\/09\/04\/programas-ao-ar-livre-na-serra-da-mantiqueira\/#breadcrumb\"},\"inLanguage\":\"pt-BR\",\"potentialAction\":[{\"@type\":\"ReadAction\",\"target\":[\"http:\/\/blog.panrotas.com.br\/viagem-e-estilo\/2020\/09\/04\/programas-ao-ar-livre-na-serra-da-mantiqueira\/\"]}]},{\"@type\":\"BreadcrumbList\",\"@id\":\"http:\/\/blog.panrotas.com.br\/viagem-e-estilo\/2020\/09\/04\/programas-ao-ar-livre-na-serra-da-mantiqueira\/#breadcrumb\",\"itemListElement\":[{\"@type\":\"ListItem\",\"position\":1,\"name\":\"In\\u00edcio\",\"item\":\"https:\/\/blog.panrotas.com.br\/viagem-e-estilo\/\"},{\"@type\":\"ListItem\",\"position\":2,\"name\":\"Programas ao ar livre na Serra da Mantiqueira\"}]},{\"@type\":\"Person\",\"@id\":\"https:\/\/blog.panrotas.com.br\/viagem-e-estilo\/#\/schema\/person\/ee4d47304314a9e1a034ee706c52567a\",\"name\":\"Rafaela Borges\",\"image\":{\"@type\":\"ImageObject\",\"@id\":\"https:\/\/blog.panrotas.com.br\/viagem-e-estilo\/#personlogo\",\"inLanguage\":\"pt-BR\",\"url\":\"https:\/\/secure.gravatar.com\/avatar\/0ade7374765fe5108de97388245f942b?s=96&d=mm&r=g\",\"contentUrl\":\"https:\/\/secure.gravatar.com\/avatar\/0ade7374765fe5108de97388245f942b?s=96&d=mm&r=g\",\"caption\":\"Rafaela Borges\"},\"url\":\"https:\/\/blog.panrotas.com.br\/viagem-e-estilo\/author\/rafaela\/\"}]}<\/script>\n<!-- \/ Yoast SEO plugin. -->","yoast_head_json":{"title":"Programas ao ar livre na Serra da Mantiqueira - Viagem e Estilo","description":"No terceiro cap\u00edtulo da s\u00e9rie sobre turismo na Serra da Mantiqueira, listei algumas atra\u00e7\u00f5es que podem ser visitadas em seguran\u00e7a","robots":{"index":"index","follow":"follow","max-snippet":"max-snippet:-1","max-image-preview":"max-image-preview:large","max-video-preview":"max-video-preview:-1"},"canonical":"http:\/\/blog.panrotas.com.br\/viagem-e-estilo\/2020\/09\/04\/programas-ao-ar-livre-na-serra-da-mantiqueira\/","og_locale":"pt_BR","og_type":"article","og_title":"Programas ao ar livre na Serra da Mantiqueira - Viagem e Estilo","og_description":"No terceiro cap\u00edtulo da s\u00e9rie sobre turismo na Serra da Mantiqueira, listei algumas atra\u00e7\u00f5es que podem ser visitadas em seguran\u00e7a","og_url":"http:\/\/blog.panrotas.com.br\/viagem-e-estilo\/2020\/09\/04\/programas-ao-ar-livre-na-serra-da-mantiqueira\/","og_site_name":"Viagem e Estilo","article_published_time":"2020-09-04T16:58:31+00:00","article_modified_time":"2020-09-04T16:58:32+00:00","og_image":[{"width":2000,"height":946,"url":"http:\/\/blog.panrotas.com.br\/viagem-e-estilo\/wp-content\/uploads\/sites\/33\/2020\/09\/pedra-do-bau.jpg","type":"image\/jpeg"}],"twitter_card":"summary_large_image","twitter_misc":{"Escrito por":"Rafaela Borges","Est. tempo de leitura":"2 minutos"},"schema":{"@context":"https:\/\/schema.org","@graph":[{"@type":"WebSite","@id":"https:\/\/blog.panrotas.com.br\/viagem-e-estilo\/#website","url":"https:\/\/blog.panrotas.com.br\/viagem-e-estilo\/","name":"Viagem e Estilo","description":"","potentialAction":[{"@type":"SearchAction","target":{"@type":"EntryPoint","urlTemplate":"https:\/\/blog.panrotas.com.br\/viagem-e-estilo\/?s={search_term_string}"},"query-input":"required name=search_term_string"}],"inLanguage":"pt-BR"},{"@type":"ImageObject","@id":"http:\/\/blog.panrotas.com.br\/viagem-e-estilo\/2020\/09\/04\/programas-ao-ar-livre-na-serra-da-mantiqueira\/#primaryimage","inLanguage":"pt-BR","url":"https:\/\/blog.panrotas.com.br\/viagem-e-estilo\/wp-content\/uploads\/sites\/33\/2020\/09\/pedra-do-bau.jpg","contentUrl":"https:\/\/blog.panrotas.com.br\/viagem-e-estilo\/wp-content\/uploads\/sites\/33\/2020\/09\/pedra-do-bau.jpg","width":2000,"height":946,"caption":"Fotos: Rafaela Borges"},{"@type":"WebPage","@id":"http:\/\/blog.panrotas.com.br\/viagem-e-estilo\/2020\/09\/04\/programas-ao-ar-livre-na-serra-da-mantiqueira\/#webpage","url":"http:\/\/blog.panrotas.com.br\/viagem-e-estilo\/2020\/09\/04\/programas-ao-ar-livre-na-serra-da-mantiqueira\/","name":"Programas ao ar livre na Serra da Mantiqueira - Viagem e Estilo","isPartOf":{"@id":"https:\/\/blog.panrotas.com.br\/viagem-e-estilo\/#website"},"primaryImageOfPage":{"@id":"http:\/\/blog.panrotas.com.br\/viagem-e-estilo\/2020\/09\/04\/programas-ao-ar-livre-na-serra-da-mantiqueira\/#primaryimage"},"datePublished":"2020-09-04T16:58:31+00:00","dateModified":"2020-09-04T16:58:32+00:00","author":{"@id":"https:\/\/blog.panrotas.com.br\/viagem-e-estilo\/#\/schema\/person\/ee4d47304314a9e1a034ee706c52567a"},"description":"No terceiro cap\u00edtulo da s\u00e9rie sobre turismo na Serra da Mantiqueira, listei algumas atra\u00e7\u00f5es que podem ser visitadas em seguran\u00e7a","breadcrumb":{"@id":"http:\/\/blog.panrotas.com.br\/viagem-e-estilo\/2020\/09\/04\/programas-ao-ar-livre-na-serra-da-mantiqueira\/#breadcrumb"},"inLanguage":"pt-BR","potentialAction":[{"@type":"ReadAction","target":["http:\/\/blog.panrotas.com.br\/viagem-e-estilo\/2020\/09\/04\/programas-ao-ar-livre-na-serra-da-mantiqueira\/"]}]},{"@type":"BreadcrumbList","@id":"http:\/\/blog.panrotas.com.br\/viagem-e-estilo\/2020\/09\/04\/programas-ao-ar-livre-na-serra-da-mantiqueira\/#breadcrumb","itemListElement":[{"@type":"ListItem","position":1,"name":"In\u00edcio","item":"https:\/\/blog.panrotas.com.br\/viagem-e-estilo\/"},{"@type":"ListItem","position":2,"name":"Programas ao ar livre na Serra da Mantiqueira"}]},{"@type":"Person","@id":"https:\/\/blog.panrotas.com.br\/viagem-e-estilo\/#\/schema\/person\/ee4d47304314a9e1a034ee706c52567a","name":"Rafaela Borges","image":{"@type":"ImageObject","@id":"https:\/\/blog.panrotas.com.br\/viagem-e-estilo\/#personlogo","inLanguage":"pt-BR","url":"https:\/\/secure.gravatar.com\/avatar\/0ade7374765fe5108de97388245f942b?s=96&d=mm&r=g","contentUrl":"https:\/\/secure.gravatar.com\/avatar\/0ade7374765fe5108de97388245f942b?s=96&d=mm&r=g","caption":"Rafaela Borges"},"url":"https:\/\/blog.panrotas.com.br\/viagem-e-estilo\/author\/rafaela\/"}]}},"jetpack_featured_media_url":"https:\/\/blog.panrotas.com.br\/viagem-e-estilo\/wp-content\/uploads\/sites\/33\/2020\/09\/pedra-do-bau.jpg","_links":{"self":[{"href":"https:\/\/blog.panrotas.com.br\/viagem-e-estilo\/wp-json\/wp\/v2\/posts\/493"}],"collection":[{"href":"https:\/\/blog.panrotas.com.br\/viagem-e-estilo\/wp-json\/wp\/v2\/posts"}],"about":[{"href":"https:\/\/blog.panrotas.com.br\/viagem-e-estilo\/wp-json\/wp\/v2\/types\/post"}],"author":[{"embeddable":true,"href":"https:\/\/blog.panrotas.com.br\/viagem-e-estilo\/wp-json\/wp\/v2\/users\/36"}],"replies":[{"embeddable":true,"href":"https:\/\/blog.panrotas.com.br\/viagem-e-estilo\/wp-json\/wp\/v2\/comments?post=493"}],"version-history":[{"count":6,"href":"https:\/\/blog.panrotas.com.br\/viagem-e-estilo\/wp-json\/wp\/v2\/posts\/493\/revisions"}],"predecessor-version":[{"id":505,"href":"https:\/\/blog.panrotas.com.br\/viagem-e-estilo\/wp-json\/wp\/v2\/posts\/493\/revisions\/505"}],"wp:featuredmedia":[{"embeddable":true,"href":"https:\/\/blog.panrotas.com.br\/viagem-e-estilo\/wp-json\/wp\/v2\/media\/495"}],"wp:attachment":[{"href":"https:\/\/blog.panrotas.com.br\/viagem-e-estilo\/wp-json\/wp\/v2\/media?parent=493"}],"wp:term":[{"taxonomy":"category","embeddable":true,"href":"https:\/\/blog.panrotas.com.br\/viagem-e-estilo\/wp-json\/wp\/v2\/categories?post=493"},{"taxonomy":"post_tag","embeddable":true,"href":"https:\/\/blog.panrotas.com.br\/viagem-e-estilo\/wp-json\/wp\/v2\/tags?post=493"}],"curies":[{"name":"wp","href":"https:\/\/api.w.org\/{rel}","templated":true}]}}