{"id":623,"date":"2021-05-13T14:15:26","date_gmt":"2021-05-13T17:15:26","guid":{"rendered":"https:\/\/blog.panrotas.com.br\/viagem-e-estilo\/?p=623"},"modified":"2021-05-13T14:15:27","modified_gmt":"2021-05-13T17:15:27","slug":"praia-das-conchas-paraiso-guaruja","status":"publish","type":"post","link":"https:\/\/blog.panrotas.com.br\/viagem-e-estilo\/2021\/05\/13\/praia-das-conchas-paraiso-guaruja\/","title":{"rendered":"Praia das Conchas: um para\u00edso em pleno Guaruj\u00e1"},"content":{"rendered":"\n<p>Para quem quer curtir uma praia mesmo na pandemia, viajar de carro \u00e9 uma das melhores maneiras de evitar os riscos. Melhor ainda se for para um local paradis\u00edaco e sem aglomera\u00e7\u00f5es. Para quem mora em S\u00e3o Paulo, em menos de uma hora e meia \u00e9 poss\u00edvel chegar \u00e0 Praia das Conchas.<\/p>\n\n\n\n<p>No Instagram: <strong><a href=\"https:\/\/www.instagram.com\/rafaelatborges\/\" target=\"_blank\" rel=\"noreferrer noopener\">@rafaelatborges<\/a><\/strong><\/p>\n\n\n\n<p>A bela praia fica no bom e velho Guaruj\u00e1, mas longe das mais tradicionais, como Enseada e Pitangueiras. A Praia das Conchas est\u00e1 ao lado da de Iporanga, e a melhor maneira de chegar \u00e9 pelo condom\u00ednio de mesmo nome.<\/p>\n\n\n\n<p>Por\u00e9m, como se trata de uma \u00e1rea de preserva\u00e7\u00e3o ambiental, o acesso dos carros \u00e9 restrito ao n\u00famero de vagas para visitantes do estacionamento, pouco mais de 100. De l\u00e1 at\u00e9 a praia, h\u00e1 uma caminhada de cerca de 500 metros por uma bela alameda.<\/p>\n\n\n\n<p>Se n\u00e3o houver mais vagas para carros, os visitantes podem acessar o condom\u00ednio a p\u00e9, e caminhar at\u00e9 a praia. Por\u00e9m, poucos se arriscam: s\u00e3o 3,2 km de caminhada.<\/p>\n\n\n\n<p>Outro acesso \u00e9 pelo condom\u00ednio S\u00e3o Pedro, ao lado. Nesse caso, o visitante tem de caminhar cerca de um quil\u00f4metro pela<a href=\"https:\/\/blog.panrotas.com.br\/viagem-e-estilo\/2020\/09\/11\/praias-no-litoral-de-sao-paulo-para-fugir-da-aglomeracao\/\"> <em>Praia de S\u00e3o Pedro <\/em><\/a>(tamb\u00e9m bel\u00edssima) at\u00e9 chegar \u00e0 Praia das Conchas.<\/p>\n\n\n\n<figure class=\"wp-block-image size-large\"><img loading=\"lazy\" width=\"1024\" height=\"484\" src=\"https:\/\/blog.panrotas.com.br\/viagem-e-estilo\/wp-content\/uploads\/sites\/33\/2021\/05\/praia-das-conchas-areia-1-1024x484.jpg\" alt=\"\" class=\"wp-image-627\" srcset=\"https:\/\/blog.panrotas.com.br\/viagem-e-estilo\/wp-content\/uploads\/sites\/33\/2021\/05\/praia-das-conchas-areia-1-1024x484.jpg 1024w, https:\/\/blog.panrotas.com.br\/viagem-e-estilo\/wp-content\/uploads\/sites\/33\/2021\/05\/praia-das-conchas-areia-1-300x142.jpg 300w, https:\/\/blog.panrotas.com.br\/viagem-e-estilo\/wp-content\/uploads\/sites\/33\/2021\/05\/praia-das-conchas-areia-1-768x363.jpg 768w, https:\/\/blog.panrotas.com.br\/viagem-e-estilo\/wp-content\/uploads\/sites\/33\/2021\/05\/praia-das-conchas-areia-1-1536x727.jpg 1536w, https:\/\/blog.panrotas.com.br\/viagem-e-estilo\/wp-content\/uploads\/sites\/33\/2021\/05\/praia-das-conchas-areia-1-740x350.jpg 740w, https:\/\/blog.panrotas.com.br\/viagem-e-estilo\/wp-content\/uploads\/sites\/33\/2021\/05\/praia-das-conchas-areia-1.jpg 2000w\" sizes=\"(max-width: 1024px) 100vw, 1024px\" \/><\/figure>\n\n\n\n<p>No caso de S\u00e3o Pedro, o acesso dos carros tamb\u00e9m \u00e9 restrito ao n\u00famero de vagas do estacionamento para visitantes. Ao chegar em ambos os condom\u00ednios, \u00e9 preciso, na portaria, informar que vai visitar a Praia das Conchas.<\/p>\n\n\n\n<p>S\u00e3o Pedro e Iporanga ficam na rodovia Ariovaldo de Almeida Viana, tamb\u00e9m conhecida como Guaruj\u00e1-Bertioga. O trecho em que est\u00e3o aos condom\u00ednios \u00e9 chamado ainda de estrada Parque Serra do Guararu, nome da reserva ambiental da regi\u00e3o.<\/p>\n\n\n\n<h4>Como \u00e9 a Praia das Conchas<\/h4>\n\n\n\n<p>Esque\u00e7a o conceito de praia para passar o dia comendo e bebendo. N\u00e3o \u00e9 permitida a venda de alimentos na Praia das Conchas. Barracas n\u00e3o s\u00e3o permitidas, nem cadeiras e guarda-s\u00f3is. A recomenda\u00e7\u00e3o \u00e9 levar cangas, toalhas ou esteiras para estender na areia.<\/p>\n\n\n\n<figure class=\"wp-block-image size-large\"><img loading=\"lazy\" width=\"1024\" height=\"484\" src=\"https:\/\/blog.panrotas.com.br\/viagem-e-estilo\/wp-content\/uploads\/sites\/33\/2021\/05\/praia-das-conchas-piscina-natural-1024x484.jpg\" alt=\"Piscina natural na Praia das Conchas\" class=\"wp-image-628\" srcset=\"https:\/\/blog.panrotas.com.br\/viagem-e-estilo\/wp-content\/uploads\/sites\/33\/2021\/05\/praia-das-conchas-piscina-natural-1024x484.jpg 1024w, https:\/\/blog.panrotas.com.br\/viagem-e-estilo\/wp-content\/uploads\/sites\/33\/2021\/05\/praia-das-conchas-piscina-natural-300x142.jpg 300w, https:\/\/blog.panrotas.com.br\/viagem-e-estilo\/wp-content\/uploads\/sites\/33\/2021\/05\/praia-das-conchas-piscina-natural-768x363.jpg 768w, https:\/\/blog.panrotas.com.br\/viagem-e-estilo\/wp-content\/uploads\/sites\/33\/2021\/05\/praia-das-conchas-piscina-natural-1536x727.jpg 1536w, https:\/\/blog.panrotas.com.br\/viagem-e-estilo\/wp-content\/uploads\/sites\/33\/2021\/05\/praia-das-conchas-piscina-natural-740x350.jpg 740w, https:\/\/blog.panrotas.com.br\/viagem-e-estilo\/wp-content\/uploads\/sites\/33\/2021\/05\/praia-das-conchas-piscina-natural.jpg 2000w\" sizes=\"(max-width: 1024px) 100vw, 1024px\" \/><figcaption>Piscina natural na Praia das Conchas<\/figcaption><\/figure>\n\n\n\n<p>A praia dificilmente tem aglomera\u00e7\u00f5es, e fica com a faixa de areia repleta de espa\u00e7os. Por ali, manter o distanciamento social \u00e9 f\u00e1cil.<\/p>\n\n\n\n<p>Em meio \u00e0 Serra do Guararu, \u00e9 rodeada por vegeta\u00e7\u00e3o. O mar claro, de tom meio esverdeado, tem ondas fraquinhas. O local \u00e9 ideal para a pr\u00e1tica de snorkeling e stand up paddle.<\/p>\n\n\n\n<p>Outra atra\u00e7\u00e3o da Praia das Conchas \u00e9 uma bela piscina natural, bem no canto da faixa de areia.<\/p>\n","protected":false},"excerpt":{"rendered":"<p>Praia fica no meio da Serra do Guararu, tem piscina natural e \u00e9 sem aglomera\u00e7\u00e3o&hellip; <a class=\"more-link\" href=\"https:\/\/blog.panrotas.com.br\/viagem-e-estilo\/2021\/05\/13\/praia-das-conchas-paraiso-guaruja\/\">Continue reading &rarr;<\/a><\/p>\n","protected":false},"author":36,"featured_media":624,"comment_status":"open","ping_status":"open","sticky":false,"template":"","format":"standard","meta":{"spay_email":""},"categories":[14],"tags":[119,118],"yoast_head":"<!-- This site is optimized with the Yoast SEO plugin v17.3 - https:\/\/yoast.com\/wordpress\/plugins\/seo\/ -->\n<title>Praia das Conchas: um para\u00edso em pleno Guaruj\u00e1 - Viagem e Estilo<\/title>\n<meta name=\"description\" content=\"Praia das Conchas fica no meio da Serra do Guararu, tem piscina natural e \u00e9 sem aglomera\u00e7\u00e3o. Acesso \u00e9 pelo condom\u00ednio Iporanga\" \/>\n<meta name=\"robots\" content=\"index, follow, max-snippet:-1, max-image-preview:large, max-video-preview:-1\" \/>\n<link rel=\"canonical\" href=\"https:\/\/blog.panrotas.com.br\/viagem-e-estilo\/2021\/05\/13\/praia-das-conchas-paraiso-guaruja\/\" \/>\n<meta property=\"og:locale\" content=\"pt_BR\" \/>\n<meta property=\"og:type\" content=\"article\" \/>\n<meta property=\"og:title\" content=\"Praia das Conchas: um para\u00edso em pleno Guaruj\u00e1 - Viagem e Estilo\" \/>\n<meta property=\"og:description\" content=\"Praia das Conchas fica no meio da Serra do Guararu, tem piscina natural e \u00e9 sem aglomera\u00e7\u00e3o. Acesso \u00e9 pelo condom\u00ednio Iporanga\" \/>\n<meta property=\"og:url\" content=\"https:\/\/blog.panrotas.com.br\/viagem-e-estilo\/2021\/05\/13\/praia-das-conchas-paraiso-guaruja\/\" \/>\n<meta property=\"og:site_name\" content=\"Viagem e Estilo\" \/>\n<meta property=\"article:published_time\" content=\"2021-05-13T17:15:26+00:00\" \/>\n<meta property=\"article:modified_time\" content=\"2021-05-13T17:15:27+00:00\" \/>\n<meta property=\"og:image\" content=\"http:\/\/blog.panrotas.com.br\/viagem-e-estilo\/wp-content\/uploads\/sites\/33\/2021\/05\/praia-das-conchas-abre.jpg\" \/>\n\t<meta property=\"og:image:width\" content=\"2000\" \/>\n\t<meta property=\"og:image:height\" content=\"946\" \/>\n<meta name=\"twitter:card\" content=\"summary_large_image\" \/>\n<meta name=\"twitter:label1\" content=\"Escrito por\" \/>\n\t<meta name=\"twitter:data1\" content=\"Rafaela Borges\" \/>\n\t<meta name=\"twitter:label2\" content=\"Est. tempo de leitura\" \/>\n\t<meta name=\"twitter:data2\" content=\"3 minutos\" \/>\n<script type=\"application\/ld+json\" class=\"yoast-schema-graph\">{\"@context\":\"https:\/\/schema.org\",\"@graph\":[{\"@type\":\"WebSite\",\"@id\":\"https:\/\/blog.panrotas.com.br\/viagem-e-estilo\/#website\",\"url\":\"https:\/\/blog.panrotas.com.br\/viagem-e-estilo\/\",\"name\":\"Viagem e Estilo\",\"description\":\"\",\"potentialAction\":[{\"@type\":\"SearchAction\",\"target\":{\"@type\":\"EntryPoint\",\"urlTemplate\":\"https:\/\/blog.panrotas.com.br\/viagem-e-estilo\/?s={search_term_string}\"},\"query-input\":\"required name=search_term_string\"}],\"inLanguage\":\"pt-BR\"},{\"@type\":\"ImageObject\",\"@id\":\"https:\/\/blog.panrotas.com.br\/viagem-e-estilo\/2021\/05\/13\/praia-das-conchas-paraiso-guaruja\/#primaryimage\",\"inLanguage\":\"pt-BR\",\"url\":\"https:\/\/blog.panrotas.com.br\/viagem-e-estilo\/wp-content\/uploads\/sites\/33\/2021\/05\/praia-das-conchas-abre.jpg\",\"contentUrl\":\"https:\/\/blog.panrotas.com.br\/viagem-e-estilo\/wp-content\/uploads\/sites\/33\/2021\/05\/praia-das-conchas-abre.jpg\",\"width\":2000,\"height\":946,\"caption\":\"Fotos: Rafaela Borges\"},{\"@type\":\"WebPage\",\"@id\":\"https:\/\/blog.panrotas.com.br\/viagem-e-estilo\/2021\/05\/13\/praia-das-conchas-paraiso-guaruja\/#webpage\",\"url\":\"https:\/\/blog.panrotas.com.br\/viagem-e-estilo\/2021\/05\/13\/praia-das-conchas-paraiso-guaruja\/\",\"name\":\"Praia das Conchas: um para\\u00edso em pleno Guaruj\\u00e1 - Viagem e Estilo\",\"isPartOf\":{\"@id\":\"https:\/\/blog.panrotas.com.br\/viagem-e-estilo\/#website\"},\"primaryImageOfPage\":{\"@id\":\"https:\/\/blog.panrotas.com.br\/viagem-e-estilo\/2021\/05\/13\/praia-das-conchas-paraiso-guaruja\/#primaryimage\"},\"datePublished\":\"2021-05-13T17:15:26+00:00\",\"dateModified\":\"2021-05-13T17:15:27+00:00\",\"author\":{\"@id\":\"https:\/\/blog.panrotas.com.br\/viagem-e-estilo\/#\/schema\/person\/ee4d47304314a9e1a034ee706c52567a\"},\"description\":\"Praia das Conchas fica no meio da Serra do Guararu, tem piscina natural e \\u00e9 sem aglomera\\u00e7\\u00e3o. Acesso \\u00e9 pelo condom\\u00ednio Iporanga\",\"breadcrumb\":{\"@id\":\"https:\/\/blog.panrotas.com.br\/viagem-e-estilo\/2021\/05\/13\/praia-das-conchas-paraiso-guaruja\/#breadcrumb\"},\"inLanguage\":\"pt-BR\",\"potentialAction\":[{\"@type\":\"ReadAction\",\"target\":[\"https:\/\/blog.panrotas.com.br\/viagem-e-estilo\/2021\/05\/13\/praia-das-conchas-paraiso-guaruja\/\"]}]},{\"@type\":\"BreadcrumbList\",\"@id\":\"https:\/\/blog.panrotas.com.br\/viagem-e-estilo\/2021\/05\/13\/praia-das-conchas-paraiso-guaruja\/#breadcrumb\",\"itemListElement\":[{\"@type\":\"ListItem\",\"position\":1,\"name\":\"In\\u00edcio\",\"item\":\"https:\/\/blog.panrotas.com.br\/viagem-e-estilo\/\"},{\"@type\":\"ListItem\",\"position\":2,\"name\":\"Praia das Conchas: um para\\u00edso em pleno Guaruj\\u00e1\"}]},{\"@type\":\"Person\",\"@id\":\"https:\/\/blog.panrotas.com.br\/viagem-e-estilo\/#\/schema\/person\/ee4d47304314a9e1a034ee706c52567a\",\"name\":\"Rafaela Borges\",\"image\":{\"@type\":\"ImageObject\",\"@id\":\"https:\/\/blog.panrotas.com.br\/viagem-e-estilo\/#personlogo\",\"inLanguage\":\"pt-BR\",\"url\":\"https:\/\/secure.gravatar.com\/avatar\/0ade7374765fe5108de97388245f942b?s=96&d=mm&r=g\",\"contentUrl\":\"https:\/\/secure.gravatar.com\/avatar\/0ade7374765fe5108de97388245f942b?s=96&d=mm&r=g\",\"caption\":\"Rafaela Borges\"},\"url\":\"https:\/\/blog.panrotas.com.br\/viagem-e-estilo\/author\/rafaela\/\"}]}<\/script>\n<!-- \/ Yoast SEO plugin. -->","yoast_head_json":{"title":"Praia das Conchas: um para\u00edso em pleno Guaruj\u00e1 - Viagem e Estilo","description":"Praia das Conchas fica no meio da Serra do Guararu, tem piscina natural e \u00e9 sem aglomera\u00e7\u00e3o. Acesso \u00e9 pelo condom\u00ednio Iporanga","robots":{"index":"index","follow":"follow","max-snippet":"max-snippet:-1","max-image-preview":"max-image-preview:large","max-video-preview":"max-video-preview:-1"},"canonical":"https:\/\/blog.panrotas.com.br\/viagem-e-estilo\/2021\/05\/13\/praia-das-conchas-paraiso-guaruja\/","og_locale":"pt_BR","og_type":"article","og_title":"Praia das Conchas: um para\u00edso em pleno Guaruj\u00e1 - Viagem e Estilo","og_description":"Praia das Conchas fica no meio da Serra do Guararu, tem piscina natural e \u00e9 sem aglomera\u00e7\u00e3o. Acesso \u00e9 pelo condom\u00ednio Iporanga","og_url":"https:\/\/blog.panrotas.com.br\/viagem-e-estilo\/2021\/05\/13\/praia-das-conchas-paraiso-guaruja\/","og_site_name":"Viagem e Estilo","article_published_time":"2021-05-13T17:15:26+00:00","article_modified_time":"2021-05-13T17:15:27+00:00","og_image":[{"width":2000,"height":946,"url":"http:\/\/blog.panrotas.com.br\/viagem-e-estilo\/wp-content\/uploads\/sites\/33\/2021\/05\/praia-das-conchas-abre.jpg","type":"image\/jpeg"}],"twitter_card":"summary_large_image","twitter_misc":{"Escrito por":"Rafaela Borges","Est. tempo de leitura":"3 minutos"},"schema":{"@context":"https:\/\/schema.org","@graph":[{"@type":"WebSite","@id":"https:\/\/blog.panrotas.com.br\/viagem-e-estilo\/#website","url":"https:\/\/blog.panrotas.com.br\/viagem-e-estilo\/","name":"Viagem e Estilo","description":"","potentialAction":[{"@type":"SearchAction","target":{"@type":"EntryPoint","urlTemplate":"https:\/\/blog.panrotas.com.br\/viagem-e-estilo\/?s={search_term_string}"},"query-input":"required name=search_term_string"}],"inLanguage":"pt-BR"},{"@type":"ImageObject","@id":"https:\/\/blog.panrotas.com.br\/viagem-e-estilo\/2021\/05\/13\/praia-das-conchas-paraiso-guaruja\/#primaryimage","inLanguage":"pt-BR","url":"https:\/\/blog.panrotas.com.br\/viagem-e-estilo\/wp-content\/uploads\/sites\/33\/2021\/05\/praia-das-conchas-abre.jpg","contentUrl":"https:\/\/blog.panrotas.com.br\/viagem-e-estilo\/wp-content\/uploads\/sites\/33\/2021\/05\/praia-das-conchas-abre.jpg","width":2000,"height":946,"caption":"Fotos: Rafaela Borges"},{"@type":"WebPage","@id":"https:\/\/blog.panrotas.com.br\/viagem-e-estilo\/2021\/05\/13\/praia-das-conchas-paraiso-guaruja\/#webpage","url":"https:\/\/blog.panrotas.com.br\/viagem-e-estilo\/2021\/05\/13\/praia-das-conchas-paraiso-guaruja\/","name":"Praia das Conchas: um para\u00edso em pleno Guaruj\u00e1 - Viagem e Estilo","isPartOf":{"@id":"https:\/\/blog.panrotas.com.br\/viagem-e-estilo\/#website"},"primaryImageOfPage":{"@id":"https:\/\/blog.panrotas.com.br\/viagem-e-estilo\/2021\/05\/13\/praia-das-conchas-paraiso-guaruja\/#primaryimage"},"datePublished":"2021-05-13T17:15:26+00:00","dateModified":"2021-05-13T17:15:27+00:00","author":{"@id":"https:\/\/blog.panrotas.com.br\/viagem-e-estilo\/#\/schema\/person\/ee4d47304314a9e1a034ee706c52567a"},"description":"Praia das Conchas fica no meio da Serra do Guararu, tem piscina natural e \u00e9 sem aglomera\u00e7\u00e3o. Acesso \u00e9 pelo condom\u00ednio Iporanga","breadcrumb":{"@id":"https:\/\/blog.panrotas.com.br\/viagem-e-estilo\/2021\/05\/13\/praia-das-conchas-paraiso-guaruja\/#breadcrumb"},"inLanguage":"pt-BR","potentialAction":[{"@type":"ReadAction","target":["https:\/\/blog.panrotas.com.br\/viagem-e-estilo\/2021\/05\/13\/praia-das-conchas-paraiso-guaruja\/"]}]},{"@type":"BreadcrumbList","@id":"https:\/\/blog.panrotas.com.br\/viagem-e-estilo\/2021\/05\/13\/praia-das-conchas-paraiso-guaruja\/#breadcrumb","itemListElement":[{"@type":"ListItem","position":1,"name":"In\u00edcio","item":"https:\/\/blog.panrotas.com.br\/viagem-e-estilo\/"},{"@type":"ListItem","position":2,"name":"Praia das Conchas: um para\u00edso em pleno Guaruj\u00e1"}]},{"@type":"Person","@id":"https:\/\/blog.panrotas.com.br\/viagem-e-estilo\/#\/schema\/person\/ee4d47304314a9e1a034ee706c52567a","name":"Rafaela Borges","image":{"@type":"ImageObject","@id":"https:\/\/blog.panrotas.com.br\/viagem-e-estilo\/#personlogo","inLanguage":"pt-BR","url":"https:\/\/secure.gravatar.com\/avatar\/0ade7374765fe5108de97388245f942b?s=96&d=mm&r=g","contentUrl":"https:\/\/secure.gravatar.com\/avatar\/0ade7374765fe5108de97388245f942b?s=96&d=mm&r=g","caption":"Rafaela Borges"},"url":"https:\/\/blog.panrotas.com.br\/viagem-e-estilo\/author\/rafaela\/"}]}},"jetpack_featured_media_url":"https:\/\/blog.panrotas.com.br\/viagem-e-estilo\/wp-content\/uploads\/sites\/33\/2021\/05\/praia-das-conchas-abre.jpg","_links":{"self":[{"href":"https:\/\/blog.panrotas.com.br\/viagem-e-estilo\/wp-json\/wp\/v2\/posts\/623"}],"collection":[{"href":"https:\/\/blog.panrotas.com.br\/viagem-e-estilo\/wp-json\/wp\/v2\/posts"}],"about":[{"href":"https:\/\/blog.panrotas.com.br\/viagem-e-estilo\/wp-json\/wp\/v2\/types\/post"}],"author":[{"embeddable":true,"href":"https:\/\/blog.panrotas.com.br\/viagem-e-estilo\/wp-json\/wp\/v2\/users\/36"}],"replies":[{"embeddable":true,"href":"https:\/\/blog.panrotas.com.br\/viagem-e-estilo\/wp-json\/wp\/v2\/comments?post=623"}],"version-history":[{"count":3,"href":"https:\/\/blog.panrotas.com.br\/viagem-e-estilo\/wp-json\/wp\/v2\/posts\/623\/revisions"}],"predecessor-version":[{"id":630,"href":"https:\/\/blog.panrotas.com.br\/viagem-e-estilo\/wp-json\/wp\/v2\/posts\/623\/revisions\/630"}],"wp:featuredmedia":[{"embeddable":true,"href":"https:\/\/blog.panrotas.com.br\/viagem-e-estilo\/wp-json\/wp\/v2\/media\/624"}],"wp:attachment":[{"href":"https:\/\/blog.panrotas.com.br\/viagem-e-estilo\/wp-json\/wp\/v2\/media?parent=623"}],"wp:term":[{"taxonomy":"category","embeddable":true,"href":"https:\/\/blog.panrotas.com.br\/viagem-e-estilo\/wp-json\/wp\/v2\/categories?post=623"},{"taxonomy":"post_tag","embeddable":true,"href":"https:\/\/blog.panrotas.com.br\/viagem-e-estilo\/wp-json\/wp\/v2\/tags?post=623"}],"curies":[{"name":"wp","href":"https:\/\/api.w.org\/{rel}","templated":true}]}}