{"id":908,"date":"2022-11-16T20:30:50","date_gmt":"2022-11-16T22:30:50","guid":{"rendered":"https:\/\/blog.panrotas.com.br\/viagem-e-estilo\/?p=908"},"modified":"2022-11-16T20:30:52","modified_gmt":"2022-11-16T22:30:52","slug":"emiliano-ano-novo-copacabana","status":"publish","type":"post","link":"https:\/\/blog.panrotas.com.br\/viagem-e-estilo\/2022\/11\/16\/emiliano-ano-novo-copacabana\/","title":{"rendered":"Emiliano Rio prepara festa de Ano Novo em Copacabana"},"content":{"rendered":"\n<p>Para quem procura uma festa badalada de r\u00e9veillon, os locais mais desejados s\u00e3o Trancoso (BA), Fernando de Noronha (PE), Jurer\u00ea Internacional (SC), S\u00e3o Miguel dos Milagres (AL) e Punta del Este, no Uruguai. Por\u00e9m, o Ano Novo mais famoso do mundo sempre foi, e provavelmente sempre ser\u00e1, no Rio de Janeiro.<\/p>\n\n\n\n<p>\u00c9 l\u00e1 que est\u00e1 o maior espet\u00e1culo da noite de Ano Novo: os fogos de Copacabana. Eu j\u00e1 estive uma vez ali nos arredores, e sinceramente n\u00e3o gostei. \u00c9 bem lotado, e n\u00e3o tem nada a ver com a badala\u00e7\u00e3o de festas p\u00e9-na-areia dos locais acima.<\/p>\n\n\n\n<p>Mas tudo muda quando h\u00e1 a possibilidade de assistir ao show de Copacabana em uma festa realizada por um dos hot\u00e9is mais luxuosos do Rio. O Emiliano, que fica no posto 6, em Copacabana, est\u00e1 promovendo uma grande celebra\u00e7\u00e3o para o Ano Novo 2022\/2023.<\/p>\n\n\n\n<p><strong>No Instagram: <a href=\"https:\/\/www.instagram.com\/rafaelatborges\/\">@rafaelatborges<\/a><\/strong><\/p>\n\n\n\n<h4>Como ser\u00e1 o Ano Novo do Emiliano<\/h4>\n\n\n\n<p>A festa de r\u00e9veillon do Emiliano Rio ser\u00e1 no restaurante no rooftop do hotel, que vem sendo uma alternativa ao Emile, no t\u00e9rreo. Por isso, a vista para o show de fogos de artif\u00edcio de Copacabana est\u00e1 garantida.<\/p>\n\n\n\n<p>O card\u00e1pio ser\u00e1 assinado pelo chef Camilo Vanazzi. O open bar de bebidas inclui whisky Johnny Walker, gin Tanqueray, vodcas Ketel One e Ketel One Botanical e cerveja Heineken. A inspira\u00e7\u00e3o ser\u00e1 na boemia carioca.<\/p>\n\n\n\n<p>Como atra\u00e7\u00f5es, haver\u00e1 show de Pretinho da Serrinha em estilo roda de samba, com participa\u00e7\u00e3o da Portela. A noite ter\u00e1 ainda dois DJs: S\u00f4 Lyma para a abertura e Pachu para o fechamento.<\/p>\n\n\n\n<h4>Pacotes<\/h4>\n\n\n\n<p>A m\u00e1 not\u00edcia \u00e9 que a festa \u00e9 exclusiva para h\u00f3spedes. O Emiliano est\u00e1 vendendo pacotes que incluem hospedagem e a festa. Eles partem de R$ 26.400, j\u00e1 com dois pares de ingressos, com acomoda\u00e7\u00e3o em apartamento Deluxe. Na <a href=\"https:\/\/blog.panrotas.com.br\/viagem-e-estilo\/2022\/02\/16\/emiliano-experiencia-personalizada-bem-estar-rio\/\">Ocean Spa Suite<\/a>, em que me hospedei quando estive no hotel, s\u00e3o R$ 71.200.<\/p>\n\n\n\n<p>O pacote mais caro \u00e9 o da Ocean Master Suite, de 120 metros quadrados. Nesse caso, o total sai por R$ 79.700. Outros servi\u00e7os inclu\u00eddos no pacote s\u00e3o caf\u00e9 da manh\u00e3 para duas pessoas, 15 minutos de massagem no spa, uma garrafa de champagne e Havaianas personalizadas pelo hotel. As reservas podem ser feitas por meio <a href=\"https:\/\/emiliano.com.br\/reveillon\/\">deste site.<\/a> <\/p>\n\n\n\n<h4>Copacabana Palace<\/h4>\n\n\n\n<p>Para quem estar\u00e1 no Rio de Janeiro, mas sem planos de se hospedar em um hotel de luxo, o Belmond Copacabana Palace tamb\u00e9m ter\u00e1 sua festa de r\u00e9veillon para a virada 2022\/2023. Como no Emiliano, haver\u00e1 DJs, bandas e possibilidade de acompanhar os fogos de Copacabana, embora n\u00e3o com uma vista t\u00e3o privilegiada como a do restaurante rooftop.<\/p>\n\n\n\n<p>Isso porque a festa do Copacabana Palace, que \u00e9 bem maior (e menos intimista, portanto) que a do Emiliano, ser\u00e1 realizada em tr\u00eas diferentes sal\u00f5es do hotel.<\/p>\n\n\n\n<p>O r\u00e9veillon do Copa tamb\u00e9m ter\u00e1 open bar e jantar. O tema deste ano ser\u00e1 &#8220;White and Gold&#8221;. Os ingressos, por R$ 4.345, est\u00e3o \u00e0 venda no site Sympla.<\/p>\n","protected":false},"excerpt":{"rendered":"<p>Para quem procura uma festa badalada de r\u00e9veillon, os locais mais desejados s\u00e3o Trancoso (BA), Fernando de Noronha (PE), Jurer\u00ea Internacional (SC), S\u00e3o Miguel dos Milagres (AL) e Punta del Este, no Uruguai. Por\u00e9m, o Ano Novo mais famoso do mundo sempre foi, e provavelmente sempre ser\u00e1, no Rio de Janeiro. \u00c9 l\u00e1 que est\u00e1&hellip; <a class=\"more-link\" href=\"https:\/\/blog.panrotas.com.br\/viagem-e-estilo\/2022\/11\/16\/emiliano-ano-novo-copacabana\/\">Continue reading &rarr;<\/a><\/p>\n","protected":false},"author":36,"featured_media":745,"comment_status":"open","ping_status":"open","sticky":false,"template":"","format":"standard","meta":{"spay_email":""},"categories":[14,22],"tags":[],"yoast_head":"<!-- This site is optimized with the Yoast SEO plugin v17.3 - https:\/\/yoast.com\/wordpress\/plugins\/seo\/ -->\n<title>Emiliano Rio prepara festa de Ano Novo em Copacabana - Viagem e Estilo<\/title>\n<meta name=\"description\" content=\"o Ano Novo mais famoso do mundo sempre foi, e provavelmente sempre ser\u00e1, no Rio de Janeiro, com os fogos de Copacabana\" \/>\n<meta name=\"robots\" content=\"index, follow, max-snippet:-1, max-image-preview:large, max-video-preview:-1\" \/>\n<link rel=\"canonical\" href=\"https:\/\/blog.panrotas.com.br\/viagem-e-estilo\/2022\/11\/16\/emiliano-ano-novo-copacabana\/\" \/>\n<meta property=\"og:locale\" content=\"pt_BR\" \/>\n<meta property=\"og:type\" content=\"article\" \/>\n<meta property=\"og:title\" content=\"Emiliano Rio prepara festa de Ano Novo em Copacabana - Viagem e Estilo\" \/>\n<meta property=\"og:description\" content=\"o Ano Novo mais famoso do mundo sempre foi, e provavelmente sempre ser\u00e1, no Rio de Janeiro, com os fogos de Copacabana\" \/>\n<meta property=\"og:url\" content=\"https:\/\/blog.panrotas.com.br\/viagem-e-estilo\/2022\/11\/16\/emiliano-ano-novo-copacabana\/\" \/>\n<meta property=\"og:site_name\" content=\"Viagem e Estilo\" \/>\n<meta property=\"article:published_time\" content=\"2022-11-16T22:30:50+00:00\" \/>\n<meta property=\"article:modified_time\" content=\"2022-11-16T22:30:52+00:00\" \/>\n<meta property=\"og:image\" content=\"http:\/\/blog.panrotas.com.br\/viagem-e-estilo\/wp-content\/uploads\/sites\/33\/2022\/02\/piscina.jpg\" \/>\n\t<meta property=\"og:image:width\" content=\"1000\" \/>\n\t<meta property=\"og:image:height\" content=\"450\" \/>\n<meta name=\"twitter:card\" content=\"summary_large_image\" \/>\n<meta name=\"twitter:label1\" content=\"Escrito por\" \/>\n\t<meta name=\"twitter:data1\" content=\"Rafaela Borges\" \/>\n\t<meta name=\"twitter:label2\" content=\"Est. tempo de leitura\" \/>\n\t<meta name=\"twitter:data2\" content=\"3 minutos\" \/>\n<script type=\"application\/ld+json\" class=\"yoast-schema-graph\">{\"@context\":\"https:\/\/schema.org\",\"@graph\":[{\"@type\":\"WebSite\",\"@id\":\"https:\/\/blog.panrotas.com.br\/viagem-e-estilo\/#website\",\"url\":\"https:\/\/blog.panrotas.com.br\/viagem-e-estilo\/\",\"name\":\"Viagem e Estilo\",\"description\":\"\",\"potentialAction\":[{\"@type\":\"SearchAction\",\"target\":{\"@type\":\"EntryPoint\",\"urlTemplate\":\"https:\/\/blog.panrotas.com.br\/viagem-e-estilo\/?s={search_term_string}\"},\"query-input\":\"required name=search_term_string\"}],\"inLanguage\":\"pt-BR\"},{\"@type\":\"ImageObject\",\"@id\":\"https:\/\/blog.panrotas.com.br\/viagem-e-estilo\/2022\/11\/16\/emiliano-ano-novo-copacabana\/#primaryimage\",\"inLanguage\":\"pt-BR\",\"url\":\"https:\/\/blog.panrotas.com.br\/viagem-e-estilo\/wp-content\/uploads\/sites\/33\/2022\/02\/piscina.jpg\",\"contentUrl\":\"https:\/\/blog.panrotas.com.br\/viagem-e-estilo\/wp-content\/uploads\/sites\/33\/2022\/02\/piscina.jpg\",\"width\":1000,\"height\":450,\"caption\":\"Foto: Rafaela Borges\"},{\"@type\":\"WebPage\",\"@id\":\"https:\/\/blog.panrotas.com.br\/viagem-e-estilo\/2022\/11\/16\/emiliano-ano-novo-copacabana\/#webpage\",\"url\":\"https:\/\/blog.panrotas.com.br\/viagem-e-estilo\/2022\/11\/16\/emiliano-ano-novo-copacabana\/\",\"name\":\"Emiliano Rio prepara festa de Ano Novo em Copacabana - Viagem e Estilo\",\"isPartOf\":{\"@id\":\"https:\/\/blog.panrotas.com.br\/viagem-e-estilo\/#website\"},\"primaryImageOfPage\":{\"@id\":\"https:\/\/blog.panrotas.com.br\/viagem-e-estilo\/2022\/11\/16\/emiliano-ano-novo-copacabana\/#primaryimage\"},\"datePublished\":\"2022-11-16T22:30:50+00:00\",\"dateModified\":\"2022-11-16T22:30:52+00:00\",\"author\":{\"@id\":\"https:\/\/blog.panrotas.com.br\/viagem-e-estilo\/#\/schema\/person\/ee4d47304314a9e1a034ee706c52567a\"},\"description\":\"o Ano Novo mais famoso do mundo sempre foi, e provavelmente sempre ser\\u00e1, no Rio de Janeiro, com os fogos de Copacabana\",\"breadcrumb\":{\"@id\":\"https:\/\/blog.panrotas.com.br\/viagem-e-estilo\/2022\/11\/16\/emiliano-ano-novo-copacabana\/#breadcrumb\"},\"inLanguage\":\"pt-BR\",\"potentialAction\":[{\"@type\":\"ReadAction\",\"target\":[\"https:\/\/blog.panrotas.com.br\/viagem-e-estilo\/2022\/11\/16\/emiliano-ano-novo-copacabana\/\"]}]},{\"@type\":\"BreadcrumbList\",\"@id\":\"https:\/\/blog.panrotas.com.br\/viagem-e-estilo\/2022\/11\/16\/emiliano-ano-novo-copacabana\/#breadcrumb\",\"itemListElement\":[{\"@type\":\"ListItem\",\"position\":1,\"name\":\"In\\u00edcio\",\"item\":\"https:\/\/blog.panrotas.com.br\/viagem-e-estilo\/\"},{\"@type\":\"ListItem\",\"position\":2,\"name\":\"Emiliano Rio prepara festa de Ano Novo em Copacabana\"}]},{\"@type\":\"Person\",\"@id\":\"https:\/\/blog.panrotas.com.br\/viagem-e-estilo\/#\/schema\/person\/ee4d47304314a9e1a034ee706c52567a\",\"name\":\"Rafaela Borges\",\"image\":{\"@type\":\"ImageObject\",\"@id\":\"https:\/\/blog.panrotas.com.br\/viagem-e-estilo\/#personlogo\",\"inLanguage\":\"pt-BR\",\"url\":\"https:\/\/secure.gravatar.com\/avatar\/0ade7374765fe5108de97388245f942b?s=96&d=mm&r=g\",\"contentUrl\":\"https:\/\/secure.gravatar.com\/avatar\/0ade7374765fe5108de97388245f942b?s=96&d=mm&r=g\",\"caption\":\"Rafaela Borges\"},\"url\":\"https:\/\/blog.panrotas.com.br\/viagem-e-estilo\/author\/rafaela\/\"}]}<\/script>\n<!-- \/ Yoast SEO plugin. -->","yoast_head_json":{"title":"Emiliano Rio prepara festa de Ano Novo em Copacabana - Viagem e Estilo","description":"o Ano Novo mais famoso do mundo sempre foi, e provavelmente sempre ser\u00e1, no Rio de Janeiro, com os fogos de Copacabana","robots":{"index":"index","follow":"follow","max-snippet":"max-snippet:-1","max-image-preview":"max-image-preview:large","max-video-preview":"max-video-preview:-1"},"canonical":"https:\/\/blog.panrotas.com.br\/viagem-e-estilo\/2022\/11\/16\/emiliano-ano-novo-copacabana\/","og_locale":"pt_BR","og_type":"article","og_title":"Emiliano Rio prepara festa de Ano Novo em Copacabana - Viagem e Estilo","og_description":"o Ano Novo mais famoso do mundo sempre foi, e provavelmente sempre ser\u00e1, no Rio de Janeiro, com os fogos de Copacabana","og_url":"https:\/\/blog.panrotas.com.br\/viagem-e-estilo\/2022\/11\/16\/emiliano-ano-novo-copacabana\/","og_site_name":"Viagem e Estilo","article_published_time":"2022-11-16T22:30:50+00:00","article_modified_time":"2022-11-16T22:30:52+00:00","og_image":[{"width":1000,"height":450,"url":"http:\/\/blog.panrotas.com.br\/viagem-e-estilo\/wp-content\/uploads\/sites\/33\/2022\/02\/piscina.jpg","type":"image\/jpeg"}],"twitter_card":"summary_large_image","twitter_misc":{"Escrito por":"Rafaela Borges","Est. tempo de leitura":"3 minutos"},"schema":{"@context":"https:\/\/schema.org","@graph":[{"@type":"WebSite","@id":"https:\/\/blog.panrotas.com.br\/viagem-e-estilo\/#website","url":"https:\/\/blog.panrotas.com.br\/viagem-e-estilo\/","name":"Viagem e Estilo","description":"","potentialAction":[{"@type":"SearchAction","target":{"@type":"EntryPoint","urlTemplate":"https:\/\/blog.panrotas.com.br\/viagem-e-estilo\/?s={search_term_string}"},"query-input":"required name=search_term_string"}],"inLanguage":"pt-BR"},{"@type":"ImageObject","@id":"https:\/\/blog.panrotas.com.br\/viagem-e-estilo\/2022\/11\/16\/emiliano-ano-novo-copacabana\/#primaryimage","inLanguage":"pt-BR","url":"https:\/\/blog.panrotas.com.br\/viagem-e-estilo\/wp-content\/uploads\/sites\/33\/2022\/02\/piscina.jpg","contentUrl":"https:\/\/blog.panrotas.com.br\/viagem-e-estilo\/wp-content\/uploads\/sites\/33\/2022\/02\/piscina.jpg","width":1000,"height":450,"caption":"Foto: Rafaela Borges"},{"@type":"WebPage","@id":"https:\/\/blog.panrotas.com.br\/viagem-e-estilo\/2022\/11\/16\/emiliano-ano-novo-copacabana\/#webpage","url":"https:\/\/blog.panrotas.com.br\/viagem-e-estilo\/2022\/11\/16\/emiliano-ano-novo-copacabana\/","name":"Emiliano Rio prepara festa de Ano Novo em Copacabana - Viagem e Estilo","isPartOf":{"@id":"https:\/\/blog.panrotas.com.br\/viagem-e-estilo\/#website"},"primaryImageOfPage":{"@id":"https:\/\/blog.panrotas.com.br\/viagem-e-estilo\/2022\/11\/16\/emiliano-ano-novo-copacabana\/#primaryimage"},"datePublished":"2022-11-16T22:30:50+00:00","dateModified":"2022-11-16T22:30:52+00:00","author":{"@id":"https:\/\/blog.panrotas.com.br\/viagem-e-estilo\/#\/schema\/person\/ee4d47304314a9e1a034ee706c52567a"},"description":"o Ano Novo mais famoso do mundo sempre foi, e provavelmente sempre ser\u00e1, no Rio de Janeiro, com os fogos de Copacabana","breadcrumb":{"@id":"https:\/\/blog.panrotas.com.br\/viagem-e-estilo\/2022\/11\/16\/emiliano-ano-novo-copacabana\/#breadcrumb"},"inLanguage":"pt-BR","potentialAction":[{"@type":"ReadAction","target":["https:\/\/blog.panrotas.com.br\/viagem-e-estilo\/2022\/11\/16\/emiliano-ano-novo-copacabana\/"]}]},{"@type":"BreadcrumbList","@id":"https:\/\/blog.panrotas.com.br\/viagem-e-estilo\/2022\/11\/16\/emiliano-ano-novo-copacabana\/#breadcrumb","itemListElement":[{"@type":"ListItem","position":1,"name":"In\u00edcio","item":"https:\/\/blog.panrotas.com.br\/viagem-e-estilo\/"},{"@type":"ListItem","position":2,"name":"Emiliano Rio prepara festa de Ano Novo em Copacabana"}]},{"@type":"Person","@id":"https:\/\/blog.panrotas.com.br\/viagem-e-estilo\/#\/schema\/person\/ee4d47304314a9e1a034ee706c52567a","name":"Rafaela Borges","image":{"@type":"ImageObject","@id":"https:\/\/blog.panrotas.com.br\/viagem-e-estilo\/#personlogo","inLanguage":"pt-BR","url":"https:\/\/secure.gravatar.com\/avatar\/0ade7374765fe5108de97388245f942b?s=96&d=mm&r=g","contentUrl":"https:\/\/secure.gravatar.com\/avatar\/0ade7374765fe5108de97388245f942b?s=96&d=mm&r=g","caption":"Rafaela Borges"},"url":"https:\/\/blog.panrotas.com.br\/viagem-e-estilo\/author\/rafaela\/"}]}},"jetpack_featured_media_url":"https:\/\/blog.panrotas.com.br\/viagem-e-estilo\/wp-content\/uploads\/sites\/33\/2022\/02\/piscina.jpg","_links":{"self":[{"href":"https:\/\/blog.panrotas.com.br\/viagem-e-estilo\/wp-json\/wp\/v2\/posts\/908"}],"collection":[{"href":"https:\/\/blog.panrotas.com.br\/viagem-e-estilo\/wp-json\/wp\/v2\/posts"}],"about":[{"href":"https:\/\/blog.panrotas.com.br\/viagem-e-estilo\/wp-json\/wp\/v2\/types\/post"}],"author":[{"embeddable":true,"href":"https:\/\/blog.panrotas.com.br\/viagem-e-estilo\/wp-json\/wp\/v2\/users\/36"}],"replies":[{"embeddable":true,"href":"https:\/\/blog.panrotas.com.br\/viagem-e-estilo\/wp-json\/wp\/v2\/comments?post=908"}],"version-history":[{"count":1,"href":"https:\/\/blog.panrotas.com.br\/viagem-e-estilo\/wp-json\/wp\/v2\/posts\/908\/revisions"}],"predecessor-version":[{"id":909,"href":"https:\/\/blog.panrotas.com.br\/viagem-e-estilo\/wp-json\/wp\/v2\/posts\/908\/revisions\/909"}],"wp:featuredmedia":[{"embeddable":true,"href":"https:\/\/blog.panrotas.com.br\/viagem-e-estilo\/wp-json\/wp\/v2\/media\/745"}],"wp:attachment":[{"href":"https:\/\/blog.panrotas.com.br\/viagem-e-estilo\/wp-json\/wp\/v2\/media?parent=908"}],"wp:term":[{"taxonomy":"category","embeddable":true,"href":"https:\/\/blog.panrotas.com.br\/viagem-e-estilo\/wp-json\/wp\/v2\/categories?post=908"},{"taxonomy":"post_tag","embeddable":true,"href":"https:\/\/blog.panrotas.com.br\/viagem-e-estilo\/wp-json\/wp\/v2\/tags?post=908"}],"curies":[{"name":"wp","href":"https:\/\/api.w.org\/{rel}","templated":true}]}}