{"id":96,"date":"2020-02-19T13:05:46","date_gmt":"2020-02-19T16:05:46","guid":{"rendered":"http:\/\/blog.panrotas.com.br\/viagem-e-estilo\/?p=96"},"modified":"2020-02-19T13:05:48","modified_gmt":"2020-02-19T16:05:48","slug":"carnaval-dicas-para-curtir-salvador-alem-da-folia","status":"publish","type":"post","link":"https:\/\/blog.panrotas.com.br\/viagem-e-estilo\/2020\/02\/19\/carnaval-dicas-para-curtir-salvador-alem-da-folia\/","title":{"rendered":"Carnaval: dicas para curtir salvador al\u00e9m da folia"},"content":{"rendered":"\n<p> O carnaval de Salvador come\u00e7a oficialmente nesta quinta-feira, dia 20. Foli\u00f5es do Brasil inteiro j\u00e1 come\u00e7am a chegar \u00e0 capital da Bahia em busca de trios el\u00e9tricos e camarotes cada vez mais sofisticados no circuito Barra-Ondina.<\/p>\n\n\n\n<p><strong>Confira meu perfil no Instagram: @rafaelatborges<\/strong><\/p>\n\n\n\n<p>Mas existe uma Salvador muito al\u00e9m da folia de rua para explorar no carnaval. Ela \u00e9 igualmente alegre, mas mais sofisticada. D\u00e1 para curtir blocos com exclusividade, passar o dia em um clube de praia, apreciar alta gastronomia, conferir o por do sol em diversos \u00e2ngulos, entre outros programas. Veja as dicas.<\/p>\n\n\n\n<p><strong>LEIA TAMB\u00c9M<\/strong><\/p>\n\n\n\n<ul><li><em><a href=\"https:\/\/blog.panrotas.com.br\/viagem-e-estilo\/2020\/02\/04\/restaurantes-que-deram-origem-a-hoteis-de-luxo\/\">Restaurantes que deram origem a hot\u00e9is de luxo<\/a><\/em><\/li><\/ul>\n\n\n\n<h4>Barra-Ondina de barco<\/h4>\n\n\n\n<p>L\u00e1 no ch\u00e3o, s\u00e3o 4 quil\u00f4metros de circuito, e um bloco atr\u00e1s do outro para uma tarde inteira &#8211; e parte da noite &#8211; de folia. Alguns blocos t\u00eam cordas, para vendas de abad\u00e1. Outros, n\u00e3o.<\/p>\n\n\n\n<p>Se correr atr\u00e1s do trio n\u00e3o \u00e9 seu neg\u00f3cio, d\u00e1 para ver toda essa movimenta\u00e7\u00e3o a uma pequena dist\u00e2ncia, em um espa\u00e7o exclusivo. H\u00e1 empresas especializadas em aluguel de lanchas e barcos para grupos privados.<\/p>\n\n\n\n<p>Entre elas, h\u00e1 op\u00e7\u00f5es como a <a href=\"http:\/\/www.bahiapasseios.com.br\">Bahia Passeios<\/a> e a <a href=\"http:\/\/www.rrnautica.com\">RR N\u00e1utica<\/a>. Como no carnaval tudo \u00e9 congestionado, conv\u00e9m reservar &#8211; a maioria dos barcos sai da Bahia Marina, pr\u00f3xima ao circuito Campo Grande, o maior do carnaval soteropolitano.<\/p>\n\n\n\n<p>Os pre\u00e7os partem de R$ 900. Mas, se preferir tentar a sorte, aqui vai uma dica de ouro. D\u00e1 para chegar \u00e0 Bahia Marina e, se houver mais demanda que oferta, alugar o barco na hora.<\/p>\n\n\n\n<p>Seguindo essa receita, houve um carnaval em que aluguei uma lancha (com banheiro) para seis pessoas por R$ 600. O per\u00edodo foi de quatro horas, em que eu e meu grupo pudemos curtir, diante do Barra-Ondina, desfiles de blocos como o de Bell Marques e Durval L\u00e9lys. Com direito a um belo por do sol, antes do retorno \u00e0 Bahia Marina.<\/p>\n\n\n\n<h4>Por do sol na Ba\u00eda de Todos os Santos<\/h4>\n\n\n\n<p>A ba\u00eda que disputa com a de Guanabara o posto de mais famosa do Brasil \u00e9, comparada \u00e0 sua irm\u00e3 fluminense, bem mais bela. A Ba\u00eda de Todos os Santos, de \u00e1guas esverdeadas, proporciona vistas que s\u00e3o um lindo espet\u00e1culo, especialmente no por do sol.<\/p>\n\n\n\n<p>O contraste entre mar, c\u00e9u e os barcos estacionados na marina formam um cen\u00e1rio inesquec\u00edvel &#8211; e proporcionam belas fotos. Por ali, h\u00e1 ainda alguns restaurantes badalados, al\u00e9m de lojas.<\/p>\n\n\n\n<div class=\"wp-block-image\"><figure class=\"aligncenter size-large\"><img loading=\"lazy\" width=\"1024\" height=\"498\" src=\"https:\/\/blog.panrotas.com.br\/viagem-e-estilo\/wp-content\/uploads\/sites\/33\/2020\/02\/20190627_171825-1024x498.jpg\" alt=\"\" class=\"wp-image-103\" srcset=\"https:\/\/blog.panrotas.com.br\/viagem-e-estilo\/wp-content\/uploads\/sites\/33\/2020\/02\/20190627_171825-1024x498.jpg 1024w, https:\/\/blog.panrotas.com.br\/viagem-e-estilo\/wp-content\/uploads\/sites\/33\/2020\/02\/20190627_171825-300x146.jpg 300w, https:\/\/blog.panrotas.com.br\/viagem-e-estilo\/wp-content\/uploads\/sites\/33\/2020\/02\/20190627_171825-768x373.jpg 768w, https:\/\/blog.panrotas.com.br\/viagem-e-estilo\/wp-content\/uploads\/sites\/33\/2020\/02\/20190627_171825-1536x747.jpg 1536w, https:\/\/blog.panrotas.com.br\/viagem-e-estilo\/wp-content\/uploads\/sites\/33\/2020\/02\/20190627_171825-2048x996.jpg 2048w, https:\/\/blog.panrotas.com.br\/viagem-e-estilo\/wp-content\/uploads\/sites\/33\/2020\/02\/20190627_171825-740x360.jpg 740w\" sizes=\"(max-width: 1024px) 100vw, 1024px\" \/><figcaption>Bahia Marina<\/figcaption><\/figure><\/div>\n\n\n\n<p>D\u00e1 para assistir o por do sol sentado em um banquinho diante do mar, ou sentado em uma das mesas do DAS, o \u00fanico restaurante que n\u00e3o fecha entre o almo\u00e7o e o jantar.<\/p>\n\n\n\n<p>Se quiser observar a ba\u00eda do alto, ao por do sol, a dica \u00e9 o Hidden. O bar itinerante, que \u00e9 de Bras\u00edlia, fica em Salvador at\u00e9 abril. Funciona em um casar\u00e3o na tradicional rua Chile (a primeira rua do Brasil), pr\u00f3xima ao elevador Lacerda e ao Pelourinho, no centro hist\u00f3rico.<\/p>\n\n\n\n<div class=\"wp-block-image\"><figure class=\"aligncenter size-large\"><img loading=\"lazy\" width=\"1024\" height=\"484\" src=\"https:\/\/blog.panrotas.com.br\/viagem-e-estilo\/wp-content\/uploads\/sites\/33\/2020\/02\/20200215_195808-1-1024x484.jpg\" alt=\"\" class=\"wp-image-107\" srcset=\"https:\/\/blog.panrotas.com.br\/viagem-e-estilo\/wp-content\/uploads\/sites\/33\/2020\/02\/20200215_195808-1-1024x484.jpg 1024w, https:\/\/blog.panrotas.com.br\/viagem-e-estilo\/wp-content\/uploads\/sites\/33\/2020\/02\/20200215_195808-1-300x142.jpg 300w, https:\/\/blog.panrotas.com.br\/viagem-e-estilo\/wp-content\/uploads\/sites\/33\/2020\/02\/20200215_195808-1-768x363.jpg 768w, https:\/\/blog.panrotas.com.br\/viagem-e-estilo\/wp-content\/uploads\/sites\/33\/2020\/02\/20200215_195808-1-1536x727.jpg 1536w, https:\/\/blog.panrotas.com.br\/viagem-e-estilo\/wp-content\/uploads\/sites\/33\/2020\/02\/20200215_195808-1-740x350.jpg 740w, https:\/\/blog.panrotas.com.br\/viagem-e-estilo\/wp-content\/uploads\/sites\/33\/2020\/02\/20200215_195808-1.jpg 2000w\" sizes=\"(max-width: 1024px) 100vw, 1024px\" \/><figcaption>Vista noturna no Hidden<\/figcaption><\/figure><\/div>\n\n\n\n<p>Abre \u00e0s 17h, exatamente para o por do sol. A cada noite, se apresentam duas bandas e um DJ. Os temas musicais s\u00e3o variados, mas no carnaval h\u00e1 foco em grandes sucessos da m\u00fasica baiana dos anos 80, 90 e in\u00edcio dos 2000. O couvert art\u00edstico \u00e9 de R$ 30, pagos na entrada.<\/p>\n\n\n\n<p>N\u00e3o \u00e9 \u00e0 toa que, na noite em que visitei a casa, com decora\u00e7\u00e3o r\u00fastica-chique, o p\u00fablico variava de 30 a 50 anos. Por l\u00e1, tamb\u00e9m h\u00e1 boa variedade de vinhos e cervejas artesanais, que podem ser acompanhados por queijos, jamon e castanhas, entre outros snacks.<\/p>\n\n\n\n<div class=\"wp-block-image\"><figure class=\"aligncenter size-large\"><img loading=\"lazy\" width=\"726\" height=\"344\" src=\"https:\/\/blog.panrotas.com.br\/viagem-e-estilo\/wp-content\/uploads\/sites\/33\/2020\/02\/20200215_203333-1.jpg\" alt=\"\" class=\"wp-image-105\" srcset=\"https:\/\/blog.panrotas.com.br\/viagem-e-estilo\/wp-content\/uploads\/sites\/33\/2020\/02\/20200215_203333-1.jpg 726w, https:\/\/blog.panrotas.com.br\/viagem-e-estilo\/wp-content\/uploads\/sites\/33\/2020\/02\/20200215_203333-1-300x142.jpg 300w\" sizes=\"(max-width: 726px) 100vw, 726px\" \/><figcaption>Hidden Salvador<\/figcaption><\/figure><\/div>\n\n\n\n<h4>ONDE COMER EM SALVADOR<\/h4>\n\n\n\n<p>Salvador tem uma bela diversidade gastron\u00f4mica, mas a especialidade fica por conta de peixes e frutos do mar. Se quiser variar um pouco, v\u00e1 ao Lafayette, um cl\u00e1ssico da capital baiana.<\/p>\n\n\n\n<p>As op\u00e7\u00f5es de pratos com carnes em destaque, e massas sem frutos do mar, s\u00e3o variadas e muito saborosas. Recomendo o fil\u00e9 mignon com nhoque trufado.<\/p>\n\n\n\n<p>A variedade de op\u00e7\u00f5es com peixes e frutos do mar do Lafayette tamb\u00e9m s\u00e3o destaques &#8211; e valem muito a pena. No sal\u00e3o, tente sentar nas mesas encostadas ao vidro com vista para os barcos da Bahia Marina &#8211; a sensa\u00e7\u00e3o \u00e9 de estar flutuando.<\/p>\n\n\n\n<div class=\"wp-block-image\"><figure class=\"aligncenter size-large\"><img loading=\"lazy\" width=\"1024\" height=\"576\" src=\"https:\/\/blog.panrotas.com.br\/viagem-e-estilo\/wp-content\/uploads\/sites\/33\/2020\/02\/20170227_184618-1024x576.jpg\" alt=\"\" class=\"wp-image-108\" srcset=\"https:\/\/blog.panrotas.com.br\/viagem-e-estilo\/wp-content\/uploads\/sites\/33\/2020\/02\/20170227_184618-1024x576.jpg 1024w, https:\/\/blog.panrotas.com.br\/viagem-e-estilo\/wp-content\/uploads\/sites\/33\/2020\/02\/20170227_184618-300x169.jpg 300w, https:\/\/blog.panrotas.com.br\/viagem-e-estilo\/wp-content\/uploads\/sites\/33\/2020\/02\/20170227_184618-768x432.jpg 768w, https:\/\/blog.panrotas.com.br\/viagem-e-estilo\/wp-content\/uploads\/sites\/33\/2020\/02\/20170227_184618-1536x864.jpg 1536w, https:\/\/blog.panrotas.com.br\/viagem-e-estilo\/wp-content\/uploads\/sites\/33\/2020\/02\/20170227_184618-2048x1152.jpg 2048w, https:\/\/blog.panrotas.com.br\/viagem-e-estilo\/wp-content\/uploads\/sites\/33\/2020\/02\/20170227_184618-740x416.jpg 740w\" sizes=\"(max-width: 1024px) 100vw, 1024px\" \/><figcaption>DAS<\/figcaption><\/figure><\/div>\n\n\n\n<p>Tamb\u00e9m na Bahia Marina, o DAS, al\u00e9m de restaurante, tem uma pegada de bar, no qual as pessoas v\u00e3o para passar a tarde e ver o por do sol. Se for esse o seu caso, h\u00e1 excelentes op\u00e7\u00f5es de petiscos.<\/p>\n\n\n\n<p>Os inspirados na culin\u00e1ria mediterr\u00e2nea dominam o card\u00e1pio. Tente o carpaccio de polvo.<\/p>\n\n\n\n<p>Atualmente, meu restaurante preferido em Salvador \u00e9 o Mistura do Contorno. Visto da rua Lafayette Coutinho, parece uma caixa de vidro.<\/p>\n\n\n\n<p>Sua entrada \u00e9 pelo condom\u00ednio Marina Residence, um dos empreendimentos comerciais de luxo que fazem parte da revitaliza\u00e7\u00e3o do bairro do Com\u00e9rcio, no centro. A vista da Ba\u00eda de Todos os Santos \u00e9 panor\u00e2mica.<\/p>\n\n\n\n<div class=\"wp-block-image\"><figure class=\"aligncenter size-large is-resized\"><img loading=\"lazy\" src=\"https:\/\/blog.panrotas.com.br\/viagem-e-estilo\/wp-content\/uploads\/sites\/33\/2020\/02\/mistura-do-contorno.jpg\" alt=\"\" class=\"wp-image-109\" width=\"589\" height=\"357\" srcset=\"https:\/\/blog.panrotas.com.br\/viagem-e-estilo\/wp-content\/uploads\/sites\/33\/2020\/02\/mistura-do-contorno.jpg 512w, https:\/\/blog.panrotas.com.br\/viagem-e-estilo\/wp-content\/uploads\/sites\/33\/2020\/02\/mistura-do-contorno-300x182.jpg 300w\" sizes=\"(max-width: 589px) 100vw, 589px\" \/><figcaption>Mistura do Contorno (Foto: Divulga\u00e7\u00e3o)<\/figcaption><\/figure><\/div>\n\n\n\n<p>A decora\u00e7\u00e3o contempor\u00e2nea com toques retr\u00f4 \u00e9 peculiar e os pratos, verdadeiras obras de arte. Peixes e frutos do mar dominam o card\u00e1pio. Experimente os camar\u00f5es com risoto trufado e am\u00eandoas.<\/p>\n\n\n\n<p>Ali do lado, est\u00e1 mais um cl\u00e1ssico que sempre vale a pena revisitar, o Amado.<\/p>\n\n\n\n<h4>PRAIA SEM SUPERLOTA\u00c7\u00c3O<\/h4>\n\n\n\n<p>S\u00e3o cerca de 40 km do centro e das praias mais conhecidas de Salvador. Uma pequena viagem. E ao chegar \u00e0 praia do Flamengo, a paisagem muda tanto que d\u00e1 mesmo para pensar que se trata de uma pequena vila litor\u00e2nea.<\/p>\n\n\n\n<p>Apesar disso, Flamengo ainda faz parte da cidade de Salvador &#8211; est\u00e1 quase na divisa com Lauro de Freitas. \u00c9 a praia mais ao norte da capital baiana, e a mais tranquila para passar o dia. Tem \u00e1guas cristalinas e, dependendo da mar\u00e9, calmas, com ondas leves.<\/p>\n\n\n\n<div class=\"wp-block-image\"><figure class=\"aligncenter size-large is-resized\"><img loading=\"lazy\" src=\"https:\/\/blog.panrotas.com.br\/viagem-e-estilo\/wp-content\/uploads\/sites\/33\/2020\/02\/20170226_164814-1024x576.jpg\" alt=\"\" class=\"wp-image-110\" width=\"589\" height=\"331\" srcset=\"https:\/\/blog.panrotas.com.br\/viagem-e-estilo\/wp-content\/uploads\/sites\/33\/2020\/02\/20170226_164814-1024x576.jpg 1024w, https:\/\/blog.panrotas.com.br\/viagem-e-estilo\/wp-content\/uploads\/sites\/33\/2020\/02\/20170226_164814-300x169.jpg 300w, https:\/\/blog.panrotas.com.br\/viagem-e-estilo\/wp-content\/uploads\/sites\/33\/2020\/02\/20170226_164814-768x432.jpg 768w, https:\/\/blog.panrotas.com.br\/viagem-e-estilo\/wp-content\/uploads\/sites\/33\/2020\/02\/20170226_164814-1536x864.jpg 1536w, https:\/\/blog.panrotas.com.br\/viagem-e-estilo\/wp-content\/uploads\/sites\/33\/2020\/02\/20170226_164814-2048x1152.jpg 2048w, https:\/\/blog.panrotas.com.br\/viagem-e-estilo\/wp-content\/uploads\/sites\/33\/2020\/02\/20170226_164814-740x416.jpg 740w\" sizes=\"(max-width: 589px) 100vw, 589px\" \/><figcaption>Praia do Flamengo<\/figcaption><\/figure><\/div>\n\n\n\n<p>Por ali, n\u00e3o h\u00e1 nada que lembre as congestionadas Barra e Ondina no per\u00edodo do carnaval, ou mesmo a famosa Itapu\u00e3, tamb\u00e9m ao norte de Salvador. Mas o melhor mesmo dessa praia \u00e9 a estrutura.<\/p>\n\n\n\n<p>H\u00e1 alguns restaurantes que em Salvador s\u00e3o chamados de barracas, mas que s\u00e3o verdadeiros clubes de praia. Meu preferido \u00e9 a barraca do Loro.<\/p>\n\n\n\n<p>Al\u00e9m do restaurante especializado em frutos do mar (experimente as moquecas) e de cadeiras e guarda-sois na praia, h\u00e1 uma \u00e1rea com confort\u00e1veis cabanas (l\u00e1, eles chamam essa estrutura de bangal\u00f4s). A Barraca do Loro tamb\u00e9m tem piscina, loja de roupas e biquinis e salas para massagem.<\/p>\n\n\n\n<div class=\"wp-block-image\"><figure class=\"aligncenter size-large\"><img loading=\"lazy\" width=\"498\" height=\"1024\" src=\"https:\/\/blog.panrotas.com.br\/viagem-e-estilo\/wp-content\/uploads\/sites\/33\/2020\/02\/20190216_165741-498x1024.jpg\" alt=\"\" class=\"wp-image-111\" srcset=\"https:\/\/blog.panrotas.com.br\/viagem-e-estilo\/wp-content\/uploads\/sites\/33\/2020\/02\/20190216_165741-498x1024.jpg 498w, https:\/\/blog.panrotas.com.br\/viagem-e-estilo\/wp-content\/uploads\/sites\/33\/2020\/02\/20190216_165741-146x300.jpg 146w, https:\/\/blog.panrotas.com.br\/viagem-e-estilo\/wp-content\/uploads\/sites\/33\/2020\/02\/20190216_165741-768x1580.jpg 768w, https:\/\/blog.panrotas.com.br\/viagem-e-estilo\/wp-content\/uploads\/sites\/33\/2020\/02\/20190216_165741-747x1536.jpg 747w, https:\/\/blog.panrotas.com.br\/viagem-e-estilo\/wp-content\/uploads\/sites\/33\/2020\/02\/20190216_165741-996x2048.jpg 996w, https:\/\/blog.panrotas.com.br\/viagem-e-estilo\/wp-content\/uploads\/sites\/33\/2020\/02\/20190216_165741-740x1522.jpg 740w, https:\/\/blog.panrotas.com.br\/viagem-e-estilo\/wp-content\/uploads\/sites\/33\/2020\/02\/20190216_165741-scaled.jpg 1244w\" sizes=\"(max-width: 498px) 100vw, 498px\" \/><figcaption>Barraca do Loro<\/figcaption><\/figure><\/div>\n\n\n\n<p>Para quem quiser repor as energias antes, durante ou depois da folia, relaxar em um dia de praia longe do agito pode ser \u00f3tima op\u00e7\u00e3o. <\/p>\n\n\n\n<h4>Endere\u00e7os<\/h4>\n\n\n\n<p>Bahia Marina &#8211; Avenida Lafayette Coutinho, 1010<br>Hidden Salvador &#8211; Rua Chile, 6<br>Mistura do Contorno &#8211; Ladeira do Gabriel, 334<br>Amado &#8211; Avenida Lafayette Coutinho, 660<br>Barraca do Loro &#8211; Rua Des. Manuel de Andrade Teixeira, 266<\/p>\n","protected":false},"excerpt":{"rendered":"<p>Restaurantes, bares e outros programas mostram uma Salvador mais sofisticada que a vista na avenida&hellip; <a class=\"more-link\" href=\"https:\/\/blog.panrotas.com.br\/viagem-e-estilo\/2020\/02\/19\/carnaval-dicas-para-curtir-salvador-alem-da-folia\/\">Continue reading &rarr;<\/a><\/p>\n","protected":false},"author":36,"featured_media":101,"comment_status":"open","ping_status":"open","sticky":false,"template":"","format":"standard","meta":{"spay_email":""},"categories":[14,1],"tags":[17,16,15],"yoast_head":"<!-- This site is optimized with the Yoast SEO plugin v17.3 - https:\/\/yoast.com\/wordpress\/plugins\/seo\/ -->\n<title>Carnaval: dicas para curtir salvador al\u00e9m da folia - Viagem e Estilo<\/title>\n<meta name=\"robots\" content=\"index, follow, max-snippet:-1, max-image-preview:large, max-video-preview:-1\" \/>\n<link rel=\"canonical\" href=\"https:\/\/blog.panrotas.com.br\/viagem-e-estilo\/2020\/02\/19\/carnaval-dicas-para-curtir-salvador-alem-da-folia\/\" \/>\n<meta property=\"og:locale\" content=\"pt_BR\" \/>\n<meta property=\"og:type\" content=\"article\" \/>\n<meta property=\"og:title\" content=\"Carnaval: dicas para curtir salvador al\u00e9m da folia - Viagem e Estilo\" \/>\n<meta property=\"og:description\" content=\"Restaurantes, bares e outros programas mostram uma Salvador mais sofisticada que a vista na avenida&hellip; Continue reading &rarr;\" \/>\n<meta property=\"og:url\" content=\"https:\/\/blog.panrotas.com.br\/viagem-e-estilo\/2020\/02\/19\/carnaval-dicas-para-curtir-salvador-alem-da-folia\/\" \/>\n<meta property=\"og:site_name\" content=\"Viagem e Estilo\" \/>\n<meta property=\"article:published_time\" content=\"2020-02-19T16:05:46+00:00\" \/>\n<meta property=\"article:modified_time\" content=\"2020-02-19T16:05:48+00:00\" \/>\n<meta property=\"og:image\" content=\"https:\/\/blog.panrotas.com.br\/viagem-e-estilo\/wp-content\/uploads\/sites\/33\/2020\/02\/20190626_170930-scaled.jpg\" \/>\n\t<meta property=\"og:image:width\" content=\"2560\" \/>\n\t<meta property=\"og:image:height\" content=\"1244\" \/>\n<meta name=\"twitter:card\" content=\"summary_large_image\" \/>\n<meta name=\"twitter:label1\" content=\"Escrito por\" \/>\n\t<meta name=\"twitter:data1\" content=\"Rafaela Borges\" \/>\n\t<meta name=\"twitter:label2\" content=\"Est. tempo de leitura\" \/>\n\t<meta name=\"twitter:data2\" content=\"6 minutos\" \/>\n<script type=\"application\/ld+json\" class=\"yoast-schema-graph\">{\"@context\":\"https:\/\/schema.org\",\"@graph\":[{\"@type\":\"WebSite\",\"@id\":\"https:\/\/blog.panrotas.com.br\/viagem-e-estilo\/#website\",\"url\":\"https:\/\/blog.panrotas.com.br\/viagem-e-estilo\/\",\"name\":\"Viagem e Estilo\",\"description\":\"\",\"potentialAction\":[{\"@type\":\"SearchAction\",\"target\":{\"@type\":\"EntryPoint\",\"urlTemplate\":\"https:\/\/blog.panrotas.com.br\/viagem-e-estilo\/?s={search_term_string}\"},\"query-input\":\"required name=search_term_string\"}],\"inLanguage\":\"pt-BR\"},{\"@type\":\"ImageObject\",\"@id\":\"https:\/\/blog.panrotas.com.br\/viagem-e-estilo\/2020\/02\/19\/carnaval-dicas-para-curtir-salvador-alem-da-folia\/#primaryimage\",\"inLanguage\":\"pt-BR\",\"url\":\"https:\/\/blog.panrotas.com.br\/viagem-e-estilo\/wp-content\/uploads\/sites\/33\/2020\/02\/20190626_170930-scaled.jpg\",\"contentUrl\":\"https:\/\/blog.panrotas.com.br\/viagem-e-estilo\/wp-content\/uploads\/sites\/33\/2020\/02\/20190626_170930-scaled.jpg\",\"width\":2560,\"height\":1244,\"caption\":\"Fotos: Rafaela Borges\"},{\"@type\":\"WebPage\",\"@id\":\"https:\/\/blog.panrotas.com.br\/viagem-e-estilo\/2020\/02\/19\/carnaval-dicas-para-curtir-salvador-alem-da-folia\/#webpage\",\"url\":\"https:\/\/blog.panrotas.com.br\/viagem-e-estilo\/2020\/02\/19\/carnaval-dicas-para-curtir-salvador-alem-da-folia\/\",\"name\":\"Carnaval: dicas para curtir salvador al\\u00e9m da folia - Viagem e Estilo\",\"isPartOf\":{\"@id\":\"https:\/\/blog.panrotas.com.br\/viagem-e-estilo\/#website\"},\"primaryImageOfPage\":{\"@id\":\"https:\/\/blog.panrotas.com.br\/viagem-e-estilo\/2020\/02\/19\/carnaval-dicas-para-curtir-salvador-alem-da-folia\/#primaryimage\"},\"datePublished\":\"2020-02-19T16:05:46+00:00\",\"dateModified\":\"2020-02-19T16:05:48+00:00\",\"author\":{\"@id\":\"https:\/\/blog.panrotas.com.br\/viagem-e-estilo\/#\/schema\/person\/ee4d47304314a9e1a034ee706c52567a\"},\"breadcrumb\":{\"@id\":\"https:\/\/blog.panrotas.com.br\/viagem-e-estilo\/2020\/02\/19\/carnaval-dicas-para-curtir-salvador-alem-da-folia\/#breadcrumb\"},\"inLanguage\":\"pt-BR\",\"potentialAction\":[{\"@type\":\"ReadAction\",\"target\":[\"https:\/\/blog.panrotas.com.br\/viagem-e-estilo\/2020\/02\/19\/carnaval-dicas-para-curtir-salvador-alem-da-folia\/\"]}]},{\"@type\":\"BreadcrumbList\",\"@id\":\"https:\/\/blog.panrotas.com.br\/viagem-e-estilo\/2020\/02\/19\/carnaval-dicas-para-curtir-salvador-alem-da-folia\/#breadcrumb\",\"itemListElement\":[{\"@type\":\"ListItem\",\"position\":1,\"name\":\"In\\u00edcio\",\"item\":\"https:\/\/blog.panrotas.com.br\/viagem-e-estilo\/\"},{\"@type\":\"ListItem\",\"position\":2,\"name\":\"Carnaval: dicas para curtir salvador al\\u00e9m da folia\"}]},{\"@type\":\"Person\",\"@id\":\"https:\/\/blog.panrotas.com.br\/viagem-e-estilo\/#\/schema\/person\/ee4d47304314a9e1a034ee706c52567a\",\"name\":\"Rafaela Borges\",\"image\":{\"@type\":\"ImageObject\",\"@id\":\"https:\/\/blog.panrotas.com.br\/viagem-e-estilo\/#personlogo\",\"inLanguage\":\"pt-BR\",\"url\":\"https:\/\/secure.gravatar.com\/avatar\/0ade7374765fe5108de97388245f942b?s=96&d=mm&r=g\",\"contentUrl\":\"https:\/\/secure.gravatar.com\/avatar\/0ade7374765fe5108de97388245f942b?s=96&d=mm&r=g\",\"caption\":\"Rafaela Borges\"},\"url\":\"https:\/\/blog.panrotas.com.br\/viagem-e-estilo\/author\/rafaela\/\"}]}<\/script>\n<!-- \/ Yoast SEO plugin. -->","yoast_head_json":{"title":"Carnaval: dicas para curtir salvador al\u00e9m da folia - Viagem e Estilo","robots":{"index":"index","follow":"follow","max-snippet":"max-snippet:-1","max-image-preview":"max-image-preview:large","max-video-preview":"max-video-preview:-1"},"canonical":"https:\/\/blog.panrotas.com.br\/viagem-e-estilo\/2020\/02\/19\/carnaval-dicas-para-curtir-salvador-alem-da-folia\/","og_locale":"pt_BR","og_type":"article","og_title":"Carnaval: dicas para curtir salvador al\u00e9m da folia - Viagem e Estilo","og_description":"Restaurantes, bares e outros programas mostram uma Salvador mais sofisticada que a vista na avenida&hellip; Continue reading &rarr;","og_url":"https:\/\/blog.panrotas.com.br\/viagem-e-estilo\/2020\/02\/19\/carnaval-dicas-para-curtir-salvador-alem-da-folia\/","og_site_name":"Viagem e Estilo","article_published_time":"2020-02-19T16:05:46+00:00","article_modified_time":"2020-02-19T16:05:48+00:00","og_image":[{"width":2560,"height":1244,"url":"https:\/\/blog.panrotas.com.br\/viagem-e-estilo\/wp-content\/uploads\/sites\/33\/2020\/02\/20190626_170930-scaled.jpg","type":"image\/jpeg"}],"twitter_card":"summary_large_image","twitter_misc":{"Escrito por":"Rafaela Borges","Est. tempo de leitura":"6 minutos"},"schema":{"@context":"https:\/\/schema.org","@graph":[{"@type":"WebSite","@id":"https:\/\/blog.panrotas.com.br\/viagem-e-estilo\/#website","url":"https:\/\/blog.panrotas.com.br\/viagem-e-estilo\/","name":"Viagem e Estilo","description":"","potentialAction":[{"@type":"SearchAction","target":{"@type":"EntryPoint","urlTemplate":"https:\/\/blog.panrotas.com.br\/viagem-e-estilo\/?s={search_term_string}"},"query-input":"required name=search_term_string"}],"inLanguage":"pt-BR"},{"@type":"ImageObject","@id":"https:\/\/blog.panrotas.com.br\/viagem-e-estilo\/2020\/02\/19\/carnaval-dicas-para-curtir-salvador-alem-da-folia\/#primaryimage","inLanguage":"pt-BR","url":"https:\/\/blog.panrotas.com.br\/viagem-e-estilo\/wp-content\/uploads\/sites\/33\/2020\/02\/20190626_170930-scaled.jpg","contentUrl":"https:\/\/blog.panrotas.com.br\/viagem-e-estilo\/wp-content\/uploads\/sites\/33\/2020\/02\/20190626_170930-scaled.jpg","width":2560,"height":1244,"caption":"Fotos: Rafaela Borges"},{"@type":"WebPage","@id":"https:\/\/blog.panrotas.com.br\/viagem-e-estilo\/2020\/02\/19\/carnaval-dicas-para-curtir-salvador-alem-da-folia\/#webpage","url":"https:\/\/blog.panrotas.com.br\/viagem-e-estilo\/2020\/02\/19\/carnaval-dicas-para-curtir-salvador-alem-da-folia\/","name":"Carnaval: dicas para curtir salvador al\u00e9m da folia - Viagem e Estilo","isPartOf":{"@id":"https:\/\/blog.panrotas.com.br\/viagem-e-estilo\/#website"},"primaryImageOfPage":{"@id":"https:\/\/blog.panrotas.com.br\/viagem-e-estilo\/2020\/02\/19\/carnaval-dicas-para-curtir-salvador-alem-da-folia\/#primaryimage"},"datePublished":"2020-02-19T16:05:46+00:00","dateModified":"2020-02-19T16:05:48+00:00","author":{"@id":"https:\/\/blog.panrotas.com.br\/viagem-e-estilo\/#\/schema\/person\/ee4d47304314a9e1a034ee706c52567a"},"breadcrumb":{"@id":"https:\/\/blog.panrotas.com.br\/viagem-e-estilo\/2020\/02\/19\/carnaval-dicas-para-curtir-salvador-alem-da-folia\/#breadcrumb"},"inLanguage":"pt-BR","potentialAction":[{"@type":"ReadAction","target":["https:\/\/blog.panrotas.com.br\/viagem-e-estilo\/2020\/02\/19\/carnaval-dicas-para-curtir-salvador-alem-da-folia\/"]}]},{"@type":"BreadcrumbList","@id":"https:\/\/blog.panrotas.com.br\/viagem-e-estilo\/2020\/02\/19\/carnaval-dicas-para-curtir-salvador-alem-da-folia\/#breadcrumb","itemListElement":[{"@type":"ListItem","position":1,"name":"In\u00edcio","item":"https:\/\/blog.panrotas.com.br\/viagem-e-estilo\/"},{"@type":"ListItem","position":2,"name":"Carnaval: dicas para curtir salvador al\u00e9m da folia"}]},{"@type":"Person","@id":"https:\/\/blog.panrotas.com.br\/viagem-e-estilo\/#\/schema\/person\/ee4d47304314a9e1a034ee706c52567a","name":"Rafaela Borges","image":{"@type":"ImageObject","@id":"https:\/\/blog.panrotas.com.br\/viagem-e-estilo\/#personlogo","inLanguage":"pt-BR","url":"https:\/\/secure.gravatar.com\/avatar\/0ade7374765fe5108de97388245f942b?s=96&d=mm&r=g","contentUrl":"https:\/\/secure.gravatar.com\/avatar\/0ade7374765fe5108de97388245f942b?s=96&d=mm&r=g","caption":"Rafaela Borges"},"url":"https:\/\/blog.panrotas.com.br\/viagem-e-estilo\/author\/rafaela\/"}]}},"jetpack_featured_media_url":"https:\/\/blog.panrotas.com.br\/viagem-e-estilo\/wp-content\/uploads\/sites\/33\/2020\/02\/20190626_170930-scaled.jpg","_links":{"self":[{"href":"https:\/\/blog.panrotas.com.br\/viagem-e-estilo\/wp-json\/wp\/v2\/posts\/96"}],"collection":[{"href":"https:\/\/blog.panrotas.com.br\/viagem-e-estilo\/wp-json\/wp\/v2\/posts"}],"about":[{"href":"https:\/\/blog.panrotas.com.br\/viagem-e-estilo\/wp-json\/wp\/v2\/types\/post"}],"author":[{"embeddable":true,"href":"https:\/\/blog.panrotas.com.br\/viagem-e-estilo\/wp-json\/wp\/v2\/users\/36"}],"replies":[{"embeddable":true,"href":"https:\/\/blog.panrotas.com.br\/viagem-e-estilo\/wp-json\/wp\/v2\/comments?post=96"}],"version-history":[{"count":10,"href":"https:\/\/blog.panrotas.com.br\/viagem-e-estilo\/wp-json\/wp\/v2\/posts\/96\/revisions"}],"predecessor-version":[{"id":114,"href":"https:\/\/blog.panrotas.com.br\/viagem-e-estilo\/wp-json\/wp\/v2\/posts\/96\/revisions\/114"}],"wp:featuredmedia":[{"embeddable":true,"href":"https:\/\/blog.panrotas.com.br\/viagem-e-estilo\/wp-json\/wp\/v2\/media\/101"}],"wp:attachment":[{"href":"https:\/\/blog.panrotas.com.br\/viagem-e-estilo\/wp-json\/wp\/v2\/media?parent=96"}],"wp:term":[{"taxonomy":"category","embeddable":true,"href":"https:\/\/blog.panrotas.com.br\/viagem-e-estilo\/wp-json\/wp\/v2\/categories?post=96"},{"taxonomy":"post_tag","embeddable":true,"href":"https:\/\/blog.panrotas.com.br\/viagem-e-estilo\/wp-json\/wp\/v2\/tags?post=96"}],"curies":[{"name":"wp","href":"https:\/\/api.w.org\/{rel}","templated":true}]}}