{"id":136,"date":"2018-04-27T16:10:56","date_gmt":"2018-04-27T19:10:56","guid":{"rendered":"http:\/\/blog.panrotas.com.br\/viajante\/?p=136"},"modified":"2018-04-27T16:10:56","modified_gmt":"2018-04-27T19:10:56","slug":"koningsdag-o-dia-do-rei-na-holanda","status":"publish","type":"post","link":"https:\/\/blog.panrotas.com.br\/viajante\/2018\/04\/27\/koningsdag-o-dia-do-rei-na-holanda\/","title":{"rendered":"Koningsdag, o Dia do Rei na Holanda"},"content":{"rendered":"<figure id=\"attachment_140\" aria-describedby=\"caption-attachment-140\" style=\"width: 579px\" class=\"wp-caption aligncenter\"><img loading=\"lazy\" class=\"wp-image-140 size-full\" src=\"http:\/\/blog.panrotas.com.br\/viajante\/wp-content\/uploads\/2018\/04\/kingday3.jpg\" alt=\"\" width=\"579\" height=\"581\" srcset=\"https:\/\/blog.panrotas.com.br\/viajante\/wp-content\/uploads\/sites\/3\/2018\/04\/kingday3.jpg 579w, https:\/\/blog.panrotas.com.br\/viajante\/wp-content\/uploads\/sites\/3\/2018\/04\/kingday3-150x150.jpg 150w, https:\/\/blog.panrotas.com.br\/viajante\/wp-content\/uploads\/sites\/3\/2018\/04\/kingday3-300x300.jpg 300w\" sizes=\"(max-width: 579px) 100vw, 579px\" \/><figcaption id=\"caption-attachment-140\" class=\"wp-caption-text\">Ruas cheias, fantasias, celebra\u00e7\u00e3o e muito laranja durante o King&#8217;s Day (Instagram\/<a href=\"https:\/\/www.instagram.com\/p\/BiFSbsjFLOg\/\" target=\"_blank\" rel=\"noopener noreferrer\">jessinwanderland_<\/a>)<\/figcaption><\/figure>\n<p>Ter a real experi\u00eancia de entrar em contato com a cultura de um pa\u00eds \u00e9 prioridade para muitos viajantes &#8211; e algo, c\u00e1 entre n\u00f3s, extremamente dif\u00edcil de se conseguir em destinos t\u00e3o descaracterizados pelo Turismo de massa. Grandes festas e celebra\u00e7\u00f5es locais s\u00e3o uma dessas raras oportunidades e, por conta disso, n\u00e3o vou me cansar de escrever sobre elas neste espa\u00e7o.<\/p>\n<p>Hoje eu volto para a Holanda, <a href=\"http:\/\/blog.panrotas.com.br\/viajante\/index.php\/2018\/03\/20\/20-horas-em-amsterda-uma-visita-expressa-a-capital-holandesa\/\" target=\"_blank\" rel=\"noopener noreferrer\">pa\u00eds que iniciou a trajet\u00f3ria do Viajante 3.0<\/a>, para tratar de um dos dias mais importantes daquela terra. Oficialmente uma monarquia parlamentar, nos Pa\u00edses Baixos a fam\u00edlia real mant\u00e9m um respeit\u00e1vel peso simb\u00f3lico entre a popula\u00e7\u00e3o. Prova disso \u00e9 a tradicional celebra\u00e7\u00e3o do <em>Koningsdag<\/em> (Dia do Rei).<\/p>\n<p>Anualmente, no dia 27 de abril, a popula\u00e7\u00e3o se re\u00fane para brindar a cultura da Holanda, com atividades a c\u00e9u aberto e cidades (e pessoas) vestidas de laranja. O motivo da cor em abund\u00e2ncia \u00e9 porque essa representa a fam\u00edlia real holandesa, a Casa de Orange-Nassau. Voltando para a festa, sua\u00a0data, n\u00e3o por coincid\u00eancia, cai no anivers\u00e1rio do Rei Willem-Alexander (ou Guilherme Alexandre se voc\u00ea preferir essas tradu\u00e7\u00f5es mon\u00e1rquicas).<\/p>\n<figure id=\"attachment_138\" aria-describedby=\"caption-attachment-138\" style=\"width: 294px\" class=\"wp-caption alignleft\"><img loading=\"lazy\" class=\"size-full wp-image-138\" src=\"http:\/\/blog.panrotas.com.br\/viajante\/wp-content\/uploads\/2018\/04\/kingday.jpg\" alt=\"\" width=\"294\" height=\"528\" srcset=\"https:\/\/blog.panrotas.com.br\/viajante\/wp-content\/uploads\/sites\/3\/2018\/04\/kingday.jpg 294w, https:\/\/blog.panrotas.com.br\/viajante\/wp-content\/uploads\/sites\/3\/2018\/04\/kingday-167x300.jpg 167w\" sizes=\"(max-width: 294px) 100vw, 294px\" \/><figcaption id=\"caption-attachment-138\" class=\"wp-caption-text\">O dono da festa, Willem Alexander, e a fam\u00edlia (Instagram\/<a href=\"https:\/\/www.instagram.com\/koninklijkhuis\/\" target=\"_blank\" rel=\"noopener noreferrer\">koninklijkhuis<\/a>)<\/figcaption><\/figure>\n<p>A celebra\u00e7\u00e3o \u00e9 nacional, ou seja, em qualquer grande cidade do pa\u00eds que voc\u00ea estiver nesse dia, certamente ser\u00e3o ouvidos muitos \u201c<em>fijne Koningsdag<\/em>\u201d (\u201cfeliz dia do Rei\u201d) e ter\u00e1 um mar de enfeites e fantasias laranjas para lhe engolir. Mais que isso, a tradi\u00e7\u00e3o pede que o Rei Willem visite uma cidade a cada ano. Hoje, ent\u00e3o, em seu 51\u00ba anivers\u00e1rio, o monarca esteve em Groningen &#8211; atraindo multid\u00e3o de 40 mil pessoas, segundo as autoridades.<\/p>\n<p>Um dos pontos altos do Koningsdag s\u00e3o os <em>vrijmarkt<\/em>, mercados de pulgas com objetos vintage e colecion\u00e1veis. O Dia do Rei \u00e9 o \u00fanico no ano em que qualquer um pode comercializar seus bens nas ruas, sem a necessidade de alvar\u00e1s ou permiss\u00f5es e ainda livre de imposto. Entende-se por: muita gente reunida vendendo e trocando bugiganga.<\/p>\n<p><strong>Hist\u00f3ria<br \/>\n<\/strong><br \/>\nUm fato hist\u00f3rico interessante do feriado \u00e9 que a celebra\u00e7\u00e3o mudou de data ao longo das reg\u00eancias. A festa nasceu, em 1885, como Prinsessedag (Dia da Princesa), em homenagem \u00e0 Princesa Wilhelmina (Guilhermina) &#8211; tornou-se posteriormente <em>Koninginnedag<\/em> (Dia da Rainha) com a morte de seu pai e consequente nomea\u00e7\u00e3o como rainha. A festa era comemorada a cada 31 de agosto, dia de seu anivers\u00e1rio.<\/p>\n<p>Juliana, ao suceder a m\u00e3e no trono, rearranjou a data para o dia em que nasceu, obviamente: 30 de abril. Foi assim por quase 40 anos, at\u00e9 que Beatrix (Beatriz) se tornou rainha. Como seu anivers\u00e1rio cai em 31 de janeiro e o r\u00edgido inverno holand\u00eas n\u00e3o \u00e9 assim t\u00e3o convidativo para celebra\u00e7\u00f5es a c\u00e9u aberto, ficou acertada a manuten\u00e7\u00e3o do 30 de abril, como homenagem \u00e0 antecessora Juliana.<\/p>\n<figure id=\"attachment_139\" aria-describedby=\"caption-attachment-139\" style=\"width: 342px\" class=\"wp-caption alignright\"><img loading=\"lazy\" class=\" wp-image-139\" src=\"http:\/\/blog.panrotas.com.br\/viajante\/wp-content\/uploads\/2018\/04\/kingday2.jpg\" alt=\"\" width=\"342\" height=\"410\" srcset=\"https:\/\/blog.panrotas.com.br\/viajante\/wp-content\/uploads\/sites\/3\/2018\/04\/kingday2.jpg 477w, https:\/\/blog.panrotas.com.br\/viajante\/wp-content\/uploads\/sites\/3\/2018\/04\/kingday2-250x300.jpg 250w\" sizes=\"(max-width: 342px) 100vw, 342px\" \/><figcaption id=\"caption-attachment-139\" class=\"wp-caption-text\">Ruas de Amsterd\u00e3 com as cores da bandeira holandesa e, claro, o laranja (Instagram\/<a href=\"https:\/\/www.instagram.com\/p\/BiFSxs3gtx-\/\" target=\"_blank\" rel=\"noopener noreferrer\">blooolooo<\/a>)<\/figcaption><\/figure>\n<p>Em 2013, ao abdicar do trono e abrir caminho para a reg\u00eancia de seu filho, Willem, a festa mudou ent\u00e3o de nome, de <em>Koninginnedag<\/em> para <em>Koningsdag<\/em> (de rainha para rei), e tamb\u00e9m de data. Coincidentemente, n\u00e3o foram necess\u00e1rias grandes altera\u00e7\u00f5es j\u00e1 que Willem Alexander nasceu em 27 de abril, tr\u00eas dias antes da data que fora celebrada durante os 65 anos anteriores.<\/p>\n<p>N\u00e3o deixe de dar uma olhada nos \u00faltimos posts e acompanhe a jornada do Viajante 3.0 pela blogosfera da PANROTAS e tamb\u00e9m pela conta no <a href=\"http:\/\/instagram.com\/viajante3.0\" target=\"_blank\" rel=\"noopener noreferrer\">Instagram<\/a>.\t\t<\/p>\n","protected":false},"excerpt":{"rendered":"<p>Ter a real experi\u00eancia de entrar em contato com a cultura de um pa\u00eds \u00e9 prioridade para muitos viajantes &#8211; e algo, c\u00e1 entre n\u00f3s, extremamente dif\u00edcil de se conseguir em destinos t\u00e3o descaracterizados pelo Turismo de massa. Grandes festas e celebra\u00e7\u00f5es locais s\u00e3o uma dessas raras oportunidades e, por conta disso, n\u00e3o vou me&hellip; <a class=\"more-link\" href=\"https:\/\/blog.panrotas.com.br\/viajante\/2018\/04\/27\/koningsdag-o-dia-do-rei-na-holanda\/\">Continue reading &rarr;<\/a>&hellip; <a class=\"more-link\" href=\"https:\/\/blog.panrotas.com.br\/viajante\/2018\/04\/27\/koningsdag-o-dia-do-rei-na-holanda\/\">Continue reading &rarr;<\/a><\/p>\n","protected":false},"author":5,"featured_media":0,"comment_status":"open","ping_status":"open","sticky":false,"template":"","format":"standard","meta":{"spay_email":"","jetpack_publicize_message":"","jetpack_is_tweetstorm":false},"categories":[41,8,16],"tags":[79,144,145,241,244,251,291,292,312,313,316,317,364,385,422,512],"yoast_head":"<!-- This site is optimized with the Yoast SEO plugin v17.3 - https:\/\/yoast.com\/wordpress\/plugins\/seo\/ -->\n<title>Koningsdag, o Dia do Rei na Holanda - Viajante 3.0<\/title>\n<meta name=\"robots\" content=\"index, follow, max-snippet:-1, max-image-preview:large, max-video-preview:-1\" \/>\n<link rel=\"canonical\" href=\"https:\/\/blog.panrotas.com.br\/viajante\/2018\/04\/27\/koningsdag-o-dia-do-rei-na-holanda\/\" \/>\n<meta property=\"og:locale\" content=\"pt_BR\" \/>\n<meta property=\"og:type\" content=\"article\" \/>\n<meta property=\"og:title\" content=\"Koningsdag, o Dia do Rei na Holanda - Viajante 3.0\" \/>\n<meta property=\"og:description\" content=\"Ter a real experi\u00eancia de entrar em contato com a cultura de um pa\u00eds \u00e9 prioridade para muitos viajantes &#8211; e algo, c\u00e1 entre n\u00f3s, extremamente dif\u00edcil de se conseguir em destinos t\u00e3o descaracterizados pelo Turismo de massa. Grandes festas e celebra\u00e7\u00f5es locais s\u00e3o uma dessas raras oportunidades e, por conta disso, n\u00e3o vou me&hellip; Continue reading &rarr;&hellip; Continue reading &rarr;\" \/>\n<meta property=\"og:url\" content=\"https:\/\/blog.panrotas.com.br\/viajante\/2018\/04\/27\/koningsdag-o-dia-do-rei-na-holanda\/\" \/>\n<meta property=\"og:site_name\" content=\"Viajante 3.0\" \/>\n<meta property=\"article:published_time\" content=\"2018-04-27T19:10:56+00:00\" \/>\n<meta property=\"og:image\" content=\"http:\/\/blog.panrotas.com.br\/viajante\/wp-content\/uploads\/2018\/04\/kingday3.jpg\" \/>\n<meta name=\"twitter:card\" content=\"summary_large_image\" \/>\n<meta name=\"twitter:label1\" content=\"Escrito por\" \/>\n\t<meta name=\"twitter:data1\" content=\"Renato Machado\" \/>\n\t<meta name=\"twitter:label2\" content=\"Est. tempo de leitura\" \/>\n\t<meta name=\"twitter:data2\" content=\"3 minutos\" \/>\n<script type=\"application\/ld+json\" class=\"yoast-schema-graph\">{\"@context\":\"https:\/\/schema.org\",\"@graph\":[{\"@type\":\"WebSite\",\"@id\":\"https:\/\/blog.panrotas.com.br\/viajante\/#website\",\"url\":\"https:\/\/blog.panrotas.com.br\/viajante\/\",\"name\":\"Viajante 3.0\",\"description\":\"Blogosfera PANROTAS\",\"potentialAction\":[{\"@type\":\"SearchAction\",\"target\":{\"@type\":\"EntryPoint\",\"urlTemplate\":\"https:\/\/blog.panrotas.com.br\/viajante\/?s={search_term_string}\"},\"query-input\":\"required name=search_term_string\"}],\"inLanguage\":\"pt-BR\"},{\"@type\":\"ImageObject\",\"@id\":\"https:\/\/blog.panrotas.com.br\/viajante\/2018\/04\/27\/koningsdag-o-dia-do-rei-na-holanda\/#primaryimage\",\"inLanguage\":\"pt-BR\",\"url\":\"http:\/\/blog.panrotas.com.br\/viajante\/wp-content\/uploads\/2018\/04\/kingday3.jpg\",\"contentUrl\":\"http:\/\/blog.panrotas.com.br\/viajante\/wp-content\/uploads\/2018\/04\/kingday3.jpg\"},{\"@type\":\"WebPage\",\"@id\":\"https:\/\/blog.panrotas.com.br\/viajante\/2018\/04\/27\/koningsdag-o-dia-do-rei-na-holanda\/#webpage\",\"url\":\"https:\/\/blog.panrotas.com.br\/viajante\/2018\/04\/27\/koningsdag-o-dia-do-rei-na-holanda\/\",\"name\":\"Koningsdag, o Dia do Rei na Holanda - Viajante 3.0\",\"isPartOf\":{\"@id\":\"https:\/\/blog.panrotas.com.br\/viajante\/#website\"},\"primaryImageOfPage\":{\"@id\":\"https:\/\/blog.panrotas.com.br\/viajante\/2018\/04\/27\/koningsdag-o-dia-do-rei-na-holanda\/#primaryimage\"},\"datePublished\":\"2018-04-27T19:10:56+00:00\",\"dateModified\":\"2018-04-27T19:10:56+00:00\",\"author\":{\"@id\":\"https:\/\/blog.panrotas.com.br\/viajante\/#\/schema\/person\/58a33447037fe9fb8d144df0e693ecb0\"},\"breadcrumb\":{\"@id\":\"https:\/\/blog.panrotas.com.br\/viajante\/2018\/04\/27\/koningsdag-o-dia-do-rei-na-holanda\/#breadcrumb\"},\"inLanguage\":\"pt-BR\",\"potentialAction\":[{\"@type\":\"ReadAction\",\"target\":[\"https:\/\/blog.panrotas.com.br\/viajante\/2018\/04\/27\/koningsdag-o-dia-do-rei-na-holanda\/\"]}]},{\"@type\":\"BreadcrumbList\",\"@id\":\"https:\/\/blog.panrotas.com.br\/viajante\/2018\/04\/27\/koningsdag-o-dia-do-rei-na-holanda\/#breadcrumb\",\"itemListElement\":[{\"@type\":\"ListItem\",\"position\":1,\"name\":\"In\\u00edcio\",\"item\":\"https:\/\/blog.panrotas.com.br\/viajante\/\"},{\"@type\":\"ListItem\",\"position\":2,\"name\":\"Koningsdag, o Dia do Rei na Holanda\"}]},{\"@type\":\"Person\",\"@id\":\"https:\/\/blog.panrotas.com.br\/viajante\/#\/schema\/person\/58a33447037fe9fb8d144df0e693ecb0\",\"name\":\"Renato Machado\",\"image\":{\"@type\":\"ImageObject\",\"@id\":\"https:\/\/blog.panrotas.com.br\/viajante\/#personlogo\",\"inLanguage\":\"pt-BR\",\"url\":\"https:\/\/secure.gravatar.com\/avatar\/1b2cccafdb125d8647b2c92ed933381c?s=96&d=mm&r=g\",\"contentUrl\":\"https:\/\/secure.gravatar.com\/avatar\/1b2cccafdb125d8647b2c92ed933381c?s=96&d=mm&r=g\",\"caption\":\"Renato Machado\"},\"description\":\"Renato \\u00e9 jornalista e encontrou na cobertura do Turismo a jun\\u00e7\\u00e3o de grandes prazeres: escrever e conhecer novas culturas e lugares. Agora vive no Porto, Portugal, e neste espa\\u00e7o ir\\u00e1 experimentar na pr\\u00e1tica tend\\u00eancias e inova\\u00e7\\u00f5es do mercado, al\\u00e9m de buscar um olhar menos \\u00f3bvio de destinos internacionais. No Instagram @Viajante3.0\",\"url\":\"https:\/\/blog.panrotas.com.br\/viajante\/author\/renato\/\"}]}<\/script>\n<!-- \/ Yoast SEO plugin. -->","yoast_head_json":{"title":"Koningsdag, o Dia do Rei na Holanda - Viajante 3.0","robots":{"index":"index","follow":"follow","max-snippet":"max-snippet:-1","max-image-preview":"max-image-preview:large","max-video-preview":"max-video-preview:-1"},"canonical":"https:\/\/blog.panrotas.com.br\/viajante\/2018\/04\/27\/koningsdag-o-dia-do-rei-na-holanda\/","og_locale":"pt_BR","og_type":"article","og_title":"Koningsdag, o Dia do Rei na Holanda - Viajante 3.0","og_description":"Ter a real experi\u00eancia de entrar em contato com a cultura de um pa\u00eds \u00e9 prioridade para muitos viajantes &#8211; e algo, c\u00e1 entre n\u00f3s, extremamente dif\u00edcil de se conseguir em destinos t\u00e3o descaracterizados pelo Turismo de massa. Grandes festas e celebra\u00e7\u00f5es locais s\u00e3o uma dessas raras oportunidades e, por conta disso, n\u00e3o vou me&hellip; Continue reading &rarr;&hellip; Continue reading &rarr;","og_url":"https:\/\/blog.panrotas.com.br\/viajante\/2018\/04\/27\/koningsdag-o-dia-do-rei-na-holanda\/","og_site_name":"Viajante 3.0","article_published_time":"2018-04-27T19:10:56+00:00","og_image":[{"url":"http:\/\/blog.panrotas.com.br\/viajante\/wp-content\/uploads\/2018\/04\/kingday3.jpg"}],"twitter_card":"summary_large_image","twitter_misc":{"Escrito por":"Renato Machado","Est. tempo de leitura":"3 minutos"},"schema":{"@context":"https:\/\/schema.org","@graph":[{"@type":"WebSite","@id":"https:\/\/blog.panrotas.com.br\/viajante\/#website","url":"https:\/\/blog.panrotas.com.br\/viajante\/","name":"Viajante 3.0","description":"Blogosfera PANROTAS","potentialAction":[{"@type":"SearchAction","target":{"@type":"EntryPoint","urlTemplate":"https:\/\/blog.panrotas.com.br\/viajante\/?s={search_term_string}"},"query-input":"required name=search_term_string"}],"inLanguage":"pt-BR"},{"@type":"ImageObject","@id":"https:\/\/blog.panrotas.com.br\/viajante\/2018\/04\/27\/koningsdag-o-dia-do-rei-na-holanda\/#primaryimage","inLanguage":"pt-BR","url":"http:\/\/blog.panrotas.com.br\/viajante\/wp-content\/uploads\/2018\/04\/kingday3.jpg","contentUrl":"http:\/\/blog.panrotas.com.br\/viajante\/wp-content\/uploads\/2018\/04\/kingday3.jpg"},{"@type":"WebPage","@id":"https:\/\/blog.panrotas.com.br\/viajante\/2018\/04\/27\/koningsdag-o-dia-do-rei-na-holanda\/#webpage","url":"https:\/\/blog.panrotas.com.br\/viajante\/2018\/04\/27\/koningsdag-o-dia-do-rei-na-holanda\/","name":"Koningsdag, o Dia do Rei na Holanda - Viajante 3.0","isPartOf":{"@id":"https:\/\/blog.panrotas.com.br\/viajante\/#website"},"primaryImageOfPage":{"@id":"https:\/\/blog.panrotas.com.br\/viajante\/2018\/04\/27\/koningsdag-o-dia-do-rei-na-holanda\/#primaryimage"},"datePublished":"2018-04-27T19:10:56+00:00","dateModified":"2018-04-27T19:10:56+00:00","author":{"@id":"https:\/\/blog.panrotas.com.br\/viajante\/#\/schema\/person\/58a33447037fe9fb8d144df0e693ecb0"},"breadcrumb":{"@id":"https:\/\/blog.panrotas.com.br\/viajante\/2018\/04\/27\/koningsdag-o-dia-do-rei-na-holanda\/#breadcrumb"},"inLanguage":"pt-BR","potentialAction":[{"@type":"ReadAction","target":["https:\/\/blog.panrotas.com.br\/viajante\/2018\/04\/27\/koningsdag-o-dia-do-rei-na-holanda\/"]}]},{"@type":"BreadcrumbList","@id":"https:\/\/blog.panrotas.com.br\/viajante\/2018\/04\/27\/koningsdag-o-dia-do-rei-na-holanda\/#breadcrumb","itemListElement":[{"@type":"ListItem","position":1,"name":"In\u00edcio","item":"https:\/\/blog.panrotas.com.br\/viajante\/"},{"@type":"ListItem","position":2,"name":"Koningsdag, o Dia do Rei na Holanda"}]},{"@type":"Person","@id":"https:\/\/blog.panrotas.com.br\/viajante\/#\/schema\/person\/58a33447037fe9fb8d144df0e693ecb0","name":"Renato Machado","image":{"@type":"ImageObject","@id":"https:\/\/blog.panrotas.com.br\/viajante\/#personlogo","inLanguage":"pt-BR","url":"https:\/\/secure.gravatar.com\/avatar\/1b2cccafdb125d8647b2c92ed933381c?s=96&d=mm&r=g","contentUrl":"https:\/\/secure.gravatar.com\/avatar\/1b2cccafdb125d8647b2c92ed933381c?s=96&d=mm&r=g","caption":"Renato Machado"},"description":"Renato \u00e9 jornalista e encontrou na cobertura do Turismo a jun\u00e7\u00e3o de grandes prazeres: escrever e conhecer novas culturas e lugares. Agora vive no Porto, Portugal, e neste espa\u00e7o ir\u00e1 experimentar na pr\u00e1tica tend\u00eancias e inova\u00e7\u00f5es do mercado, al\u00e9m de buscar um olhar menos \u00f3bvio de destinos internacionais. No Instagram @Viajante3.0","url":"https:\/\/blog.panrotas.com.br\/viajante\/author\/renato\/"}]}},"jetpack_featured_media_url":"","jetpack_publicize_connections":[],"jetpack_shortlink":"https:\/\/wp.me\/p9JWFE-2c","_links":{"self":[{"href":"https:\/\/blog.panrotas.com.br\/viajante\/wp-json\/wp\/v2\/posts\/136"}],"collection":[{"href":"https:\/\/blog.panrotas.com.br\/viajante\/wp-json\/wp\/v2\/posts"}],"about":[{"href":"https:\/\/blog.panrotas.com.br\/viajante\/wp-json\/wp\/v2\/types\/post"}],"author":[{"embeddable":true,"href":"https:\/\/blog.panrotas.com.br\/viajante\/wp-json\/wp\/v2\/users\/5"}],"replies":[{"embeddable":true,"href":"https:\/\/blog.panrotas.com.br\/viajante\/wp-json\/wp\/v2\/comments?post=136"}],"version-history":[{"count":0,"href":"https:\/\/blog.panrotas.com.br\/viajante\/wp-json\/wp\/v2\/posts\/136\/revisions"}],"wp:attachment":[{"href":"https:\/\/blog.panrotas.com.br\/viajante\/wp-json\/wp\/v2\/media?parent=136"}],"wp:term":[{"taxonomy":"category","embeddable":true,"href":"https:\/\/blog.panrotas.com.br\/viajante\/wp-json\/wp\/v2\/categories?post=136"},{"taxonomy":"post_tag","embeddable":true,"href":"https:\/\/blog.panrotas.com.br\/viajante\/wp-json\/wp\/v2\/tags?post=136"}],"curies":[{"name":"wp","href":"https:\/\/api.w.org\/{rel}","templated":true}]}}