{"id":193,"date":"2018-05-29T17:06:46","date_gmt":"2018-05-29T20:06:46","guid":{"rendered":"http:\/\/blog.panrotas.com.br\/viajante\/?p=193"},"modified":"2018-05-29T17:06:46","modified_gmt":"2018-05-29T20:06:46","slug":"uma-visita-ao-estadio-de-braga-e-a-memorias-passadas","status":"publish","type":"post","link":"https:\/\/blog.panrotas.com.br\/viajante\/2018\/05\/29\/uma-visita-ao-estadio-de-braga-e-a-memorias-passadas\/","title":{"rendered":"Uma visita ao Est\u00e1dio de Braga (e a mem\u00f3rias passadas)"},"content":{"rendered":"<figure id=\"attachment_195\" aria-describedby=\"caption-attachment-195\" style=\"width: 740px\" class=\"wp-caption aligncenter\"><img loading=\"lazy\" class=\"size-large wp-image-195\" src=\"http:\/\/blog.panrotas.com.br\/viajante\/wp-content\/uploads\/2018\/05\/Webp.net-compress-image-8-1024x768.jpg\" alt=\"\" width=\"740\" height=\"555\" srcset=\"https:\/\/blog.panrotas.com.br\/viajante\/wp-content\/uploads\/sites\/3\/2018\/05\/Webp.net-compress-image-8-1024x768.jpg 1024w, https:\/\/blog.panrotas.com.br\/viajante\/wp-content\/uploads\/sites\/3\/2018\/05\/Webp.net-compress-image-8-300x225.jpg 300w, https:\/\/blog.panrotas.com.br\/viajante\/wp-content\/uploads\/sites\/3\/2018\/05\/Webp.net-compress-image-8-768x576.jpg 768w, https:\/\/blog.panrotas.com.br\/viajante\/wp-content\/uploads\/sites\/3\/2018\/05\/Webp.net-compress-image-8-1568x1176.jpg 1568w\" sizes=\"(max-width: 740px) 100vw, 740px\" \/><figcaption id=\"caption-attachment-195\" class=\"wp-caption-text\">Portugal e Tun\u00edsia jogam, em Braga, amistoso antes da Copa<\/figcaption><\/figure>\n<p><span style=\"font-weight: 400\">Era 2004 e o Renato adolescente da \u00e9poca, fascinado por futebol como o Renato de hoje, assistia aos jogos da Eurocopa que, naquela edi\u00e7\u00e3o, era realizada em Portugal. Para o torneio de sele\u00e7\u00f5es mais importante dos europeus (depois, \u00e9 claro, da Copa do Mundo), novos est\u00e1dios foram constru\u00eddos e um em particular me chamou a aten\u00e7\u00e3o.<\/span><\/p>\n<p><span style=\"font-weight: 400\">Nem sei dizer em qual das partidas eu me deparei com o Est\u00e1dio Municipal de Braga pela primeira vez, mas ele era completamente diferente de tudo o que eu j\u00e1 havia visto. A parede rochosa que limita o campo em uma de suas pontas dava \u00e0 arena um ar mundano, pra n\u00e3o dizer amador.<\/span><\/p>\n<p><span style=\"font-weight: 400\">Em um primeiro momento, pela tev\u00ea, parecia que arquibancadas haviam sido levantadas em um campo qualquer, de bairro, como os que eu via em S\u00e3o Paulo &#8211; \u201cs\u00f3 que eles est\u00e3o jogando uma partida de Eurocopa!\u201d, falava a minha cabe\u00e7a confusa. Acho que foi exatamente essa sensa\u00e7\u00e3o de proximidade, de enxergar aquilo como uma \u201cv\u00e1rzea profissional europeia\u201d, que me fez gostar tanto daquele est\u00e1dio.<\/span><\/p>\n<p><span style=\"font-weight: 400\">Eu pensava em como seria legal um dia assistir a um jogo l\u00e1. Meio que desejando algo que, quando paramos para raciocinar, n\u00e3o \u00e9 assim t\u00e3o pr\u00e1tico. Daquelas coisas que nos tiram uma risada do rosto ao percebermos que estamos pensando em algo um tanto quanto esdr\u00faxulo. At\u00e9 porque, naquela \u00e9poca, o que raios eu sabia de Braga? (Ali\u00e1s, por muito tempo, a cidade foi para mim \u201caquela do est\u00e1dio nas rochas\u201d).<\/span><\/p>\n<figure id=\"attachment_196\" aria-describedby=\"caption-attachment-196\" style=\"width: 225px\" class=\"wp-caption alignleft\"><img loading=\"lazy\" class=\"wp-image-196 size-medium\" src=\"http:\/\/blog.panrotas.com.br\/viajante\/wp-content\/uploads\/2018\/05\/DeTmIftXUAAhVCl-225x300.jpg\" alt=\"\" width=\"225\" height=\"300\" srcset=\"https:\/\/blog.panrotas.com.br\/viajante\/wp-content\/uploads\/sites\/3\/2018\/05\/DeTmIftXUAAhVCl-225x300.jpg 225w, https:\/\/blog.panrotas.com.br\/viajante\/wp-content\/uploads\/sites\/3\/2018\/05\/DeTmIftXUAAhVCl-768x1024.jpg 768w, https:\/\/blog.panrotas.com.br\/viajante\/wp-content\/uploads\/sites\/3\/2018\/05\/DeTmIftXUAAhVCl.jpg 1536w\" sizes=\"(max-width: 225px) 100vw, 225px\" \/><figcaption id=\"caption-attachment-196\" class=\"wp-caption-text\">De outro \u00e2ngulo, a pedreira que apelida o est\u00e1dio (Twitter\/@selecaoportugal)<\/figcaption><\/figure>\n<p><span style=\"font-weight: 400\">Quando me mudei para o Porto, que \u00e9 a apenas uma hora de trem de Braga, estava na minha lista de obriga\u00e7\u00f5es uma visita \u00e0 Pedreira, como \u00e9 conhecido o est\u00e1dio. Neste ponto eu j\u00e1 sabia que o projeto era do Eduardo Souto de Moura, premiad\u00edssimo arquiteto portugu\u00eas, e que a manuten\u00e7\u00e3o da parede de rochas era parte de uma est\u00e9tica que visa promover a intera\u00e7\u00e3o entre o natural e o artificial.<\/span><\/p>\n<p><span style=\"font-weight: 400\">Eis que a prepara\u00e7\u00e3o da sele\u00e7\u00e3o portuguesa para a Copa do Mundo de 2018 parou em Braga. Um dos amistosos programados antes do torneio, contra a Tun\u00edsia, foi realizado nesta segunda-feira e, enfim, eu pude entrar e ver um jogo naquele \u201cest\u00e1dio lindo e estranho\u201d. Presenciar uma partida nele foi t\u00e3o bom quanto eu imaginava &#8211; ou mais, j\u00e1 que eu n\u00e3o fazia ideia de alguns detalhes, como o incr\u00edvel p\u00f4r do sol que se v\u00ea na ponta oposta \u00e0 do rochedo.<\/span><\/p>\n<p><span style=\"font-weight: 400\">N\u00e3o vai ter relato do jogo aqui no texto: a) porque Portugal s\u00f3 empatou com a Tun\u00edsia (2&#215;2) e a partida n\u00e3o foi um primor t\u00e9cnico; b) porque, al\u00e9m do est\u00e1dio, eu tamb\u00e9m queria ver Cristiano Ronaldo em campo e, vitorioso na Champions no \u00faltimo s\u00e1bado, ele tava de folga; c) porque o blog \u00e9 meu.<\/span><\/p>\n<figure id=\"attachment_198\" aria-describedby=\"caption-attachment-198\" style=\"width: 300px\" class=\"wp-caption alignright\"><img loading=\"lazy\" class=\"wp-image-198 size-medium\" src=\"http:\/\/blog.panrotas.com.br\/viajante\/wp-content\/uploads\/2018\/05\/P1240339-300x225.jpg\" alt=\"\" width=\"300\" height=\"225\" srcset=\"https:\/\/blog.panrotas.com.br\/viajante\/wp-content\/uploads\/sites\/3\/2018\/05\/P1240339-300x225.jpg 300w, https:\/\/blog.panrotas.com.br\/viajante\/wp-content\/uploads\/sites\/3\/2018\/05\/P1240339-768x576.jpg 768w, https:\/\/blog.panrotas.com.br\/viajante\/wp-content\/uploads\/sites\/3\/2018\/05\/P1240339-1024x768.jpg 1024w, https:\/\/blog.panrotas.com.br\/viajante\/wp-content\/uploads\/sites\/3\/2018\/05\/P1240339-1568x1176.jpg 1568w\" sizes=\"(max-width: 300px) 100vw, 300px\" \/><figcaption id=\"caption-attachment-198\" class=\"wp-caption-text\">A &#8220;surpresa&#8221; ao sol se por em Braga<\/figcaption><\/figure>\n<p><span style=\"font-weight: 400\">O motivo por eu ter escrito essas linhas \u00e9 que, ontem, na sa\u00edda do est\u00e1dio, eu me peguei pensando que uma viagem n\u00e3o se restringe apenas a um deslocamento f\u00edsico. Gosto da ideia de que h\u00e1 mais nas entrelinhas, que viajar \u00e9 a possibilidade de acessar pensamentos e mem\u00f3rias antigas, como que em uma visita a um imagin\u00e1rio que j\u00e1 n\u00e3o mais existe &#8211; ou, melhor, um imagin\u00e1rio que ganhou formas mais precisas por agora ser acompanhado da experi\u00eancia real de estar e viver o local um dia desejado.<\/span><\/p>\n<p><span style=\"font-weight: 400\">N\u00e3o deixe de dar uma olhada nos \u00faltimos posts e acompanhe a jornada do Viajante 3.0 pela blogosfera da PANROTAS e tamb\u00e9m pela conta no <\/span><a href=\"http:\/\/instagram.com\/viajante3.0\"><span style=\"font-weight: 400\">Instagram<\/span><\/a><span style=\"font-weight: 400\">.<\/span>\t\t<\/p>\n","protected":false},"excerpt":{"rendered":"<p>Era 2004 e o Renato adolescente da \u00e9poca, fascinado por futebol como o Renato de hoje, assistia aos jogos da Eurocopa que, naquela edi\u00e7\u00e3o, era realizada em Portugal. Para o torneio de sele\u00e7\u00f5es mais importante dos europeus (depois, \u00e9 claro, da Copa do Mundo), novos est\u00e1dios foram constru\u00eddos e um em particular me chamou a&hellip; <a class=\"more-link\" href=\"https:\/\/blog.panrotas.com.br\/viajante\/2018\/05\/29\/uma-visita-ao-estadio-de-braga-e-a-memorias-passadas\/\">Continue reading &rarr;<\/a>&hellip; <a class=\"more-link\" href=\"https:\/\/blog.panrotas.com.br\/viajante\/2018\/05\/29\/uma-visita-ao-estadio-de-braga-e-a-memorias-passadas\/\">Continue reading &rarr;<\/a><\/p>\n","protected":false},"author":5,"featured_media":0,"comment_status":"open","ping_status":"open","sticky":false,"template":"","format":"standard","meta":{"spay_email":"","jetpack_publicize_message":"","jetpack_is_tweetstorm":false},"categories":[43,8,10,31],"tags":[88,119,178,218,224,228,229,232,233,275,302,326,348,410,501],"yoast_head":"<!-- This site is optimized with the Yoast SEO plugin v17.3 - https:\/\/yoast.com\/wordpress\/plugins\/seo\/ -->\n<title>Uma visita ao Est\u00e1dio de Braga (e a mem\u00f3rias passadas) - Viajante 3.0<\/title>\n<meta name=\"robots\" content=\"index, follow, max-snippet:-1, max-image-preview:large, max-video-preview:-1\" \/>\n<link rel=\"canonical\" href=\"https:\/\/blog.panrotas.com.br\/viajante\/2018\/05\/29\/uma-visita-ao-estadio-de-braga-e-a-memorias-passadas\/\" \/>\n<meta property=\"og:locale\" content=\"pt_BR\" \/>\n<meta property=\"og:type\" content=\"article\" \/>\n<meta property=\"og:title\" content=\"Uma visita ao Est\u00e1dio de Braga (e a mem\u00f3rias passadas) - Viajante 3.0\" \/>\n<meta property=\"og:description\" content=\"Era 2004 e o Renato adolescente da \u00e9poca, fascinado por futebol como o Renato de hoje, assistia aos jogos da Eurocopa que, naquela edi\u00e7\u00e3o, era realizada em Portugal. Para o torneio de sele\u00e7\u00f5es mais importante dos europeus (depois, \u00e9 claro, da Copa do Mundo), novos est\u00e1dios foram constru\u00eddos e um em particular me chamou a&hellip; Continue reading &rarr;&hellip; Continue reading &rarr;\" \/>\n<meta property=\"og:url\" content=\"https:\/\/blog.panrotas.com.br\/viajante\/2018\/05\/29\/uma-visita-ao-estadio-de-braga-e-a-memorias-passadas\/\" \/>\n<meta property=\"og:site_name\" content=\"Viajante 3.0\" \/>\n<meta property=\"article:published_time\" content=\"2018-05-29T20:06:46+00:00\" \/>\n<meta property=\"og:image\" content=\"http:\/\/blog.panrotas.com.br\/viajante\/wp-content\/uploads\/2018\/05\/Webp.net-compress-image-8-1024x768.jpg\" \/>\n<meta name=\"twitter:card\" content=\"summary_large_image\" \/>\n<meta name=\"twitter:label1\" content=\"Escrito por\" \/>\n\t<meta name=\"twitter:data1\" content=\"Renato Machado\" \/>\n\t<meta name=\"twitter:label2\" content=\"Est. tempo de leitura\" \/>\n\t<meta name=\"twitter:data2\" content=\"3 minutos\" \/>\n<script type=\"application\/ld+json\" class=\"yoast-schema-graph\">{\"@context\":\"https:\/\/schema.org\",\"@graph\":[{\"@type\":\"WebSite\",\"@id\":\"https:\/\/blog.panrotas.com.br\/viajante\/#website\",\"url\":\"https:\/\/blog.panrotas.com.br\/viajante\/\",\"name\":\"Viajante 3.0\",\"description\":\"Blogosfera PANROTAS\",\"potentialAction\":[{\"@type\":\"SearchAction\",\"target\":{\"@type\":\"EntryPoint\",\"urlTemplate\":\"https:\/\/blog.panrotas.com.br\/viajante\/?s={search_term_string}\"},\"query-input\":\"required name=search_term_string\"}],\"inLanguage\":\"pt-BR\"},{\"@type\":\"ImageObject\",\"@id\":\"https:\/\/blog.panrotas.com.br\/viajante\/2018\/05\/29\/uma-visita-ao-estadio-de-braga-e-a-memorias-passadas\/#primaryimage\",\"inLanguage\":\"pt-BR\",\"url\":\"http:\/\/blog.panrotas.com.br\/viajante\/wp-content\/uploads\/2018\/05\/Webp.net-compress-image-8-1024x768.jpg\",\"contentUrl\":\"http:\/\/blog.panrotas.com.br\/viajante\/wp-content\/uploads\/2018\/05\/Webp.net-compress-image-8-1024x768.jpg\"},{\"@type\":\"WebPage\",\"@id\":\"https:\/\/blog.panrotas.com.br\/viajante\/2018\/05\/29\/uma-visita-ao-estadio-de-braga-e-a-memorias-passadas\/#webpage\",\"url\":\"https:\/\/blog.panrotas.com.br\/viajante\/2018\/05\/29\/uma-visita-ao-estadio-de-braga-e-a-memorias-passadas\/\",\"name\":\"Uma visita ao Est\\u00e1dio de Braga (e a mem\\u00f3rias passadas) - Viajante 3.0\",\"isPartOf\":{\"@id\":\"https:\/\/blog.panrotas.com.br\/viajante\/#website\"},\"primaryImageOfPage\":{\"@id\":\"https:\/\/blog.panrotas.com.br\/viajante\/2018\/05\/29\/uma-visita-ao-estadio-de-braga-e-a-memorias-passadas\/#primaryimage\"},\"datePublished\":\"2018-05-29T20:06:46+00:00\",\"dateModified\":\"2018-05-29T20:06:46+00:00\",\"author\":{\"@id\":\"https:\/\/blog.panrotas.com.br\/viajante\/#\/schema\/person\/58a33447037fe9fb8d144df0e693ecb0\"},\"breadcrumb\":{\"@id\":\"https:\/\/blog.panrotas.com.br\/viajante\/2018\/05\/29\/uma-visita-ao-estadio-de-braga-e-a-memorias-passadas\/#breadcrumb\"},\"inLanguage\":\"pt-BR\",\"potentialAction\":[{\"@type\":\"ReadAction\",\"target\":[\"https:\/\/blog.panrotas.com.br\/viajante\/2018\/05\/29\/uma-visita-ao-estadio-de-braga-e-a-memorias-passadas\/\"]}]},{\"@type\":\"BreadcrumbList\",\"@id\":\"https:\/\/blog.panrotas.com.br\/viajante\/2018\/05\/29\/uma-visita-ao-estadio-de-braga-e-a-memorias-passadas\/#breadcrumb\",\"itemListElement\":[{\"@type\":\"ListItem\",\"position\":1,\"name\":\"In\\u00edcio\",\"item\":\"https:\/\/blog.panrotas.com.br\/viajante\/\"},{\"@type\":\"ListItem\",\"position\":2,\"name\":\"Uma visita ao Est\\u00e1dio de Braga (e a mem\\u00f3rias passadas)\"}]},{\"@type\":\"Person\",\"@id\":\"https:\/\/blog.panrotas.com.br\/viajante\/#\/schema\/person\/58a33447037fe9fb8d144df0e693ecb0\",\"name\":\"Renato Machado\",\"image\":{\"@type\":\"ImageObject\",\"@id\":\"https:\/\/blog.panrotas.com.br\/viajante\/#personlogo\",\"inLanguage\":\"pt-BR\",\"url\":\"https:\/\/secure.gravatar.com\/avatar\/1b2cccafdb125d8647b2c92ed933381c?s=96&d=mm&r=g\",\"contentUrl\":\"https:\/\/secure.gravatar.com\/avatar\/1b2cccafdb125d8647b2c92ed933381c?s=96&d=mm&r=g\",\"caption\":\"Renato Machado\"},\"description\":\"Renato \\u00e9 jornalista e encontrou na cobertura do Turismo a jun\\u00e7\\u00e3o de grandes prazeres: escrever e conhecer novas culturas e lugares. Agora vive no Porto, Portugal, e neste espa\\u00e7o ir\\u00e1 experimentar na pr\\u00e1tica tend\\u00eancias e inova\\u00e7\\u00f5es do mercado, al\\u00e9m de buscar um olhar menos \\u00f3bvio de destinos internacionais. No Instagram @Viajante3.0\",\"url\":\"https:\/\/blog.panrotas.com.br\/viajante\/author\/renato\/\"}]}<\/script>\n<!-- \/ Yoast SEO plugin. -->","yoast_head_json":{"title":"Uma visita ao Est\u00e1dio de Braga (e a mem\u00f3rias passadas) - Viajante 3.0","robots":{"index":"index","follow":"follow","max-snippet":"max-snippet:-1","max-image-preview":"max-image-preview:large","max-video-preview":"max-video-preview:-1"},"canonical":"https:\/\/blog.panrotas.com.br\/viajante\/2018\/05\/29\/uma-visita-ao-estadio-de-braga-e-a-memorias-passadas\/","og_locale":"pt_BR","og_type":"article","og_title":"Uma visita ao Est\u00e1dio de Braga (e a mem\u00f3rias passadas) - Viajante 3.0","og_description":"Era 2004 e o Renato adolescente da \u00e9poca, fascinado por futebol como o Renato de hoje, assistia aos jogos da Eurocopa que, naquela edi\u00e7\u00e3o, era realizada em Portugal. Para o torneio de sele\u00e7\u00f5es mais importante dos europeus (depois, \u00e9 claro, da Copa do Mundo), novos est\u00e1dios foram constru\u00eddos e um em particular me chamou a&hellip; Continue reading &rarr;&hellip; Continue reading &rarr;","og_url":"https:\/\/blog.panrotas.com.br\/viajante\/2018\/05\/29\/uma-visita-ao-estadio-de-braga-e-a-memorias-passadas\/","og_site_name":"Viajante 3.0","article_published_time":"2018-05-29T20:06:46+00:00","og_image":[{"url":"http:\/\/blog.panrotas.com.br\/viajante\/wp-content\/uploads\/2018\/05\/Webp.net-compress-image-8-1024x768.jpg"}],"twitter_card":"summary_large_image","twitter_misc":{"Escrito por":"Renato Machado","Est. tempo de leitura":"3 minutos"},"schema":{"@context":"https:\/\/schema.org","@graph":[{"@type":"WebSite","@id":"https:\/\/blog.panrotas.com.br\/viajante\/#website","url":"https:\/\/blog.panrotas.com.br\/viajante\/","name":"Viajante 3.0","description":"Blogosfera PANROTAS","potentialAction":[{"@type":"SearchAction","target":{"@type":"EntryPoint","urlTemplate":"https:\/\/blog.panrotas.com.br\/viajante\/?s={search_term_string}"},"query-input":"required name=search_term_string"}],"inLanguage":"pt-BR"},{"@type":"ImageObject","@id":"https:\/\/blog.panrotas.com.br\/viajante\/2018\/05\/29\/uma-visita-ao-estadio-de-braga-e-a-memorias-passadas\/#primaryimage","inLanguage":"pt-BR","url":"http:\/\/blog.panrotas.com.br\/viajante\/wp-content\/uploads\/2018\/05\/Webp.net-compress-image-8-1024x768.jpg","contentUrl":"http:\/\/blog.panrotas.com.br\/viajante\/wp-content\/uploads\/2018\/05\/Webp.net-compress-image-8-1024x768.jpg"},{"@type":"WebPage","@id":"https:\/\/blog.panrotas.com.br\/viajante\/2018\/05\/29\/uma-visita-ao-estadio-de-braga-e-a-memorias-passadas\/#webpage","url":"https:\/\/blog.panrotas.com.br\/viajante\/2018\/05\/29\/uma-visita-ao-estadio-de-braga-e-a-memorias-passadas\/","name":"Uma visita ao Est\u00e1dio de Braga (e a mem\u00f3rias passadas) - Viajante 3.0","isPartOf":{"@id":"https:\/\/blog.panrotas.com.br\/viajante\/#website"},"primaryImageOfPage":{"@id":"https:\/\/blog.panrotas.com.br\/viajante\/2018\/05\/29\/uma-visita-ao-estadio-de-braga-e-a-memorias-passadas\/#primaryimage"},"datePublished":"2018-05-29T20:06:46+00:00","dateModified":"2018-05-29T20:06:46+00:00","author":{"@id":"https:\/\/blog.panrotas.com.br\/viajante\/#\/schema\/person\/58a33447037fe9fb8d144df0e693ecb0"},"breadcrumb":{"@id":"https:\/\/blog.panrotas.com.br\/viajante\/2018\/05\/29\/uma-visita-ao-estadio-de-braga-e-a-memorias-passadas\/#breadcrumb"},"inLanguage":"pt-BR","potentialAction":[{"@type":"ReadAction","target":["https:\/\/blog.panrotas.com.br\/viajante\/2018\/05\/29\/uma-visita-ao-estadio-de-braga-e-a-memorias-passadas\/"]}]},{"@type":"BreadcrumbList","@id":"https:\/\/blog.panrotas.com.br\/viajante\/2018\/05\/29\/uma-visita-ao-estadio-de-braga-e-a-memorias-passadas\/#breadcrumb","itemListElement":[{"@type":"ListItem","position":1,"name":"In\u00edcio","item":"https:\/\/blog.panrotas.com.br\/viajante\/"},{"@type":"ListItem","position":2,"name":"Uma visita ao Est\u00e1dio de Braga (e a mem\u00f3rias passadas)"}]},{"@type":"Person","@id":"https:\/\/blog.panrotas.com.br\/viajante\/#\/schema\/person\/58a33447037fe9fb8d144df0e693ecb0","name":"Renato Machado","image":{"@type":"ImageObject","@id":"https:\/\/blog.panrotas.com.br\/viajante\/#personlogo","inLanguage":"pt-BR","url":"https:\/\/secure.gravatar.com\/avatar\/1b2cccafdb125d8647b2c92ed933381c?s=96&d=mm&r=g","contentUrl":"https:\/\/secure.gravatar.com\/avatar\/1b2cccafdb125d8647b2c92ed933381c?s=96&d=mm&r=g","caption":"Renato Machado"},"description":"Renato \u00e9 jornalista e encontrou na cobertura do Turismo a jun\u00e7\u00e3o de grandes prazeres: escrever e conhecer novas culturas e lugares. Agora vive no Porto, Portugal, e neste espa\u00e7o ir\u00e1 experimentar na pr\u00e1tica tend\u00eancias e inova\u00e7\u00f5es do mercado, al\u00e9m de buscar um olhar menos \u00f3bvio de destinos internacionais. No Instagram @Viajante3.0","url":"https:\/\/blog.panrotas.com.br\/viajante\/author\/renato\/"}]}},"jetpack_featured_media_url":"","jetpack_publicize_connections":[],"jetpack_shortlink":"https:\/\/wp.me\/p9JWFE-37","_links":{"self":[{"href":"https:\/\/blog.panrotas.com.br\/viajante\/wp-json\/wp\/v2\/posts\/193"}],"collection":[{"href":"https:\/\/blog.panrotas.com.br\/viajante\/wp-json\/wp\/v2\/posts"}],"about":[{"href":"https:\/\/blog.panrotas.com.br\/viajante\/wp-json\/wp\/v2\/types\/post"}],"author":[{"embeddable":true,"href":"https:\/\/blog.panrotas.com.br\/viajante\/wp-json\/wp\/v2\/users\/5"}],"replies":[{"embeddable":true,"href":"https:\/\/blog.panrotas.com.br\/viajante\/wp-json\/wp\/v2\/comments?post=193"}],"version-history":[{"count":0,"href":"https:\/\/blog.panrotas.com.br\/viajante\/wp-json\/wp\/v2\/posts\/193\/revisions"}],"wp:attachment":[{"href":"https:\/\/blog.panrotas.com.br\/viajante\/wp-json\/wp\/v2\/media?parent=193"}],"wp:term":[{"taxonomy":"category","embeddable":true,"href":"https:\/\/blog.panrotas.com.br\/viajante\/wp-json\/wp\/v2\/categories?post=193"},{"taxonomy":"post_tag","embeddable":true,"href":"https:\/\/blog.panrotas.com.br\/viajante\/wp-json\/wp\/v2\/tags?post=193"}],"curies":[{"name":"wp","href":"https:\/\/api.w.org\/{rel}","templated":true}]}}