{"id":374,"date":"2018-08-03T14:29:05","date_gmt":"2018-08-03T17:29:05","guid":{"rendered":"http:\/\/blog.panrotas.com.br\/viajante\/?p=374"},"modified":"2018-08-03T14:29:05","modified_gmt":"2018-08-03T17:29:05","slug":"os-termometros-chegaram-a-40-graus-na-europa","status":"publish","type":"post","link":"https:\/\/blog.panrotas.com.br\/viajante\/2018\/08\/03\/os-termometros-chegaram-a-40-graus-na-europa\/","title":{"rendered":"Os term\u00f4metros chegaram a 40 graus na Europa"},"content":{"rendered":"<figure id=\"attachment_377\" aria-describedby=\"caption-attachment-377\" style=\"width: 740px\" class=\"wp-caption aligncenter\"><a href=\"https:\/\/www.flickr.com\/photos\/alopezm\/3718700684\/in\/photolist-6EBja3-nb2dpr-dpM1z-LpoqQ-a82P4n-2Z9mnj-8y9h2U-dpM1A-LnUE3-4jC6S-nancx-hpGeQ-yxhpq-q4qGm3-fWxLp-gdCAr-czh6Ls-gMK5t-cyTe1-H3wuA-aX8bv-uazaL-cgQgp-H9gJd-nUBxwD-gMDJ9-mhL5W-2z44pj-cNVfx-2sYoh2-cASqdN-hvFxV-8iqj6j-9b7xF5-H5nhr-zX1Qkn-Adjt8Q-QpEB1Q-aRqSC-Adkaky-zhE6Pc-AdjP3u-AeuChD-zhKy1F-zWUP59-zX3Twi-zX45JY-AeuKQK-zhCjmm-AewXKH\" target=\"_blank\" rel=\"noopener noreferrer\"><img loading=\"lazy\" class=\"wp-image-377 size-large\" src=\"http:\/\/blog.panrotas.com.br\/viajante\/wp-content\/uploads\/2018\/08\/3718700684_9d12b030ab_b-1024x683.jpg\" alt=\"\" width=\"740\" height=\"494\" srcset=\"https:\/\/blog.panrotas.com.br\/viajante\/wp-content\/uploads\/sites\/3\/2018\/08\/3718700684_9d12b030ab_b.jpg 1024w, https:\/\/blog.panrotas.com.br\/viajante\/wp-content\/uploads\/sites\/3\/2018\/08\/3718700684_9d12b030ab_b-300x200.jpg 300w, https:\/\/blog.panrotas.com.br\/viajante\/wp-content\/uploads\/sites\/3\/2018\/08\/3718700684_9d12b030ab_b-768x512.jpg 768w\" sizes=\"(max-width: 740px) 100vw, 740px\" \/><\/a><figcaption id=\"caption-attachment-377\" class=\"wp-caption-text\">Praia de Matosinhos, em Portugal (Flickr\/alopzm)<\/figcaption><\/figure>\n<p>Quem n\u00e3o lembra das not\u00edcias sobre a s\u00e9rie de altas temperaturas que dominou o ver\u00e3o europeu no ano passado? <a href=\"https:\/\/www.panrotas.com.br\/noticia-turismo\/internacional\/2017\/10\/incendios-em-portugal-ja-deixaram-31-mortos_150484.html\" target=\"_blank\" rel=\"noopener noreferrer\">Em 2017, Portugal sofreu muito com o calor<\/a>, seja no desconforto para a popula\u00e7\u00e3o (e visitantes), seja nos devastadores inc\u00eandios em \u00e1reas florestais. O que parecia ser ato isolado, \u201ctemperaturas mais altas dos \u00faltimos anos\u201d ou acidente de percurso, ganhou uma inc\u00f4moda sequ\u00eancia neste 2018.<\/p>\n<p>Essa introdu\u00e7\u00e3o toda para dizer que est\u00e1 um calor quase que insuport\u00e1vel por aqui. A onda chegou de vez na Europa e, em um primeiro momento, mostra que ser\u00e1 t\u00e3o extrema quanto a anterior. Aqui no norte de Portugal a situa\u00e7\u00e3o \u00e9 at\u00e9 mais \u201camena\u201d, com term\u00f4metros chegando aos 35 graus, mas n\u00e3o indo al\u00e9m disso.<\/p>\n<figure id=\"attachment_375\" aria-describedby=\"caption-attachment-375\" style=\"width: 481px\" class=\"wp-caption alignleft\"><img loading=\"lazy\" class=\"wp-image-375 \" src=\"http:\/\/blog.panrotas.com.br\/viajante\/wp-content\/uploads\/2018\/08\/Untitled.jpg\" alt=\"\" width=\"481\" height=\"410\" srcset=\"https:\/\/blog.panrotas.com.br\/viajante\/wp-content\/uploads\/sites\/3\/2018\/08\/Untitled.jpg 630w, https:\/\/blog.panrotas.com.br\/viajante\/wp-content\/uploads\/sites\/3\/2018\/08\/Untitled-300x256.jpg 300w\" sizes=\"(max-width: 481px) 100vw, 481px\" \/><figcaption id=\"caption-attachment-375\" class=\"wp-caption-text\">Temperaturas em Portugal nesta sexta-feira, 3 (Reprodu\u00e7\u00e3o\/O Tempo.pt)<\/figcaption><\/figure>\n<p>Mais ao sul do pa\u00eds a situa\u00e7\u00e3o piora. A m\u00e1xima de hoje para Lisboa \u00e9 de surreais 42 graus, com a manuten\u00e7\u00e3o das temperaturas acima dos 40 graus por todo o final de semana. Nas regi\u00f5es vizinhas de Ribatejo, Alto Alentejo e Baixo Alentejo, os term\u00f4metros podem marcar at\u00e9 43 graus!<\/p>\n<p>O mesmo acontece na Espanha, com altas por todo o pa\u00eds. O Norte, assim como em Portugal, est\u00e1 um pouco menos severo. Em Zaragoza, por exemplo, term\u00f4metros marcam 38 graus. Na regi\u00e3o central, a capital Madri enfrenta 41 graus, enquanto que no sul, de Sevilha, as temperaturas est\u00e3o em 42 graus.<\/p>\n<p>Todo o notici\u00e1rio local tem focado nas temperaturas extremas, divulgando focos de inc\u00eandios controlados (ou n\u00e3o) ou repetindo os alertas de seguran\u00e7a passados pelas autoridades. O Instituto Portugu\u00eas do Mar e da Atmosfera (IPMA) declarou que o pa\u00eds est\u00e1 e ir\u00e1 se manter pelos pr\u00f3ximos dias em alerta vermelho, o mais grave da escala.<\/p>\n<p>Al\u00e9m dos poss\u00edveis focos de inc\u00eandio, a preocupa\u00e7\u00e3o do \u00f3rg\u00e3o \u00e9 com o risco elevado de exposi\u00e7\u00e3o \u00e0 radia\u00e7\u00e3o ultravioleta (UV). Por isso, a recomenda\u00e7\u00e3o \u00e9 de que a popula\u00e7\u00e3o utilize \u00f3culos de sol, chap\u00e9u, camisetas, guarda-sol e protetor solar.<\/p>\n<p>Se voc\u00ea est\u00e1 a caminho da Europa, principalmente Portugal e Espanha, se prepare. A massa de ar seco e quente proveniente do Norte da \u00c1frica, raz\u00e3o pela qual as temperaturas est\u00e3o t\u00e3o extremas, deve se manter pelo continente por mais alguns dias. Se proteja do calor, bebam muita \u00e1gua, procure atividades internas (como museus) e deixe para caminhar a c\u00e9u aberto quando o sol estiver mais baixo (por volta das 20h\/21h).<\/p>\n<p>Para aqueles que viajam por esses pa\u00edses de carro, n\u00e3o deixem de checar o portal <a href=\"https:\/\/fogos.pt\/\" target=\"_blank\" rel=\"noopener noreferrer\">fogos.pt<\/a>. O site mostra em tempo real a situa\u00e7\u00e3o em \u00e1reas de risco de inc\u00eandio, que podem fechar estradas ou amea\u00e7ar regi\u00f5es povoadas.<\/p>\n<p>Caso esteja pela regi\u00e3o, deixe nos coment\u00e1rios os seus relatos de como t\u00eam enfrentado esse calor. Acompanhe a jornada do Viajante 3.0 pela blogosfera da PANROTAS e tamb\u00e9m pela conta no <a href=\"http:\/\/instagram.com\/viajante3.0\" target=\"_blank\" rel=\"noopener noreferrer\">Instagram<\/a>.\t\t<\/p>\n","protected":false},"excerpt":{"rendered":"<p>Quem n\u00e3o lembra das not\u00edcias sobre a s\u00e9rie de altas temperaturas que dominou o ver\u00e3o europeu no ano passado? Em 2017, Portugal sofreu muito com o calor, seja no desconforto para a popula\u00e7\u00e3o (e visitantes), seja nos devastadores inc\u00eandios em \u00e1reas florestais. O que parecia ser ato isolado, \u201ctemperaturas mais altas dos \u00faltimos anos\u201d ou&hellip; <a class=\"more-link\" href=\"https:\/\/blog.panrotas.com.br\/viajante\/2018\/08\/03\/os-termometros-chegaram-a-40-graus-na-europa\/\">Continue reading &rarr;<\/a>&hellip; <a class=\"more-link\" href=\"https:\/\/blog.panrotas.com.br\/viajante\/2018\/08\/03\/os-termometros-chegaram-a-40-graus-na-europa\/\">Continue reading &rarr;<\/a><\/p>\n","protected":false},"author":5,"featured_media":0,"comment_status":"open","ping_status":"open","sticky":false,"template":"","format":"standard","meta":{"spay_email":"","jetpack_publicize_message":"","jetpack_is_tweetstorm":false},"categories":[8,9,12,31],"tags":[129,130,146,222,234,261,262,287,288,300,301,374,410,466,467,500],"yoast_head":"<!-- This site is optimized with the Yoast SEO plugin v17.3 - https:\/\/yoast.com\/wordpress\/plugins\/seo\/ -->\n<title>Os term\u00f4metros chegaram a 40 graus na Europa - Viajante 3.0<\/title>\n<meta name=\"robots\" content=\"index, follow, max-snippet:-1, max-image-preview:large, max-video-preview:-1\" \/>\n<link rel=\"canonical\" href=\"https:\/\/blog.panrotas.com.br\/viajante\/2018\/08\/03\/os-termometros-chegaram-a-40-graus-na-europa\/\" \/>\n<meta property=\"og:locale\" content=\"pt_BR\" \/>\n<meta property=\"og:type\" content=\"article\" \/>\n<meta property=\"og:title\" content=\"Os term\u00f4metros chegaram a 40 graus na Europa - Viajante 3.0\" \/>\n<meta property=\"og:description\" content=\"Quem n\u00e3o lembra das not\u00edcias sobre a s\u00e9rie de altas temperaturas que dominou o ver\u00e3o europeu no ano passado? Em 2017, Portugal sofreu muito com o calor, seja no desconforto para a popula\u00e7\u00e3o (e visitantes), seja nos devastadores inc\u00eandios em \u00e1reas florestais. O que parecia ser ato isolado, \u201ctemperaturas mais altas dos \u00faltimos anos\u201d ou&hellip; Continue reading &rarr;&hellip; Continue reading &rarr;\" \/>\n<meta property=\"og:url\" content=\"https:\/\/blog.panrotas.com.br\/viajante\/2018\/08\/03\/os-termometros-chegaram-a-40-graus-na-europa\/\" \/>\n<meta property=\"og:site_name\" content=\"Viajante 3.0\" \/>\n<meta property=\"article:published_time\" content=\"2018-08-03T17:29:05+00:00\" \/>\n<meta property=\"og:image\" content=\"http:\/\/blog.panrotas.com.br\/viajante\/wp-content\/uploads\/2018\/08\/3718700684_9d12b030ab_b-1024x683.jpg\" \/>\n<meta name=\"twitter:card\" content=\"summary_large_image\" \/>\n<meta name=\"twitter:label1\" content=\"Escrito por\" \/>\n\t<meta name=\"twitter:data1\" content=\"Renato Machado\" \/>\n\t<meta name=\"twitter:label2\" content=\"Est. tempo de leitura\" \/>\n\t<meta name=\"twitter:data2\" content=\"3 minutos\" \/>\n<script type=\"application\/ld+json\" class=\"yoast-schema-graph\">{\"@context\":\"https:\/\/schema.org\",\"@graph\":[{\"@type\":\"WebSite\",\"@id\":\"https:\/\/blog.panrotas.com.br\/viajante\/#website\",\"url\":\"https:\/\/blog.panrotas.com.br\/viajante\/\",\"name\":\"Viajante 3.0\",\"description\":\"Blogosfera PANROTAS\",\"potentialAction\":[{\"@type\":\"SearchAction\",\"target\":{\"@type\":\"EntryPoint\",\"urlTemplate\":\"https:\/\/blog.panrotas.com.br\/viajante\/?s={search_term_string}\"},\"query-input\":\"required name=search_term_string\"}],\"inLanguage\":\"pt-BR\"},{\"@type\":\"ImageObject\",\"@id\":\"https:\/\/blog.panrotas.com.br\/viajante\/2018\/08\/03\/os-termometros-chegaram-a-40-graus-na-europa\/#primaryimage\",\"inLanguage\":\"pt-BR\",\"url\":\"http:\/\/blog.panrotas.com.br\/viajante\/wp-content\/uploads\/2018\/08\/3718700684_9d12b030ab_b-1024x683.jpg\",\"contentUrl\":\"http:\/\/blog.panrotas.com.br\/viajante\/wp-content\/uploads\/2018\/08\/3718700684_9d12b030ab_b-1024x683.jpg\"},{\"@type\":\"WebPage\",\"@id\":\"https:\/\/blog.panrotas.com.br\/viajante\/2018\/08\/03\/os-termometros-chegaram-a-40-graus-na-europa\/#webpage\",\"url\":\"https:\/\/blog.panrotas.com.br\/viajante\/2018\/08\/03\/os-termometros-chegaram-a-40-graus-na-europa\/\",\"name\":\"Os term\\u00f4metros chegaram a 40 graus na Europa - Viajante 3.0\",\"isPartOf\":{\"@id\":\"https:\/\/blog.panrotas.com.br\/viajante\/#website\"},\"primaryImageOfPage\":{\"@id\":\"https:\/\/blog.panrotas.com.br\/viajante\/2018\/08\/03\/os-termometros-chegaram-a-40-graus-na-europa\/#primaryimage\"},\"datePublished\":\"2018-08-03T17:29:05+00:00\",\"dateModified\":\"2018-08-03T17:29:05+00:00\",\"author\":{\"@id\":\"https:\/\/blog.panrotas.com.br\/viajante\/#\/schema\/person\/58a33447037fe9fb8d144df0e693ecb0\"},\"breadcrumb\":{\"@id\":\"https:\/\/blog.panrotas.com.br\/viajante\/2018\/08\/03\/os-termometros-chegaram-a-40-graus-na-europa\/#breadcrumb\"},\"inLanguage\":\"pt-BR\",\"potentialAction\":[{\"@type\":\"ReadAction\",\"target\":[\"https:\/\/blog.panrotas.com.br\/viajante\/2018\/08\/03\/os-termometros-chegaram-a-40-graus-na-europa\/\"]}]},{\"@type\":\"BreadcrumbList\",\"@id\":\"https:\/\/blog.panrotas.com.br\/viajante\/2018\/08\/03\/os-termometros-chegaram-a-40-graus-na-europa\/#breadcrumb\",\"itemListElement\":[{\"@type\":\"ListItem\",\"position\":1,\"name\":\"In\\u00edcio\",\"item\":\"https:\/\/blog.panrotas.com.br\/viajante\/\"},{\"@type\":\"ListItem\",\"position\":2,\"name\":\"Os term\\u00f4metros chegaram a 40 graus na Europa\"}]},{\"@type\":\"Person\",\"@id\":\"https:\/\/blog.panrotas.com.br\/viajante\/#\/schema\/person\/58a33447037fe9fb8d144df0e693ecb0\",\"name\":\"Renato Machado\",\"image\":{\"@type\":\"ImageObject\",\"@id\":\"https:\/\/blog.panrotas.com.br\/viajante\/#personlogo\",\"inLanguage\":\"pt-BR\",\"url\":\"https:\/\/secure.gravatar.com\/avatar\/1b2cccafdb125d8647b2c92ed933381c?s=96&d=mm&r=g\",\"contentUrl\":\"https:\/\/secure.gravatar.com\/avatar\/1b2cccafdb125d8647b2c92ed933381c?s=96&d=mm&r=g\",\"caption\":\"Renato Machado\"},\"description\":\"Renato \\u00e9 jornalista e encontrou na cobertura do Turismo a jun\\u00e7\\u00e3o de grandes prazeres: escrever e conhecer novas culturas e lugares. Agora vive no Porto, Portugal, e neste espa\\u00e7o ir\\u00e1 experimentar na pr\\u00e1tica tend\\u00eancias e inova\\u00e7\\u00f5es do mercado, al\\u00e9m de buscar um olhar menos \\u00f3bvio de destinos internacionais. No Instagram @Viajante3.0\",\"url\":\"https:\/\/blog.panrotas.com.br\/viajante\/author\/renato\/\"}]}<\/script>\n<!-- \/ Yoast SEO plugin. -->","yoast_head_json":{"title":"Os term\u00f4metros chegaram a 40 graus na Europa - Viajante 3.0","robots":{"index":"index","follow":"follow","max-snippet":"max-snippet:-1","max-image-preview":"max-image-preview:large","max-video-preview":"max-video-preview:-1"},"canonical":"https:\/\/blog.panrotas.com.br\/viajante\/2018\/08\/03\/os-termometros-chegaram-a-40-graus-na-europa\/","og_locale":"pt_BR","og_type":"article","og_title":"Os term\u00f4metros chegaram a 40 graus na Europa - Viajante 3.0","og_description":"Quem n\u00e3o lembra das not\u00edcias sobre a s\u00e9rie de altas temperaturas que dominou o ver\u00e3o europeu no ano passado? Em 2017, Portugal sofreu muito com o calor, seja no desconforto para a popula\u00e7\u00e3o (e visitantes), seja nos devastadores inc\u00eandios em \u00e1reas florestais. O que parecia ser ato isolado, \u201ctemperaturas mais altas dos \u00faltimos anos\u201d ou&hellip; Continue reading &rarr;&hellip; Continue reading &rarr;","og_url":"https:\/\/blog.panrotas.com.br\/viajante\/2018\/08\/03\/os-termometros-chegaram-a-40-graus-na-europa\/","og_site_name":"Viajante 3.0","article_published_time":"2018-08-03T17:29:05+00:00","og_image":[{"url":"http:\/\/blog.panrotas.com.br\/viajante\/wp-content\/uploads\/2018\/08\/3718700684_9d12b030ab_b-1024x683.jpg"}],"twitter_card":"summary_large_image","twitter_misc":{"Escrito por":"Renato Machado","Est. tempo de leitura":"3 minutos"},"schema":{"@context":"https:\/\/schema.org","@graph":[{"@type":"WebSite","@id":"https:\/\/blog.panrotas.com.br\/viajante\/#website","url":"https:\/\/blog.panrotas.com.br\/viajante\/","name":"Viajante 3.0","description":"Blogosfera PANROTAS","potentialAction":[{"@type":"SearchAction","target":{"@type":"EntryPoint","urlTemplate":"https:\/\/blog.panrotas.com.br\/viajante\/?s={search_term_string}"},"query-input":"required name=search_term_string"}],"inLanguage":"pt-BR"},{"@type":"ImageObject","@id":"https:\/\/blog.panrotas.com.br\/viajante\/2018\/08\/03\/os-termometros-chegaram-a-40-graus-na-europa\/#primaryimage","inLanguage":"pt-BR","url":"http:\/\/blog.panrotas.com.br\/viajante\/wp-content\/uploads\/2018\/08\/3718700684_9d12b030ab_b-1024x683.jpg","contentUrl":"http:\/\/blog.panrotas.com.br\/viajante\/wp-content\/uploads\/2018\/08\/3718700684_9d12b030ab_b-1024x683.jpg"},{"@type":"WebPage","@id":"https:\/\/blog.panrotas.com.br\/viajante\/2018\/08\/03\/os-termometros-chegaram-a-40-graus-na-europa\/#webpage","url":"https:\/\/blog.panrotas.com.br\/viajante\/2018\/08\/03\/os-termometros-chegaram-a-40-graus-na-europa\/","name":"Os term\u00f4metros chegaram a 40 graus na Europa - Viajante 3.0","isPartOf":{"@id":"https:\/\/blog.panrotas.com.br\/viajante\/#website"},"primaryImageOfPage":{"@id":"https:\/\/blog.panrotas.com.br\/viajante\/2018\/08\/03\/os-termometros-chegaram-a-40-graus-na-europa\/#primaryimage"},"datePublished":"2018-08-03T17:29:05+00:00","dateModified":"2018-08-03T17:29:05+00:00","author":{"@id":"https:\/\/blog.panrotas.com.br\/viajante\/#\/schema\/person\/58a33447037fe9fb8d144df0e693ecb0"},"breadcrumb":{"@id":"https:\/\/blog.panrotas.com.br\/viajante\/2018\/08\/03\/os-termometros-chegaram-a-40-graus-na-europa\/#breadcrumb"},"inLanguage":"pt-BR","potentialAction":[{"@type":"ReadAction","target":["https:\/\/blog.panrotas.com.br\/viajante\/2018\/08\/03\/os-termometros-chegaram-a-40-graus-na-europa\/"]}]},{"@type":"BreadcrumbList","@id":"https:\/\/blog.panrotas.com.br\/viajante\/2018\/08\/03\/os-termometros-chegaram-a-40-graus-na-europa\/#breadcrumb","itemListElement":[{"@type":"ListItem","position":1,"name":"In\u00edcio","item":"https:\/\/blog.panrotas.com.br\/viajante\/"},{"@type":"ListItem","position":2,"name":"Os term\u00f4metros chegaram a 40 graus na Europa"}]},{"@type":"Person","@id":"https:\/\/blog.panrotas.com.br\/viajante\/#\/schema\/person\/58a33447037fe9fb8d144df0e693ecb0","name":"Renato Machado","image":{"@type":"ImageObject","@id":"https:\/\/blog.panrotas.com.br\/viajante\/#personlogo","inLanguage":"pt-BR","url":"https:\/\/secure.gravatar.com\/avatar\/1b2cccafdb125d8647b2c92ed933381c?s=96&d=mm&r=g","contentUrl":"https:\/\/secure.gravatar.com\/avatar\/1b2cccafdb125d8647b2c92ed933381c?s=96&d=mm&r=g","caption":"Renato Machado"},"description":"Renato \u00e9 jornalista e encontrou na cobertura do Turismo a jun\u00e7\u00e3o de grandes prazeres: escrever e conhecer novas culturas e lugares. Agora vive no Porto, Portugal, e neste espa\u00e7o ir\u00e1 experimentar na pr\u00e1tica tend\u00eancias e inova\u00e7\u00f5es do mercado, al\u00e9m de buscar um olhar menos \u00f3bvio de destinos internacionais. No Instagram @Viajante3.0","url":"https:\/\/blog.panrotas.com.br\/viajante\/author\/renato\/"}]}},"jetpack_featured_media_url":"","jetpack_publicize_connections":[],"jetpack_shortlink":"https:\/\/wp.me\/p9JWFE-62","_links":{"self":[{"href":"https:\/\/blog.panrotas.com.br\/viajante\/wp-json\/wp\/v2\/posts\/374"}],"collection":[{"href":"https:\/\/blog.panrotas.com.br\/viajante\/wp-json\/wp\/v2\/posts"}],"about":[{"href":"https:\/\/blog.panrotas.com.br\/viajante\/wp-json\/wp\/v2\/types\/post"}],"author":[{"embeddable":true,"href":"https:\/\/blog.panrotas.com.br\/viajante\/wp-json\/wp\/v2\/users\/5"}],"replies":[{"embeddable":true,"href":"https:\/\/blog.panrotas.com.br\/viajante\/wp-json\/wp\/v2\/comments?post=374"}],"version-history":[{"count":0,"href":"https:\/\/blog.panrotas.com.br\/viajante\/wp-json\/wp\/v2\/posts\/374\/revisions"}],"wp:attachment":[{"href":"https:\/\/blog.panrotas.com.br\/viajante\/wp-json\/wp\/v2\/media?parent=374"}],"wp:term":[{"taxonomy":"category","embeddable":true,"href":"https:\/\/blog.panrotas.com.br\/viajante\/wp-json\/wp\/v2\/categories?post=374"},{"taxonomy":"post_tag","embeddable":true,"href":"https:\/\/blog.panrotas.com.br\/viajante\/wp-json\/wp\/v2\/tags?post=374"}],"curies":[{"name":"wp","href":"https:\/\/api.w.org\/{rel}","templated":true}]}}