{"id":449,"date":"2018-11-21T10:19:19","date_gmt":"2018-11-21T12:19:19","guid":{"rendered":"http:\/\/blog.panrotas.com.br\/viajante\/?p=449"},"modified":"2018-11-21T10:19:19","modified_gmt":"2018-11-21T12:19:19","slug":"alta-gastronomia-voando-de-economica-na-air-france-e-possivel","status":"publish","type":"post","link":"https:\/\/blog.panrotas.com.br\/viajante\/2018\/11\/21\/alta-gastronomia-voando-de-economica-na-air-france-e-possivel\/","title":{"rendered":"Alta gastronomia voando de econ\u00f4mica? Na Air France \u00e9 poss\u00edvel"},"content":{"rendered":"<figure id=\"attachment_453\" aria-describedby=\"caption-attachment-453\" style=\"width: 740px\" class=\"wp-caption aligncenter\"><img loading=\"lazy\" class=\"wp-image-453 size-large\" src=\"http:\/\/blog.panrotas.com.br\/viajante\/wp-content\/uploads\/2018\/11\/Menu-\u00e0-la-Carte-Lenotre-4-1024x683.jpg\" alt=\"\" width=\"740\" height=\"494\" srcset=\"https:\/\/blog.panrotas.com.br\/viajante\/wp-content\/uploads\/sites\/3\/2018\/11\/Menu-\u00e0-la-Carte-Lenotre-4-1024x683.jpg 1024w, https:\/\/blog.panrotas.com.br\/viajante\/wp-content\/uploads\/sites\/3\/2018\/11\/Menu-\u00e0-la-Carte-Lenotre-4-300x200.jpg 300w, https:\/\/blog.panrotas.com.br\/viajante\/wp-content\/uploads\/sites\/3\/2018\/11\/Menu-\u00e0-la-Carte-Lenotre-4-768x512.jpg 768w, https:\/\/blog.panrotas.com.br\/viajante\/wp-content\/uploads\/sites\/3\/2018\/11\/Menu-\u00e0-la-Carte-Lenotre-4-1568x1046.jpg 1568w, https:\/\/blog.panrotas.com.br\/viajante\/wp-content\/uploads\/sites\/3\/2018\/11\/Menu-\u00e0-la-Carte-Lenotre-4.jpg 1612w\" sizes=\"(max-width: 740px) 100vw, 740px\" \/><figcaption id=\"caption-attachment-453\" class=\"wp-caption-text\">Cria\u00e7\u00e3o do Maison Len\u00f4tre leva alta gastronomia a bordo da Air France (Divulga\u00e7\u00e3o\/Air France)<\/figcaption><\/figure>\n<p><span style=\"font-weight: 400\">No meu retorno tempor\u00e1rio ao Brasil, a volta foi a bordo da Air France, como voc\u00eas viram aqui no blog quando relatei minha experi\u00eancia no nov\u00edssimo VIP Lounge da a\u00e9rea em Charles de Gaulle. Pois bem, se n\u00e3o bastasse todo o conforto que me foi disponibilizado nessa Sala VIP, durante o voo a Air France tamb\u00e9m tratou de me apresentar a um mundo novo na experi\u00eancia gastron\u00f4mica.<\/span><\/p>\n<p><span style=\"font-weight: 400\">Al\u00e9m do tradicional (e gratuito) servi\u00e7o de catering em voos de longa dura\u00e7\u00e3o, com refei\u00e7\u00f5es completas e amplo menu de bebidas, a Air France disponibiliza a seus passageiros das classes Economy e Premium Economy a op\u00e7\u00e3o de realizar um \u201cupgrade\u201d na comida. Essa preciosidade se chama Menus \u00e0 La Carte e, acreditem, pagar a mais pela comida no avi\u00e3o n\u00e3o \u00e9 um luxo absurdo. S\u00e3o seis temas diferentes dispon\u00edveis para os passageiros Air France.<\/span><\/p>\n<figure id=\"attachment_454\" aria-describedby=\"caption-attachment-454\" style=\"width: 468px\" class=\"wp-caption alignleft\"><img loading=\"lazy\" class=\" wp-image-454\" src=\"http:\/\/blog.panrotas.com.br\/viajante\/wp-content\/uploads\/2018\/11\/Webp.net-compress-image-1024x684.jpg\" alt=\"\" width=\"468\" height=\"313\" srcset=\"https:\/\/blog.panrotas.com.br\/viajante\/wp-content\/uploads\/sites\/3\/2018\/11\/Webp.net-compress-image-1024x684.jpg 1024w, https:\/\/blog.panrotas.com.br\/viajante\/wp-content\/uploads\/sites\/3\/2018\/11\/Webp.net-compress-image-300x200.jpg 300w, https:\/\/blog.panrotas.com.br\/viajante\/wp-content\/uploads\/sites\/3\/2018\/11\/Webp.net-compress-image-768x513.jpg 768w, https:\/\/blog.panrotas.com.br\/viajante\/wp-content\/uploads\/sites\/3\/2018\/11\/Webp.net-compress-image-1568x1047.jpg 1568w\" sizes=\"(max-width: 468px) 100vw, 468px\" \/><figcaption id=\"caption-attachment-454\" class=\"wp-caption-text\">Op\u00e7\u00f5es \u00e0 la carte est\u00e3o dispon\u00edveis nas classes Economy e Premium Economy (Divulga\u00e7\u00e3o\/Air France)<\/figcaption><\/figure>\n<p><span style=\"font-weight: 400\">Aqui vou citar quais s\u00e3o os menus, com pre\u00e7o indicado, mas mais \u00e0 frente vou me ater ao card\u00e1pio que eu consumi. H\u00e1 l\u00e1 o My Fun Menu (\u20ac 13), a op\u00e7\u00e3o de hamb\u00farguer e chips; o Le March\u00e9 de Jean Imbert (\u20ac 21), assinado pelo popular chef com interpreta\u00e7\u00f5es de seus pratos; o Une S\u00e9lection Len\u00f4tre (\u20ac 28), alta gastronomia francesa assinada por chefs da Maison Len\u00f4tre; o Menu Tradition (\u20ac 18), focado na culin\u00e1ria francesa; o Menu Oc\u00e9an (\u20ac 15), inspirado nos sabores do mar; e o Menu Italia (\u20ac 12), que \u00e9 meio autodescritivo.<\/span><\/p>\n<p><span style=\"font-weight: 400\">A minha escolha foi o Une S\u00e9lection Len\u00f4tre, que \u00e9 um menu criado por chefs da tradicional casa francesa e que varia de acordo com as esta\u00e7\u00f5es do ano (dispon\u00edvel somente em voos que saem de Paris). A refei\u00e7\u00e3o consistia em fingers de berinjela e creme de parmes\u00e3o como entrada, seguido de peito de frango com pimento de piquillo e pur\u00ea de batata no prato principal. Queijo camembert e uvas acompanhavam o menu, que tinha de sobremesa o especial\u00edssimo bolo de chocolate amargo Concerto, uma das assinaturas da Len\u00f4tre.<\/span><\/p>\n<figure id=\"attachment_452\" aria-describedby=\"caption-attachment-452\" style=\"width: 449px\" class=\"wp-caption alignright\"><img loading=\"lazy\" class=\"wp-image-452\" src=\"http:\/\/blog.panrotas.com.br\/viajante\/wp-content\/uploads\/2018\/11\/COM-P074688-1024x683.jpg\" alt=\"\" width=\"449\" height=\"299\" srcset=\"https:\/\/blog.panrotas.com.br\/viajante\/wp-content\/uploads\/sites\/3\/2018\/11\/COM-P074688-1024x683.jpg 1024w, https:\/\/blog.panrotas.com.br\/viajante\/wp-content\/uploads\/sites\/3\/2018\/11\/COM-P074688-300x200.jpg 300w, https:\/\/blog.panrotas.com.br\/viajante\/wp-content\/uploads\/sites\/3\/2018\/11\/COM-P074688-768x512.jpg 768w, https:\/\/blog.panrotas.com.br\/viajante\/wp-content\/uploads\/sites\/3\/2018\/11\/COM-P074688-1568x1045.jpg 1568w\" sizes=\"(max-width: 449px) 100vw, 449px\" \/><figcaption id=\"caption-attachment-452\" class=\"wp-caption-text\">Servi\u00e7o de bordo, um dos pontos altos da experi\u00eancia na Air France (Divulga\u00e7\u00e3o\/Air France)<\/figcaption><\/figure>\n<p><span style=\"font-weight: 400\">Ao escrever sobre a experi\u00eancia de provar alta culin\u00e1ria a bordo, dois pontos me fazem defender essa escolha. O primeiro trata da refei\u00e7\u00e3o em si. Card\u00e1pios nas classes econ\u00f4micas giram em torno de praticidade e da possibilidade de atender o maior n\u00famero de gostos poss\u00edvel. Em geral, a entrada n\u00e3o dialoga com o prato principal, a sobremesa n\u00e3o brilha os olhos de ningu\u00e9m.<\/span><\/p>\n<p><span style=\"font-weight: 400\">No caso do Une S\u00e9lection Len\u00f4tre, com menu criado de forma uniforme, fica claro por onde os chefs pretendiam me levar. Para mim, a delicadeza e sucul\u00eancia do frango ficaram mais evidentes justamente por conta da acidez da berinjela na entrada. O camembert tinha uma fun\u00e7\u00e3o ao antecipar o chocolate amargo do Concerto, e por a\u00ed vai.<\/span><\/p>\n<p><span style=\"font-weight: 400\">O outro ponto \u00e9 financeiro, j\u00e1 que dentro de um aeroporto voc\u00ea n\u00e3o conseguir\u00e1 encontrar op\u00e7\u00f5es gastronomicamente t\u00e3o bem trabalhadas como estas, acompanhadas de bebidas, pelos pre\u00e7os praticados pela Air France. O Menu Tradition, por exemplo, oferece culin\u00e1ria francesa por \u20ac 18, valor que, nos terminais, dificilmente cobre uma ta\u00e7a de vinho e entrada.<\/span><\/p>\n<figure id=\"attachment_451\" aria-describedby=\"caption-attachment-451\" style=\"width: 740px\" class=\"wp-caption aligncenter\"><img loading=\"lazy\" class=\"wp-image-451 size-large\" src=\"http:\/\/blog.panrotas.com.br\/viajante\/wp-content\/uploads\/2018\/11\/Menu-\u00e0-la-Carte-Ocean-3-1024x683.jpg\" alt=\"\" width=\"740\" height=\"494\" srcset=\"https:\/\/blog.panrotas.com.br\/viajante\/wp-content\/uploads\/sites\/3\/2018\/11\/Menu-\u00e0-la-Carte-Ocean-3-1024x683.jpg 1024w, https:\/\/blog.panrotas.com.br\/viajante\/wp-content\/uploads\/sites\/3\/2018\/11\/Menu-\u00e0-la-Carte-Ocean-3-300x200.jpg 300w, https:\/\/blog.panrotas.com.br\/viajante\/wp-content\/uploads\/sites\/3\/2018\/11\/Menu-\u00e0-la-Carte-Ocean-3-768x512.jpg 768w, https:\/\/blog.panrotas.com.br\/viajante\/wp-content\/uploads\/sites\/3\/2018\/11\/Menu-\u00e0-la-Carte-Ocean-3-1568x1046.jpg 1568w, https:\/\/blog.panrotas.com.br\/viajante\/wp-content\/uploads\/sites\/3\/2018\/11\/Menu-\u00e0-la-Carte-Ocean-3.jpg 1612w\" sizes=\"(max-width: 740px) 100vw, 740px\" \/><figcaption id=\"caption-attachment-451\" class=\"wp-caption-text\">Menu Oc\u00e9an, que custa \u20ac 15 nas sa\u00eddas desde Paris (Divulga\u00e7\u00e3o\/Air France)<\/figcaption><\/figure>\n<p><span style=\"font-weight: 400\">Os Menus \u00e0 La Carte da companhia devem ser adquiridos de forma on-line. S\u00e3o tr\u00eas os momentos em que o passageiro pode escolher, confirmar e pagar pela refei\u00e7\u00e3o: na compra da passagem; entre 90 dias e 24 horas antes do voo (no menu \u201cSuas Reservas\u201d); ou entre 30 horas e 24 horas antes do voo (durante o check-in on-line).<\/span><\/p>\n<p><span style=\"font-weight: 400\">Vale checar no sistema quais card\u00e1pios est\u00e3o dispon\u00edveis no trecho do voo em quest\u00e3o. Algumas op\u00e7\u00f5es s\u00e3o exclusivas de certas regi\u00f5es, como o Une S\u00e9lection Len\u00f4tre \u00e9 das sa\u00eddas internacionais de Paris, ou o Menu Italia, que fica restrito a rotas da Am\u00e9rica do Norte, \u00c1frica e \u00c1sia.<\/span><\/p>\n<p><span style=\"font-weight: 400\">N\u00e3o deixe de dar uma olhada nos \u00faltimos posts e acompanhe a jornada do Viajante 3.0 pela blogosfera da PANROTAS e tamb\u00e9m pela conta no <a href=\"https:\/\/www.instagram.com\/viajante3.0\/\" target=\"_blank\" rel=\"noopener noreferrer\">Instagram<\/a>. <\/span>\t\t<\/p>\n","protected":false},"excerpt":{"rendered":"<p>No meu retorno tempor\u00e1rio ao Brasil, a volta foi a bordo da Air France, como voc\u00eas viram aqui no blog quando relatei minha experi\u00eancia no nov\u00edssimo VIP Lounge da a\u00e9rea em Charles de Gaulle. Pois bem, se n\u00e3o bastasse todo o conforto que me foi disponibilizado nessa Sala VIP, durante o voo a Air France&hellip; <a class=\"more-link\" href=\"https:\/\/blog.panrotas.com.br\/viajante\/2018\/11\/21\/alta-gastronomia-voando-de-economica-na-air-france-e-possivel\/\">Continue reading &rarr;<\/a>&hellip; <a class=\"more-link\" href=\"https:\/\/blog.panrotas.com.br\/viajante\/2018\/11\/21\/alta-gastronomia-voando-de-economica-na-air-france-e-possivel\/\">Continue reading &rarr;<\/a><\/p>\n","protected":false},"author":5,"featured_media":0,"comment_status":"open","ping_status":"open","sticky":false,"template":"","format":"standard","meta":{"spay_email":"","jetpack_publicize_message":"","jetpack_is_tweetstorm":false},"categories":[2,12,14,15,27,28],"tags":[61,62,63,71,73,96,154,279,280,311,327,337],"yoast_head":"<!-- This site is optimized with the Yoast SEO plugin v17.3 - https:\/\/yoast.com\/wordpress\/plugins\/seo\/ -->\n<title>Alta gastronomia voando de econ\u00f4mica? Na Air France \u00e9 poss\u00edvel - Viajante 3.0<\/title>\n<meta name=\"robots\" content=\"index, follow, max-snippet:-1, max-image-preview:large, max-video-preview:-1\" \/>\n<link rel=\"canonical\" href=\"https:\/\/blog.panrotas.com.br\/viajante\/2018\/11\/21\/alta-gastronomia-voando-de-economica-na-air-france-e-possivel\/\" \/>\n<meta property=\"og:locale\" content=\"pt_BR\" \/>\n<meta property=\"og:type\" content=\"article\" \/>\n<meta property=\"og:title\" content=\"Alta gastronomia voando de econ\u00f4mica? Na Air France \u00e9 poss\u00edvel - Viajante 3.0\" \/>\n<meta property=\"og:description\" content=\"No meu retorno tempor\u00e1rio ao Brasil, a volta foi a bordo da Air France, como voc\u00eas viram aqui no blog quando relatei minha experi\u00eancia no nov\u00edssimo VIP Lounge da a\u00e9rea em Charles de Gaulle. Pois bem, se n\u00e3o bastasse todo o conforto que me foi disponibilizado nessa Sala VIP, durante o voo a Air France&hellip; Continue reading &rarr;&hellip; Continue reading &rarr;\" \/>\n<meta property=\"og:url\" content=\"https:\/\/blog.panrotas.com.br\/viajante\/2018\/11\/21\/alta-gastronomia-voando-de-economica-na-air-france-e-possivel\/\" \/>\n<meta property=\"og:site_name\" content=\"Viajante 3.0\" \/>\n<meta property=\"article:published_time\" content=\"2018-11-21T12:19:19+00:00\" \/>\n<meta property=\"og:image\" content=\"http:\/\/blog.panrotas.com.br\/viajante\/wp-content\/uploads\/2018\/11\/Menu-\u00e0-la-Carte-Lenotre-4-1024x683.jpg\" \/>\n<meta name=\"twitter:card\" content=\"summary_large_image\" \/>\n<meta name=\"twitter:label1\" content=\"Escrito por\" \/>\n\t<meta name=\"twitter:data1\" content=\"Renato Machado\" \/>\n\t<meta name=\"twitter:label2\" content=\"Est. tempo de leitura\" \/>\n\t<meta name=\"twitter:data2\" content=\"4 minutos\" \/>\n<script type=\"application\/ld+json\" class=\"yoast-schema-graph\">{\"@context\":\"https:\/\/schema.org\",\"@graph\":[{\"@type\":\"WebSite\",\"@id\":\"https:\/\/blog.panrotas.com.br\/viajante\/#website\",\"url\":\"https:\/\/blog.panrotas.com.br\/viajante\/\",\"name\":\"Viajante 3.0\",\"description\":\"Blogosfera PANROTAS\",\"potentialAction\":[{\"@type\":\"SearchAction\",\"target\":{\"@type\":\"EntryPoint\",\"urlTemplate\":\"https:\/\/blog.panrotas.com.br\/viajante\/?s={search_term_string}\"},\"query-input\":\"required name=search_term_string\"}],\"inLanguage\":\"pt-BR\"},{\"@type\":\"ImageObject\",\"@id\":\"https:\/\/blog.panrotas.com.br\/viajante\/2018\/11\/21\/alta-gastronomia-voando-de-economica-na-air-france-e-possivel\/#primaryimage\",\"inLanguage\":\"pt-BR\",\"url\":\"http:\/\/blog.panrotas.com.br\/viajante\/wp-content\/uploads\/2018\/11\/Menu-\\u00e0-la-Carte-Lenotre-4-1024x683.jpg\",\"contentUrl\":\"http:\/\/blog.panrotas.com.br\/viajante\/wp-content\/uploads\/2018\/11\/Menu-\\u00e0-la-Carte-Lenotre-4-1024x683.jpg\"},{\"@type\":\"WebPage\",\"@id\":\"https:\/\/blog.panrotas.com.br\/viajante\/2018\/11\/21\/alta-gastronomia-voando-de-economica-na-air-france-e-possivel\/#webpage\",\"url\":\"https:\/\/blog.panrotas.com.br\/viajante\/2018\/11\/21\/alta-gastronomia-voando-de-economica-na-air-france-e-possivel\/\",\"name\":\"Alta gastronomia voando de econ\\u00f4mica? Na Air France \\u00e9 poss\\u00edvel - Viajante 3.0\",\"isPartOf\":{\"@id\":\"https:\/\/blog.panrotas.com.br\/viajante\/#website\"},\"primaryImageOfPage\":{\"@id\":\"https:\/\/blog.panrotas.com.br\/viajante\/2018\/11\/21\/alta-gastronomia-voando-de-economica-na-air-france-e-possivel\/#primaryimage\"},\"datePublished\":\"2018-11-21T12:19:19+00:00\",\"dateModified\":\"2018-11-21T12:19:19+00:00\",\"author\":{\"@id\":\"https:\/\/blog.panrotas.com.br\/viajante\/#\/schema\/person\/58a33447037fe9fb8d144df0e693ecb0\"},\"breadcrumb\":{\"@id\":\"https:\/\/blog.panrotas.com.br\/viajante\/2018\/11\/21\/alta-gastronomia-voando-de-economica-na-air-france-e-possivel\/#breadcrumb\"},\"inLanguage\":\"pt-BR\",\"potentialAction\":[{\"@type\":\"ReadAction\",\"target\":[\"https:\/\/blog.panrotas.com.br\/viajante\/2018\/11\/21\/alta-gastronomia-voando-de-economica-na-air-france-e-possivel\/\"]}]},{\"@type\":\"BreadcrumbList\",\"@id\":\"https:\/\/blog.panrotas.com.br\/viajante\/2018\/11\/21\/alta-gastronomia-voando-de-economica-na-air-france-e-possivel\/#breadcrumb\",\"itemListElement\":[{\"@type\":\"ListItem\",\"position\":1,\"name\":\"In\\u00edcio\",\"item\":\"https:\/\/blog.panrotas.com.br\/viajante\/\"},{\"@type\":\"ListItem\",\"position\":2,\"name\":\"Alta gastronomia voando de econ\\u00f4mica? Na Air France \\u00e9 poss\\u00edvel\"}]},{\"@type\":\"Person\",\"@id\":\"https:\/\/blog.panrotas.com.br\/viajante\/#\/schema\/person\/58a33447037fe9fb8d144df0e693ecb0\",\"name\":\"Renato Machado\",\"image\":{\"@type\":\"ImageObject\",\"@id\":\"https:\/\/blog.panrotas.com.br\/viajante\/#personlogo\",\"inLanguage\":\"pt-BR\",\"url\":\"https:\/\/secure.gravatar.com\/avatar\/1b2cccafdb125d8647b2c92ed933381c?s=96&d=mm&r=g\",\"contentUrl\":\"https:\/\/secure.gravatar.com\/avatar\/1b2cccafdb125d8647b2c92ed933381c?s=96&d=mm&r=g\",\"caption\":\"Renato Machado\"},\"description\":\"Renato \\u00e9 jornalista e encontrou na cobertura do Turismo a jun\\u00e7\\u00e3o de grandes prazeres: escrever e conhecer novas culturas e lugares. Agora vive no Porto, Portugal, e neste espa\\u00e7o ir\\u00e1 experimentar na pr\\u00e1tica tend\\u00eancias e inova\\u00e7\\u00f5es do mercado, al\\u00e9m de buscar um olhar menos \\u00f3bvio de destinos internacionais. No Instagram @Viajante3.0\",\"url\":\"https:\/\/blog.panrotas.com.br\/viajante\/author\/renato\/\"}]}<\/script>\n<!-- \/ Yoast SEO plugin. -->","yoast_head_json":{"title":"Alta gastronomia voando de econ\u00f4mica? Na Air France \u00e9 poss\u00edvel - Viajante 3.0","robots":{"index":"index","follow":"follow","max-snippet":"max-snippet:-1","max-image-preview":"max-image-preview:large","max-video-preview":"max-video-preview:-1"},"canonical":"https:\/\/blog.panrotas.com.br\/viajante\/2018\/11\/21\/alta-gastronomia-voando-de-economica-na-air-france-e-possivel\/","og_locale":"pt_BR","og_type":"article","og_title":"Alta gastronomia voando de econ\u00f4mica? Na Air France \u00e9 poss\u00edvel - Viajante 3.0","og_description":"No meu retorno tempor\u00e1rio ao Brasil, a volta foi a bordo da Air France, como voc\u00eas viram aqui no blog quando relatei minha experi\u00eancia no nov\u00edssimo VIP Lounge da a\u00e9rea em Charles de Gaulle. Pois bem, se n\u00e3o bastasse todo o conforto que me foi disponibilizado nessa Sala VIP, durante o voo a Air France&hellip; Continue reading &rarr;&hellip; Continue reading &rarr;","og_url":"https:\/\/blog.panrotas.com.br\/viajante\/2018\/11\/21\/alta-gastronomia-voando-de-economica-na-air-france-e-possivel\/","og_site_name":"Viajante 3.0","article_published_time":"2018-11-21T12:19:19+00:00","og_image":[{"url":"http:\/\/blog.panrotas.com.br\/viajante\/wp-content\/uploads\/2018\/11\/Menu-\u00e0-la-Carte-Lenotre-4-1024x683.jpg"}],"twitter_card":"summary_large_image","twitter_misc":{"Escrito por":"Renato Machado","Est. tempo de leitura":"4 minutos"},"schema":{"@context":"https:\/\/schema.org","@graph":[{"@type":"WebSite","@id":"https:\/\/blog.panrotas.com.br\/viajante\/#website","url":"https:\/\/blog.panrotas.com.br\/viajante\/","name":"Viajante 3.0","description":"Blogosfera PANROTAS","potentialAction":[{"@type":"SearchAction","target":{"@type":"EntryPoint","urlTemplate":"https:\/\/blog.panrotas.com.br\/viajante\/?s={search_term_string}"},"query-input":"required name=search_term_string"}],"inLanguage":"pt-BR"},{"@type":"ImageObject","@id":"https:\/\/blog.panrotas.com.br\/viajante\/2018\/11\/21\/alta-gastronomia-voando-de-economica-na-air-france-e-possivel\/#primaryimage","inLanguage":"pt-BR","url":"http:\/\/blog.panrotas.com.br\/viajante\/wp-content\/uploads\/2018\/11\/Menu-\u00e0-la-Carte-Lenotre-4-1024x683.jpg","contentUrl":"http:\/\/blog.panrotas.com.br\/viajante\/wp-content\/uploads\/2018\/11\/Menu-\u00e0-la-Carte-Lenotre-4-1024x683.jpg"},{"@type":"WebPage","@id":"https:\/\/blog.panrotas.com.br\/viajante\/2018\/11\/21\/alta-gastronomia-voando-de-economica-na-air-france-e-possivel\/#webpage","url":"https:\/\/blog.panrotas.com.br\/viajante\/2018\/11\/21\/alta-gastronomia-voando-de-economica-na-air-france-e-possivel\/","name":"Alta gastronomia voando de econ\u00f4mica? Na Air France \u00e9 poss\u00edvel - Viajante 3.0","isPartOf":{"@id":"https:\/\/blog.panrotas.com.br\/viajante\/#website"},"primaryImageOfPage":{"@id":"https:\/\/blog.panrotas.com.br\/viajante\/2018\/11\/21\/alta-gastronomia-voando-de-economica-na-air-france-e-possivel\/#primaryimage"},"datePublished":"2018-11-21T12:19:19+00:00","dateModified":"2018-11-21T12:19:19+00:00","author":{"@id":"https:\/\/blog.panrotas.com.br\/viajante\/#\/schema\/person\/58a33447037fe9fb8d144df0e693ecb0"},"breadcrumb":{"@id":"https:\/\/blog.panrotas.com.br\/viajante\/2018\/11\/21\/alta-gastronomia-voando-de-economica-na-air-france-e-possivel\/#breadcrumb"},"inLanguage":"pt-BR","potentialAction":[{"@type":"ReadAction","target":["https:\/\/blog.panrotas.com.br\/viajante\/2018\/11\/21\/alta-gastronomia-voando-de-economica-na-air-france-e-possivel\/"]}]},{"@type":"BreadcrumbList","@id":"https:\/\/blog.panrotas.com.br\/viajante\/2018\/11\/21\/alta-gastronomia-voando-de-economica-na-air-france-e-possivel\/#breadcrumb","itemListElement":[{"@type":"ListItem","position":1,"name":"In\u00edcio","item":"https:\/\/blog.panrotas.com.br\/viajante\/"},{"@type":"ListItem","position":2,"name":"Alta gastronomia voando de econ\u00f4mica? Na Air France \u00e9 poss\u00edvel"}]},{"@type":"Person","@id":"https:\/\/blog.panrotas.com.br\/viajante\/#\/schema\/person\/58a33447037fe9fb8d144df0e693ecb0","name":"Renato Machado","image":{"@type":"ImageObject","@id":"https:\/\/blog.panrotas.com.br\/viajante\/#personlogo","inLanguage":"pt-BR","url":"https:\/\/secure.gravatar.com\/avatar\/1b2cccafdb125d8647b2c92ed933381c?s=96&d=mm&r=g","contentUrl":"https:\/\/secure.gravatar.com\/avatar\/1b2cccafdb125d8647b2c92ed933381c?s=96&d=mm&r=g","caption":"Renato Machado"},"description":"Renato \u00e9 jornalista e encontrou na cobertura do Turismo a jun\u00e7\u00e3o de grandes prazeres: escrever e conhecer novas culturas e lugares. Agora vive no Porto, Portugal, e neste espa\u00e7o ir\u00e1 experimentar na pr\u00e1tica tend\u00eancias e inova\u00e7\u00f5es do mercado, al\u00e9m de buscar um olhar menos \u00f3bvio de destinos internacionais. No Instagram @Viajante3.0","url":"https:\/\/blog.panrotas.com.br\/viajante\/author\/renato\/"}]}},"jetpack_featured_media_url":"","jetpack_publicize_connections":[],"jetpack_shortlink":"https:\/\/wp.me\/p9JWFE-7f","_links":{"self":[{"href":"https:\/\/blog.panrotas.com.br\/viajante\/wp-json\/wp\/v2\/posts\/449"}],"collection":[{"href":"https:\/\/blog.panrotas.com.br\/viajante\/wp-json\/wp\/v2\/posts"}],"about":[{"href":"https:\/\/blog.panrotas.com.br\/viajante\/wp-json\/wp\/v2\/types\/post"}],"author":[{"embeddable":true,"href":"https:\/\/blog.panrotas.com.br\/viajante\/wp-json\/wp\/v2\/users\/5"}],"replies":[{"embeddable":true,"href":"https:\/\/blog.panrotas.com.br\/viajante\/wp-json\/wp\/v2\/comments?post=449"}],"version-history":[{"count":0,"href":"https:\/\/blog.panrotas.com.br\/viajante\/wp-json\/wp\/v2\/posts\/449\/revisions"}],"wp:attachment":[{"href":"https:\/\/blog.panrotas.com.br\/viajante\/wp-json\/wp\/v2\/media?parent=449"}],"wp:term":[{"taxonomy":"category","embeddable":true,"href":"https:\/\/blog.panrotas.com.br\/viajante\/wp-json\/wp\/v2\/categories?post=449"},{"taxonomy":"post_tag","embeddable":true,"href":"https:\/\/blog.panrotas.com.br\/viajante\/wp-json\/wp\/v2\/tags?post=449"}],"curies":[{"name":"wp","href":"https:\/\/api.w.org\/{rel}","templated":true}]}}