{"id":59,"date":"2018-03-27T15:06:31","date_gmt":"2018-03-27T18:06:31","guid":{"rendered":"http:\/\/blog.panrotas.com.br\/viajante\/?p=59"},"modified":"2018-03-27T15:06:31","modified_gmt":"2018-03-27T18:06:31","slug":"ja-ouviu-falar-em-leeuwarden-holanda-neste-ano-ela-e-capital-europeia-da-cultura","status":"publish","type":"post","link":"https:\/\/blog.panrotas.com.br\/viajante\/2018\/03\/27\/ja-ouviu-falar-em-leeuwarden-holanda-neste-ano-ela-e-capital-europeia-da-cultura\/","title":{"rendered":"J\u00e1 ouviu falar em Leeuwarden (Holanda)? Neste ano, ela \u00e9 Capital Europeia da Cultura"},"content":{"rendered":"<figure id=\"attachment_61\" aria-describedby=\"caption-attachment-61\" style=\"width: 414px\" class=\"wp-caption alignleft\"><img loading=\"lazy\" class=\" wp-image-61\" src=\"http:\/\/blog.panrotas.com.br\/viajante\/wp-content\/uploads\/2018\/03\/5269375416_1a861fd4bf_o.jpg\" alt=\"\" width=\"414\" height=\"414\" srcset=\"https:\/\/blog.panrotas.com.br\/viajante\/wp-content\/uploads\/sites\/3\/2018\/03\/5269375416_1a861fd4bf_o.jpg 1024w, https:\/\/blog.panrotas.com.br\/viajante\/wp-content\/uploads\/sites\/3\/2018\/03\/5269375416_1a861fd4bf_o-150x150.jpg 150w, https:\/\/blog.panrotas.com.br\/viajante\/wp-content\/uploads\/sites\/3\/2018\/03\/5269375416_1a861fd4bf_o-300x300.jpg 300w, https:\/\/blog.panrotas.com.br\/viajante\/wp-content\/uploads\/sites\/3\/2018\/03\/5269375416_1a861fd4bf_o-768x768.jpg 768w\" sizes=\"(max-width: 414px) 100vw, 414px\" \/><figcaption id=\"caption-attachment-61\" class=\"wp-caption-text\">Em meio ao p\u00f4r do sol, o Achmeatoren, pr\u00e9dio mais alto de Leeuwarden (Flickr\/Michiel Jelijs)<\/figcaption><\/figure>\n<p>Este pode ser o ano para voc\u00ea explorar novas partes da Holanda. <a href=\"http:\/\/blog.panrotas.com.br\/viajante\/index.php\/2018\/03\/20\/20-horas-em-amsterda-uma-visita-expressa-a-capital-holandesa\/\" target=\"_blank\" rel=\"noopener noreferrer\">Se a capital Amsterd\u00e3 j\u00e1 n\u00e3o \u00e9 mais uma grande novidade<\/a>, uma sugest\u00e3o talvez seja se aventurar em cidades menores, que n\u00e3o estejam nos guias tur\u00edsticos das grandes editoras. Um desses destinos, Leeuwarden, a capital da prov\u00edncia de Friesland, tem motivos de sobra para receber sua aten\u00e7\u00e3o, j\u00e1 que em 2018 \u00e9 uma das Capitais Europeias da Cultura.<\/p>\n<p><a href=\"http:\/\/blog.panrotas.com.br\/viajante\/index.php\/2018\/03\/23\/porque-esse-e-o-ano-para-conhecer-valeta-malta-a-capital-europeia-da-cultura\/\" target=\"_blank\" rel=\"noopener noreferrer\">No post anterior<\/a>, expliquei como surgiu a ideia das Capitais da Cultura, falei sobre melhorias e investimentos que s\u00e3o feitos nas cidades e ainda analisei a programa\u00e7\u00e3o de Valeta, em Malta, cidade que divide o t\u00edtulo com Leeuwarden este ano. A constru\u00e7\u00e3o de equipamentos que ter\u00e3o vida ap\u00f3s o ano do t\u00edtulo, como museus e centros culturais, e a revitaliza\u00e7\u00e3o de atra\u00e7\u00f5es hist\u00f3ricas locais, representam um dos n\u00facleos de atua\u00e7\u00e3o do dinheiro que \u00e9 injetado nas ECoC\u2019s, como s\u00e3o abreviadas. Ou seja, neste ano, as cidades Capitais da Cultura est\u00e3o em sua melhor forma!<\/p>\n<figure id=\"attachment_60\" aria-describedby=\"caption-attachment-60\" style=\"width: 410px\" class=\"wp-caption alignright\"><img loading=\"lazy\" class=\" wp-image-60\" src=\"http:\/\/blog.panrotas.com.br\/viajante\/wp-content\/uploads\/2018\/03\/42123_fullimage_leeuwarden_560x350.jpg\" alt=\"\" width=\"410\" height=\"256\" srcset=\"https:\/\/blog.panrotas.com.br\/viajante\/wp-content\/uploads\/sites\/3\/2018\/03\/42123_fullimage_leeuwarden_560x350.jpg 560w, https:\/\/blog.panrotas.com.br\/viajante\/wp-content\/uploads\/sites\/3\/2018\/03\/42123_fullimage_leeuwarden_560x350-300x188.jpg 300w\" sizes=\"(max-width: 410px) 100vw, 410px\" \/><figcaption id=\"caption-attachment-60\" class=\"wp-caption-text\">O charme da vida noturna de Leeuwarden (Divulga\u00e7\u00e3o\/NBTC Holland)<\/figcaption><\/figure>\n<p>Localizada a 140 quil\u00f4metros de Amsterd\u00e3 (1h30 de carro ou 2h de trem), Leeuwarden tem 100 mil habitantes e \u00e9 capital da prov\u00edncia de Friesland al\u00e9m de ser uma das Capitais Europeias da Cultura. Em um ano t\u00e3o especial como este, as cidades nomeadas colocam em a\u00e7\u00e3o um calend\u00e1rio com rica programa\u00e7\u00e3o para toda a temporada, o que faz com que as Capitais ganhem for\u00e7a no radar tur\u00edstico europeu.<\/p>\n<p>Neste post, irei abordar a agenda de eventos que, segundo a organiza\u00e7\u00e3o, se basear\u00e1 em um conceito de Comunidade Aberta, tendo como temas Dare to Dream (Ouse Sonhar), Dare to Act (Ouse Agir) e Dare to be Different (Ouse Ser Diferente). Para isso, chega ao p\u00fablico mais de 800 projetos que tocam \u00e1reas como a m\u00fasica e o teatro, mas tamb\u00e9m pintura, \u00f3pera e esporte. No fim das contas, o objetivo de Leeuwarden \u00e9 ampliar o entendimento sobre diferen\u00e7as culturais.<\/p>\n<figure id=\"attachment_62\" aria-describedby=\"caption-attachment-62\" style=\"width: 359px\" class=\"wp-caption alignleft\"><img loading=\"lazy\" class=\" wp-image-62\" src=\"http:\/\/blog.panrotas.com.br\/viajante\/wp-content\/uploads\/2018\/03\/friesmuseumfotorubenvanvliet-1024x682.jpg\" alt=\"\" width=\"359\" height=\"239\" srcset=\"https:\/\/blog.panrotas.com.br\/viajante\/wp-content\/uploads\/sites\/3\/2018\/03\/friesmuseumfotorubenvanvliet-1024x682.jpg 1024w, https:\/\/blog.panrotas.com.br\/viajante\/wp-content\/uploads\/sites\/3\/2018\/03\/friesmuseumfotorubenvanvliet-300x200.jpg 300w, https:\/\/blog.panrotas.com.br\/viajante\/wp-content\/uploads\/sites\/3\/2018\/03\/friesmuseumfotorubenvanvliet-768x511.jpg 768w, https:\/\/blog.panrotas.com.br\/viajante\/wp-content\/uploads\/sites\/3\/2018\/03\/friesmuseumfotorubenvanvliet.jpg 1500w\" sizes=\"(max-width: 359px) 100vw, 359px\" \/><figcaption id=\"caption-attachment-62\" class=\"wp-caption-text\">O Fries Museum exp\u00f4e a trajet\u00f3ria de Mata Hari durante 2018 (Divulga\u00e7\u00e3o\/Fries Museum)<\/figcaption><\/figure>\n<p>Uma das filhas mais not\u00f3rias da regi\u00e3o, Mata Hari ter\u00e1 programa\u00e7\u00e3o especial em sua homenagem. At\u00e9 2 de abril, o Fries Museum oferece uma exposi\u00e7\u00e3o completa (\u20ac 3 a \u20ac 38,50) sobre a trajet\u00f3ria da dan\u00e7arina que fez nome na Fran\u00e7a mas que era original de Friesland.<\/p>\n<p>Entre 19 e 22 de julho, a m\u00fasica vai rolar em Leeuwarden. O anual Welcome to The Village (\u20ac 10 a \u20ac 109) ter\u00e1 edi\u00e7\u00e3o especial dentro da programa\u00e7\u00e3o da Capital da Cultura. Uma \u201cminissociedade\u201d, como dizem, \u00e9 criada durante os dias do festival, que reunir\u00e1 em seu palco artistas como Mark Lanegan Band, Mykki Blanco, Motorpsycho, Thomas Azier, Torres, Warhaus, Strand of Oaks.<\/p>\n<p>O 8 de julho ter\u00e1 um simbolismo importante para o calend\u00e1rio de Leeuwarden. O oitavo dia (ou 8th Day) reunir\u00e1 na cidade eventos das 9h \u00e0s 23h. Performances de dan\u00e7a e trabalhos musicais, constru\u00e7\u00e3o e esporte, toda essa mescla de temas pretende acionar na comunidade uma rea\u00e7\u00e3o em cadeia para agir (e, claro, se entreter).<\/p>\n<p>A programa\u00e7\u00e3o holandesa da Capital Europeia da Cultura j\u00e1 est\u00e1 rolando a todo vapor e ir\u00e1 durar at\u00e9 o m\u00eas de novembro. No portal da iniciativa, voc\u00ea pode conferir com detalhes o calend\u00e1rio e organizar sua visita.<\/p>\n<p>Acompanhe a jornada do Viajante 3.0 pela blogosfera da PANROTAS e tamb\u00e9m pela conta no <a href=\"http:\/\/instagram.com\/viajante3.0\" target=\"_blank\" rel=\"noopener noreferrer\">Instagram<\/a>.\t\t<\/p>\n","protected":false},"excerpt":{"rendered":"<p>Este pode ser o ano para voc\u00ea explorar novas partes da Holanda. Se a capital Amsterd\u00e3 j\u00e1 n\u00e3o \u00e9 mais uma grande novidade, uma sugest\u00e3o talvez seja se aventurar em cidades menores, que n\u00e3o estejam nos guias tur\u00edsticos das grandes editoras. Um desses destinos, Leeuwarden, a capital da prov\u00edncia de Friesland, tem motivos de sobra&hellip; <a class=\"more-link\" href=\"https:\/\/blog.panrotas.com.br\/viajante\/2018\/03\/27\/ja-ouviu-falar-em-leeuwarden-holanda-neste-ano-ela-e-capital-europeia-da-cultura\/\">Continue reading &rarr;<\/a>&hellip; <a class=\"more-link\" href=\"https:\/\/blog.panrotas.com.br\/viajante\/2018\/03\/27\/ja-ouviu-falar-em-leeuwarden-holanda-neste-ano-ela-e-capital-europeia-da-cultura\/\">Continue reading &rarr;<\/a><\/p>\n","protected":false},"author":5,"featured_media":0,"comment_status":"open","ping_status":"open","sticky":false,"template":"","format":"standard","meta":{"spay_email":"","jetpack_publicize_message":"","jetpack_is_tweetstorm":false},"categories":[8,16,18],"tags":[135,136,200,217,235,274,291,324,345,511],"yoast_head":"<!-- This site is optimized with the Yoast SEO plugin v17.3 - https:\/\/yoast.com\/wordpress\/plugins\/seo\/ -->\n<title>J\u00e1 ouviu falar em Leeuwarden (Holanda)? Neste ano, ela \u00e9 Capital Europeia da Cultura - Viajante 3.0<\/title>\n<meta name=\"robots\" content=\"index, follow, max-snippet:-1, max-image-preview:large, max-video-preview:-1\" \/>\n<link rel=\"canonical\" href=\"https:\/\/blog.panrotas.com.br\/viajante\/2018\/03\/27\/ja-ouviu-falar-em-leeuwarden-holanda-neste-ano-ela-e-capital-europeia-da-cultura\/\" \/>\n<meta property=\"og:locale\" content=\"pt_BR\" \/>\n<meta property=\"og:type\" content=\"article\" \/>\n<meta property=\"og:title\" content=\"J\u00e1 ouviu falar em Leeuwarden (Holanda)? Neste ano, ela \u00e9 Capital Europeia da Cultura - Viajante 3.0\" \/>\n<meta property=\"og:description\" content=\"Este pode ser o ano para voc\u00ea explorar novas partes da Holanda. Se a capital Amsterd\u00e3 j\u00e1 n\u00e3o \u00e9 mais uma grande novidade, uma sugest\u00e3o talvez seja se aventurar em cidades menores, que n\u00e3o estejam nos guias tur\u00edsticos das grandes editoras. Um desses destinos, Leeuwarden, a capital da prov\u00edncia de Friesland, tem motivos de sobra&hellip; Continue reading &rarr;&hellip; Continue reading &rarr;\" \/>\n<meta property=\"og:url\" content=\"https:\/\/blog.panrotas.com.br\/viajante\/2018\/03\/27\/ja-ouviu-falar-em-leeuwarden-holanda-neste-ano-ela-e-capital-europeia-da-cultura\/\" \/>\n<meta property=\"og:site_name\" content=\"Viajante 3.0\" \/>\n<meta property=\"article:published_time\" content=\"2018-03-27T18:06:31+00:00\" \/>\n<meta property=\"og:image\" content=\"http:\/\/blog.panrotas.com.br\/viajante\/wp-content\/uploads\/2018\/03\/5269375416_1a861fd4bf_o.jpg\" \/>\n<meta name=\"twitter:card\" content=\"summary_large_image\" \/>\n<meta name=\"twitter:label1\" content=\"Escrito por\" \/>\n\t<meta name=\"twitter:data1\" content=\"Renato Machado\" \/>\n\t<meta name=\"twitter:label2\" content=\"Est. tempo de leitura\" \/>\n\t<meta name=\"twitter:data2\" content=\"3 minutos\" \/>\n<script type=\"application\/ld+json\" class=\"yoast-schema-graph\">{\"@context\":\"https:\/\/schema.org\",\"@graph\":[{\"@type\":\"WebSite\",\"@id\":\"https:\/\/blog.panrotas.com.br\/viajante\/#website\",\"url\":\"https:\/\/blog.panrotas.com.br\/viajante\/\",\"name\":\"Viajante 3.0\",\"description\":\"Blogosfera PANROTAS\",\"potentialAction\":[{\"@type\":\"SearchAction\",\"target\":{\"@type\":\"EntryPoint\",\"urlTemplate\":\"https:\/\/blog.panrotas.com.br\/viajante\/?s={search_term_string}\"},\"query-input\":\"required name=search_term_string\"}],\"inLanguage\":\"pt-BR\"},{\"@type\":\"ImageObject\",\"@id\":\"https:\/\/blog.panrotas.com.br\/viajante\/2018\/03\/27\/ja-ouviu-falar-em-leeuwarden-holanda-neste-ano-ela-e-capital-europeia-da-cultura\/#primaryimage\",\"inLanguage\":\"pt-BR\",\"url\":\"http:\/\/blog.panrotas.com.br\/viajante\/wp-content\/uploads\/2018\/03\/5269375416_1a861fd4bf_o.jpg\",\"contentUrl\":\"http:\/\/blog.panrotas.com.br\/viajante\/wp-content\/uploads\/2018\/03\/5269375416_1a861fd4bf_o.jpg\"},{\"@type\":\"WebPage\",\"@id\":\"https:\/\/blog.panrotas.com.br\/viajante\/2018\/03\/27\/ja-ouviu-falar-em-leeuwarden-holanda-neste-ano-ela-e-capital-europeia-da-cultura\/#webpage\",\"url\":\"https:\/\/blog.panrotas.com.br\/viajante\/2018\/03\/27\/ja-ouviu-falar-em-leeuwarden-holanda-neste-ano-ela-e-capital-europeia-da-cultura\/\",\"name\":\"J\\u00e1 ouviu falar em Leeuwarden (Holanda)? Neste ano, ela \\u00e9 Capital Europeia da Cultura - Viajante 3.0\",\"isPartOf\":{\"@id\":\"https:\/\/blog.panrotas.com.br\/viajante\/#website\"},\"primaryImageOfPage\":{\"@id\":\"https:\/\/blog.panrotas.com.br\/viajante\/2018\/03\/27\/ja-ouviu-falar-em-leeuwarden-holanda-neste-ano-ela-e-capital-europeia-da-cultura\/#primaryimage\"},\"datePublished\":\"2018-03-27T18:06:31+00:00\",\"dateModified\":\"2018-03-27T18:06:31+00:00\",\"author\":{\"@id\":\"https:\/\/blog.panrotas.com.br\/viajante\/#\/schema\/person\/58a33447037fe9fb8d144df0e693ecb0\"},\"breadcrumb\":{\"@id\":\"https:\/\/blog.panrotas.com.br\/viajante\/2018\/03\/27\/ja-ouviu-falar-em-leeuwarden-holanda-neste-ano-ela-e-capital-europeia-da-cultura\/#breadcrumb\"},\"inLanguage\":\"pt-BR\",\"potentialAction\":[{\"@type\":\"ReadAction\",\"target\":[\"https:\/\/blog.panrotas.com.br\/viajante\/2018\/03\/27\/ja-ouviu-falar-em-leeuwarden-holanda-neste-ano-ela-e-capital-europeia-da-cultura\/\"]}]},{\"@type\":\"BreadcrumbList\",\"@id\":\"https:\/\/blog.panrotas.com.br\/viajante\/2018\/03\/27\/ja-ouviu-falar-em-leeuwarden-holanda-neste-ano-ela-e-capital-europeia-da-cultura\/#breadcrumb\",\"itemListElement\":[{\"@type\":\"ListItem\",\"position\":1,\"name\":\"In\\u00edcio\",\"item\":\"https:\/\/blog.panrotas.com.br\/viajante\/\"},{\"@type\":\"ListItem\",\"position\":2,\"name\":\"J\\u00e1 ouviu falar em Leeuwarden (Holanda)? Neste ano, ela \\u00e9 Capital Europeia da Cultura\"}]},{\"@type\":\"Person\",\"@id\":\"https:\/\/blog.panrotas.com.br\/viajante\/#\/schema\/person\/58a33447037fe9fb8d144df0e693ecb0\",\"name\":\"Renato Machado\",\"image\":{\"@type\":\"ImageObject\",\"@id\":\"https:\/\/blog.panrotas.com.br\/viajante\/#personlogo\",\"inLanguage\":\"pt-BR\",\"url\":\"https:\/\/secure.gravatar.com\/avatar\/1b2cccafdb125d8647b2c92ed933381c?s=96&d=mm&r=g\",\"contentUrl\":\"https:\/\/secure.gravatar.com\/avatar\/1b2cccafdb125d8647b2c92ed933381c?s=96&d=mm&r=g\",\"caption\":\"Renato Machado\"},\"description\":\"Renato \\u00e9 jornalista e encontrou na cobertura do Turismo a jun\\u00e7\\u00e3o de grandes prazeres: escrever e conhecer novas culturas e lugares. Agora vive no Porto, Portugal, e neste espa\\u00e7o ir\\u00e1 experimentar na pr\\u00e1tica tend\\u00eancias e inova\\u00e7\\u00f5es do mercado, al\\u00e9m de buscar um olhar menos \\u00f3bvio de destinos internacionais. No Instagram @Viajante3.0\",\"url\":\"https:\/\/blog.panrotas.com.br\/viajante\/author\/renato\/\"}]}<\/script>\n<!-- \/ Yoast SEO plugin. -->","yoast_head_json":{"title":"J\u00e1 ouviu falar em Leeuwarden (Holanda)? Neste ano, ela \u00e9 Capital Europeia da Cultura - Viajante 3.0","robots":{"index":"index","follow":"follow","max-snippet":"max-snippet:-1","max-image-preview":"max-image-preview:large","max-video-preview":"max-video-preview:-1"},"canonical":"https:\/\/blog.panrotas.com.br\/viajante\/2018\/03\/27\/ja-ouviu-falar-em-leeuwarden-holanda-neste-ano-ela-e-capital-europeia-da-cultura\/","og_locale":"pt_BR","og_type":"article","og_title":"J\u00e1 ouviu falar em Leeuwarden (Holanda)? Neste ano, ela \u00e9 Capital Europeia da Cultura - Viajante 3.0","og_description":"Este pode ser o ano para voc\u00ea explorar novas partes da Holanda. Se a capital Amsterd\u00e3 j\u00e1 n\u00e3o \u00e9 mais uma grande novidade, uma sugest\u00e3o talvez seja se aventurar em cidades menores, que n\u00e3o estejam nos guias tur\u00edsticos das grandes editoras. Um desses destinos, Leeuwarden, a capital da prov\u00edncia de Friesland, tem motivos de sobra&hellip; Continue reading &rarr;&hellip; Continue reading &rarr;","og_url":"https:\/\/blog.panrotas.com.br\/viajante\/2018\/03\/27\/ja-ouviu-falar-em-leeuwarden-holanda-neste-ano-ela-e-capital-europeia-da-cultura\/","og_site_name":"Viajante 3.0","article_published_time":"2018-03-27T18:06:31+00:00","og_image":[{"url":"http:\/\/blog.panrotas.com.br\/viajante\/wp-content\/uploads\/2018\/03\/5269375416_1a861fd4bf_o.jpg"}],"twitter_card":"summary_large_image","twitter_misc":{"Escrito por":"Renato Machado","Est. tempo de leitura":"3 minutos"},"schema":{"@context":"https:\/\/schema.org","@graph":[{"@type":"WebSite","@id":"https:\/\/blog.panrotas.com.br\/viajante\/#website","url":"https:\/\/blog.panrotas.com.br\/viajante\/","name":"Viajante 3.0","description":"Blogosfera PANROTAS","potentialAction":[{"@type":"SearchAction","target":{"@type":"EntryPoint","urlTemplate":"https:\/\/blog.panrotas.com.br\/viajante\/?s={search_term_string}"},"query-input":"required name=search_term_string"}],"inLanguage":"pt-BR"},{"@type":"ImageObject","@id":"https:\/\/blog.panrotas.com.br\/viajante\/2018\/03\/27\/ja-ouviu-falar-em-leeuwarden-holanda-neste-ano-ela-e-capital-europeia-da-cultura\/#primaryimage","inLanguage":"pt-BR","url":"http:\/\/blog.panrotas.com.br\/viajante\/wp-content\/uploads\/2018\/03\/5269375416_1a861fd4bf_o.jpg","contentUrl":"http:\/\/blog.panrotas.com.br\/viajante\/wp-content\/uploads\/2018\/03\/5269375416_1a861fd4bf_o.jpg"},{"@type":"WebPage","@id":"https:\/\/blog.panrotas.com.br\/viajante\/2018\/03\/27\/ja-ouviu-falar-em-leeuwarden-holanda-neste-ano-ela-e-capital-europeia-da-cultura\/#webpage","url":"https:\/\/blog.panrotas.com.br\/viajante\/2018\/03\/27\/ja-ouviu-falar-em-leeuwarden-holanda-neste-ano-ela-e-capital-europeia-da-cultura\/","name":"J\u00e1 ouviu falar em Leeuwarden (Holanda)? Neste ano, ela \u00e9 Capital Europeia da Cultura - Viajante 3.0","isPartOf":{"@id":"https:\/\/blog.panrotas.com.br\/viajante\/#website"},"primaryImageOfPage":{"@id":"https:\/\/blog.panrotas.com.br\/viajante\/2018\/03\/27\/ja-ouviu-falar-em-leeuwarden-holanda-neste-ano-ela-e-capital-europeia-da-cultura\/#primaryimage"},"datePublished":"2018-03-27T18:06:31+00:00","dateModified":"2018-03-27T18:06:31+00:00","author":{"@id":"https:\/\/blog.panrotas.com.br\/viajante\/#\/schema\/person\/58a33447037fe9fb8d144df0e693ecb0"},"breadcrumb":{"@id":"https:\/\/blog.panrotas.com.br\/viajante\/2018\/03\/27\/ja-ouviu-falar-em-leeuwarden-holanda-neste-ano-ela-e-capital-europeia-da-cultura\/#breadcrumb"},"inLanguage":"pt-BR","potentialAction":[{"@type":"ReadAction","target":["https:\/\/blog.panrotas.com.br\/viajante\/2018\/03\/27\/ja-ouviu-falar-em-leeuwarden-holanda-neste-ano-ela-e-capital-europeia-da-cultura\/"]}]},{"@type":"BreadcrumbList","@id":"https:\/\/blog.panrotas.com.br\/viajante\/2018\/03\/27\/ja-ouviu-falar-em-leeuwarden-holanda-neste-ano-ela-e-capital-europeia-da-cultura\/#breadcrumb","itemListElement":[{"@type":"ListItem","position":1,"name":"In\u00edcio","item":"https:\/\/blog.panrotas.com.br\/viajante\/"},{"@type":"ListItem","position":2,"name":"J\u00e1 ouviu falar em Leeuwarden (Holanda)? Neste ano, ela \u00e9 Capital Europeia da Cultura"}]},{"@type":"Person","@id":"https:\/\/blog.panrotas.com.br\/viajante\/#\/schema\/person\/58a33447037fe9fb8d144df0e693ecb0","name":"Renato Machado","image":{"@type":"ImageObject","@id":"https:\/\/blog.panrotas.com.br\/viajante\/#personlogo","inLanguage":"pt-BR","url":"https:\/\/secure.gravatar.com\/avatar\/1b2cccafdb125d8647b2c92ed933381c?s=96&d=mm&r=g","contentUrl":"https:\/\/secure.gravatar.com\/avatar\/1b2cccafdb125d8647b2c92ed933381c?s=96&d=mm&r=g","caption":"Renato Machado"},"description":"Renato \u00e9 jornalista e encontrou na cobertura do Turismo a jun\u00e7\u00e3o de grandes prazeres: escrever e conhecer novas culturas e lugares. Agora vive no Porto, Portugal, e neste espa\u00e7o ir\u00e1 experimentar na pr\u00e1tica tend\u00eancias e inova\u00e7\u00f5es do mercado, al\u00e9m de buscar um olhar menos \u00f3bvio de destinos internacionais. No Instagram @Viajante3.0","url":"https:\/\/blog.panrotas.com.br\/viajante\/author\/renato\/"}]}},"jetpack_featured_media_url":"","jetpack_publicize_connections":[],"jetpack_shortlink":"https:\/\/wp.me\/p9JWFE-X","_links":{"self":[{"href":"https:\/\/blog.panrotas.com.br\/viajante\/wp-json\/wp\/v2\/posts\/59"}],"collection":[{"href":"https:\/\/blog.panrotas.com.br\/viajante\/wp-json\/wp\/v2\/posts"}],"about":[{"href":"https:\/\/blog.panrotas.com.br\/viajante\/wp-json\/wp\/v2\/types\/post"}],"author":[{"embeddable":true,"href":"https:\/\/blog.panrotas.com.br\/viajante\/wp-json\/wp\/v2\/users\/5"}],"replies":[{"embeddable":true,"href":"https:\/\/blog.panrotas.com.br\/viajante\/wp-json\/wp\/v2\/comments?post=59"}],"version-history":[{"count":0,"href":"https:\/\/blog.panrotas.com.br\/viajante\/wp-json\/wp\/v2\/posts\/59\/revisions"}],"wp:attachment":[{"href":"https:\/\/blog.panrotas.com.br\/viajante\/wp-json\/wp\/v2\/media?parent=59"}],"wp:term":[{"taxonomy":"category","embeddable":true,"href":"https:\/\/blog.panrotas.com.br\/viajante\/wp-json\/wp\/v2\/categories?post=59"},{"taxonomy":"post_tag","embeddable":true,"href":"https:\/\/blog.panrotas.com.br\/viajante\/wp-json\/wp\/v2\/tags?post=59"}],"curies":[{"name":"wp","href":"https:\/\/api.w.org\/{rel}","templated":true}]}}