{"id":64,"date":"2018-04-02T08:25:37","date_gmt":"2018-04-02T11:25:37","guid":{"rendered":"http:\/\/blog.panrotas.com.br\/viajante\/?p=64"},"modified":"2018-04-02T08:25:37","modified_gmt":"2018-04-02T11:25:37","slug":"quando-a-viagem-foge-dos-seus-planos","status":"publish","type":"post","link":"https:\/\/blog.panrotas.com.br\/viajante\/2018\/04\/02\/quando-a-viagem-foge-dos-seus-planos\/","title":{"rendered":"Quando a viagem foge dos seus planos"},"content":{"rendered":"<figure id=\"attachment_68\" aria-describedby=\"caption-attachment-68\" style=\"width: 397px\" class=\"wp-caption alignleft\"><img loading=\"lazy\" class=\" wp-image-68\" src=\"http:\/\/blog.panrotas.com.br\/viajante\/wp-content\/uploads\/2018\/04\/Webp.net-compress-image-3-1024x769.jpg\" alt=\"\" width=\"397\" height=\"298\" srcset=\"https:\/\/blog.panrotas.com.br\/viajante\/wp-content\/uploads\/sites\/3\/2018\/04\/Webp.net-compress-image-3-1024x769.jpg 1024w, https:\/\/blog.panrotas.com.br\/viajante\/wp-content\/uploads\/sites\/3\/2018\/04\/Webp.net-compress-image-3-300x225.jpg 300w, https:\/\/blog.panrotas.com.br\/viajante\/wp-content\/uploads\/sites\/3\/2018\/04\/Webp.net-compress-image-3-768x577.jpg 768w, https:\/\/blog.panrotas.com.br\/viajante\/wp-content\/uploads\/sites\/3\/2018\/04\/Webp.net-compress-image-3-1568x1177.jpg 1568w\" sizes=\"(max-width: 397px) 100vw, 397px\" \/><figcaption id=\"caption-attachment-68\" class=\"wp-caption-text\">Espectadores de uma prociss\u00e3o que, por conta da chuva, n\u00e3o aconteceu<\/figcaption><\/figure>\n<p>Viagens s\u00e3o compostas por detalhes t\u00e3o m\u00ednimos que sonhar com f\u00e9rias perfeitas, sem uma pedrinha no caminho que seja, beira o absurdo. Transporte, alimenta\u00e7\u00e3o, hospedagem, seguran\u00e7a, sa\u00fade, clima\u2026 s\u00e3o tantas as vari\u00e1veis que \u00e9 quase certo que algum errinho vai rolar em um m\u00eas num lugar completamente novo pra voc\u00ea.<\/p>\n<p><strong>A quest\u00e3o aqui \u00e9 saber dan\u00e7ar conforme a m\u00fasica, conseguir minimizar preju\u00edzos e, principalmente, n\u00e3o deixar os problemas atrapalharem o resto da viagem.<\/strong><\/p>\n<p>Isso rolou comigo na semana passada. Este post era pra ser um relato da prociss\u00e3o Ecce Homo, que anualmente acontece em Braga nas quintas-feiras que antecedem a P\u00e1scoa.<\/p>\n<p>A caminhada se d\u00e1 no meio da noite e percorre as vias que ligam importantes igrejas da cidade. Dentre os participantes, trajados como romanos do s\u00e9culo 1, se destacam os emblem\u00e1ticos farricocos, penitentes que desfilam com suas longas vestes negras (complementadas por um capuz que deixa pouco mais que olhos \u00e0 mostra).<\/p>\n<figure id=\"attachment_69\" aria-describedby=\"caption-attachment-69\" style=\"width: 740px\" class=\"wp-caption aligncenter\"><img loading=\"lazy\" class=\"size-large wp-image-69\" src=\"http:\/\/blog.panrotas.com.br\/viajante\/wp-content\/uploads\/2018\/04\/38314670725_1ecbcab33a_o-1024x683.jpg\" alt=\"\" width=\"740\" height=\"494\" srcset=\"https:\/\/blog.panrotas.com.br\/viajante\/wp-content\/uploads\/sites\/3\/2018\/04\/38314670725_1ecbcab33a_o-1024x683.jpg 1024w, https:\/\/blog.panrotas.com.br\/viajante\/wp-content\/uploads\/sites\/3\/2018\/04\/38314670725_1ecbcab33a_o-300x200.jpg 300w, https:\/\/blog.panrotas.com.br\/viajante\/wp-content\/uploads\/sites\/3\/2018\/04\/38314670725_1ecbcab33a_o-768x512.jpg 768w, https:\/\/blog.panrotas.com.br\/viajante\/wp-content\/uploads\/sites\/3\/2018\/04\/38314670725_1ecbcab33a_o-1568x1046.jpg 1568w, https:\/\/blog.panrotas.com.br\/viajante\/wp-content\/uploads\/sites\/3\/2018\/04\/38314670725_1ecbcab33a_o.jpg 1666w\" sizes=\"(max-width: 740px) 100vw, 740px\" \/><figcaption id=\"caption-attachment-69\" class=\"wp-caption-text\">Farricocos com seus fogar\u00e9us em m\u00e3os, na prociss\u00e3o de 2017 (Flickr\/Luis Ascenso)<\/figcaption><\/figure>\n<p>Este era o cen\u00e1rio que n\u00e3o vi. A previs\u00e3o meteorol\u00f3gica j\u00e1 havia me alertado para a chuva constante durante todo o dia. Ainda assim resolvi ir, tomei o comboio no Porto (esta\u00e7\u00e3o Campanh\u00e3) e 1 hora e \u20ac 6,90 (ida + volta) depois eu estava em Braga.<\/p>\n<p>De fato a meteorologia estava certa (dessa vez). Com algumas horas livres antes do in\u00edcio da prociss\u00e3o, marcado para as 21h30, enfrentei a chuva por vezes torrencial para visitar a S\u00e9 de Braga (catedral mais antiga de Portugal, constru\u00edda no s\u00e9culo 12) e o Santu\u00e1rio de Bom Jesus do Monte.<\/p>\n<figure id=\"attachment_66\" aria-describedby=\"caption-attachment-66\" style=\"width: 417px\" class=\"wp-caption alignright\"><img loading=\"lazy\" class=\" wp-image-66\" src=\"http:\/\/blog.panrotas.com.br\/viajante\/wp-content\/uploads\/2018\/04\/P1200836-01-1024x850.jpeg\" alt=\"\" width=\"417\" height=\"346\" srcset=\"https:\/\/blog.panrotas.com.br\/viajante\/wp-content\/uploads\/sites\/3\/2018\/04\/P1200836-01-1024x850.jpeg 1024w, https:\/\/blog.panrotas.com.br\/viajante\/wp-content\/uploads\/sites\/3\/2018\/04\/P1200836-01-300x249.jpeg 300w, https:\/\/blog.panrotas.com.br\/viajante\/wp-content\/uploads\/sites\/3\/2018\/04\/P1200836-01-768x638.jpeg 768w, https:\/\/blog.panrotas.com.br\/viajante\/wp-content\/uploads\/sites\/3\/2018\/04\/P1200836-01-1568x1302.jpeg 1568w, https:\/\/blog.panrotas.com.br\/viajante\/wp-content\/uploads\/sites\/3\/2018\/04\/P1200836-01.jpeg 2045w\" sizes=\"(max-width: 417px) 100vw, 417px\" \/><figcaption id=\"caption-attachment-66\" class=\"wp-caption-text\">Comunidade local participa das encena\u00e7\u00f5es durante a Semana Santa<\/figcaption><\/figure>\n<p>J\u00e1 pr\u00f3ximo do hor\u00e1rio, me aproximei da igreja da Miseric\u00f3rdia, de onde partiria a prociss\u00e3o, e aguardei. A movimenta\u00e7\u00e3o era grande, as pessoas fantasiadas chegavam, os espectadores ultrapassavam as centenas, claramente esse era uma dia importante para a comunidade local.<\/p>\n<p>O hor\u00e1rio estipulado j\u00e1 era passado, as informa\u00e7\u00f5es eram escassas e uma esp\u00e9cie de debandada se desenhava &#8211; sem que a prociss\u00e3o tivesse existido. Cancelada pela chuva foi a resposta de policiais, decretando o fim da minha visita a Braga.<\/p>\n<p>Como moro em Portugal, mais especificamente a 60 minutos de trem da cidade, fica muito f\u00e1cil falar em \u201ccontornar obst\u00e1culos\u201d. Eu simplesmente tomei um trem mais cedo e logo j\u00e1 estava em casa.<\/p>\n<p>Em uma viagem de f\u00e9rias, com um cronograma apertado, eventos assim podem ser o detalhe a fazer voc\u00ea odiar um lugar que, em outras circunst\u00e2ncias, amaria. Acreditem, essas coisas acontecem &#8211; e n\u00e3o s\u00e3o o fim do mundo.<\/p>\n<figure id=\"attachment_67\" aria-describedby=\"caption-attachment-67\" style=\"width: 390px\" class=\"wp-caption alignleft\"><img loading=\"lazy\" class=\" wp-image-67\" src=\"http:\/\/blog.panrotas.com.br\/viajante\/wp-content\/uploads\/2018\/04\/P1200859-01-1024x768.jpeg\" alt=\"\" width=\"390\" height=\"293\" srcset=\"https:\/\/blog.panrotas.com.br\/viajante\/wp-content\/uploads\/sites\/3\/2018\/04\/P1200859-01-1024x768.jpeg 1024w, https:\/\/blog.panrotas.com.br\/viajante\/wp-content\/uploads\/sites\/3\/2018\/04\/P1200859-01-300x225.jpeg 300w, https:\/\/blog.panrotas.com.br\/viajante\/wp-content\/uploads\/sites\/3\/2018\/04\/P1200859-01-768x576.jpeg 768w, https:\/\/blog.panrotas.com.br\/viajante\/wp-content\/uploads\/sites\/3\/2018\/04\/P1200859-01-1568x1176.jpeg 1568w\" sizes=\"(max-width: 390px) 100vw, 390px\" \/><figcaption id=\"caption-attachment-67\" class=\"wp-caption-text\">Ap\u00f3s o cancelamento da prociss\u00e3o, participantes deixam o entorno da igreja<\/figcaption><\/figure>\n<p>Por mais que a gente queira, \u00e9 imposs\u00edvel ter controle sobre absolutamente tudo que vai acontecer durante uma viagem. Obviamente que n\u00e3o devemos aceitar quando um servi\u00e7o prometido n\u00e3o \u00e9 devidamente oferecido (seja no voo, no hotel ou no restaurante), mas quando este n\u00e3o \u00e9 o caso, se martirizar \u00e9 o pior cen\u00e1rio.<\/p>\n<p>Ainda restam dias de f\u00e9rias e destinos a visitar? Ent\u00e3o deixa pra tr\u00e1s o que foi ruim e curta o que lhe resta. Quem sabe um desses epis\u00f3dios negativos n\u00e3o viram motivo de risada no futuro?<\/p>\n<p>Acompanhe a jornada do Viajante 3.0 pela blogosfera da PANROTAS e tamb\u00e9m pela conta no <a href=\"http:\/\/instagram.com\/viajante3.0\" target=\"_blank\" rel=\"noopener noreferrer\">Instagram<\/a>.\t\t<\/p>\n","protected":false},"excerpt":{"rendered":"<p>Viagens s\u00e3o compostas por detalhes t\u00e3o m\u00ednimos que sonhar com f\u00e9rias perfeitas, sem uma pedrinha no caminho que seja, beira o absurdo. Transporte, alimenta\u00e7\u00e3o, hospedagem, seguran\u00e7a, sa\u00fade, clima\u2026 s\u00e3o tantas as vari\u00e1veis que \u00e9 quase certo que algum errinho vai rolar em um m\u00eas num lugar completamente novo pra voc\u00ea. A quest\u00e3o aqui \u00e9 saber&hellip; <a class=\"more-link\" href=\"https:\/\/blog.panrotas.com.br\/viajante\/2018\/04\/02\/quando-a-viagem-foge-dos-seus-planos\/\">Continue reading &rarr;<\/a>&hellip; <a class=\"more-link\" href=\"https:\/\/blog.panrotas.com.br\/viajante\/2018\/04\/02\/quando-a-viagem-foge-dos-seus-planos\/\">Continue reading &rarr;<\/a><\/p>\n","protected":false},"author":5,"featured_media":0,"comment_status":"open","ping_status":"open","sticky":false,"template":"","format":"standard","meta":{"spay_email":"","jetpack_publicize_message":"","jetpack_is_tweetstorm":false},"categories":[43,8,31],"tags":[119,155,216,299,349,359,410,414,440,445],"yoast_head":"<!-- This site is optimized with the Yoast SEO plugin v17.3 - https:\/\/yoast.com\/wordpress\/plugins\/seo\/ -->\n<title>Quando a viagem foge dos seus planos - Viajante 3.0<\/title>\n<meta name=\"robots\" content=\"index, follow, max-snippet:-1, max-image-preview:large, max-video-preview:-1\" \/>\n<link rel=\"canonical\" href=\"https:\/\/blog.panrotas.com.br\/viajante\/2018\/04\/02\/quando-a-viagem-foge-dos-seus-planos\/\" \/>\n<meta property=\"og:locale\" content=\"pt_BR\" \/>\n<meta property=\"og:type\" content=\"article\" \/>\n<meta property=\"og:title\" content=\"Quando a viagem foge dos seus planos - Viajante 3.0\" \/>\n<meta property=\"og:description\" content=\"Viagens s\u00e3o compostas por detalhes t\u00e3o m\u00ednimos que sonhar com f\u00e9rias perfeitas, sem uma pedrinha no caminho que seja, beira o absurdo. Transporte, alimenta\u00e7\u00e3o, hospedagem, seguran\u00e7a, sa\u00fade, clima\u2026 s\u00e3o tantas as vari\u00e1veis que \u00e9 quase certo que algum errinho vai rolar em um m\u00eas num lugar completamente novo pra voc\u00ea. A quest\u00e3o aqui \u00e9 saber&hellip; Continue reading &rarr;&hellip; Continue reading &rarr;\" \/>\n<meta property=\"og:url\" content=\"https:\/\/blog.panrotas.com.br\/viajante\/2018\/04\/02\/quando-a-viagem-foge-dos-seus-planos\/\" \/>\n<meta property=\"og:site_name\" content=\"Viajante 3.0\" \/>\n<meta property=\"article:published_time\" content=\"2018-04-02T11:25:37+00:00\" \/>\n<meta property=\"og:image\" content=\"http:\/\/blog.panrotas.com.br\/viajante\/wp-content\/uploads\/2018\/04\/Webp.net-compress-image-3-1024x769.jpg\" \/>\n<meta name=\"twitter:card\" content=\"summary_large_image\" \/>\n<meta name=\"twitter:label1\" content=\"Escrito por\" \/>\n\t<meta name=\"twitter:data1\" content=\"Renato Machado\" \/>\n\t<meta name=\"twitter:label2\" content=\"Est. tempo de leitura\" \/>\n\t<meta name=\"twitter:data2\" content=\"3 minutos\" \/>\n<script type=\"application\/ld+json\" class=\"yoast-schema-graph\">{\"@context\":\"https:\/\/schema.org\",\"@graph\":[{\"@type\":\"WebSite\",\"@id\":\"https:\/\/blog.panrotas.com.br\/viajante\/#website\",\"url\":\"https:\/\/blog.panrotas.com.br\/viajante\/\",\"name\":\"Viajante 3.0\",\"description\":\"Blogosfera PANROTAS\",\"potentialAction\":[{\"@type\":\"SearchAction\",\"target\":{\"@type\":\"EntryPoint\",\"urlTemplate\":\"https:\/\/blog.panrotas.com.br\/viajante\/?s={search_term_string}\"},\"query-input\":\"required name=search_term_string\"}],\"inLanguage\":\"pt-BR\"},{\"@type\":\"ImageObject\",\"@id\":\"https:\/\/blog.panrotas.com.br\/viajante\/2018\/04\/02\/quando-a-viagem-foge-dos-seus-planos\/#primaryimage\",\"inLanguage\":\"pt-BR\",\"url\":\"http:\/\/blog.panrotas.com.br\/viajante\/wp-content\/uploads\/2018\/04\/Webp.net-compress-image-3-1024x769.jpg\",\"contentUrl\":\"http:\/\/blog.panrotas.com.br\/viajante\/wp-content\/uploads\/2018\/04\/Webp.net-compress-image-3-1024x769.jpg\"},{\"@type\":\"WebPage\",\"@id\":\"https:\/\/blog.panrotas.com.br\/viajante\/2018\/04\/02\/quando-a-viagem-foge-dos-seus-planos\/#webpage\",\"url\":\"https:\/\/blog.panrotas.com.br\/viajante\/2018\/04\/02\/quando-a-viagem-foge-dos-seus-planos\/\",\"name\":\"Quando a viagem foge dos seus planos - Viajante 3.0\",\"isPartOf\":{\"@id\":\"https:\/\/blog.panrotas.com.br\/viajante\/#website\"},\"primaryImageOfPage\":{\"@id\":\"https:\/\/blog.panrotas.com.br\/viajante\/2018\/04\/02\/quando-a-viagem-foge-dos-seus-planos\/#primaryimage\"},\"datePublished\":\"2018-04-02T11:25:37+00:00\",\"dateModified\":\"2018-04-02T11:25:37+00:00\",\"author\":{\"@id\":\"https:\/\/blog.panrotas.com.br\/viajante\/#\/schema\/person\/58a33447037fe9fb8d144df0e693ecb0\"},\"breadcrumb\":{\"@id\":\"https:\/\/blog.panrotas.com.br\/viajante\/2018\/04\/02\/quando-a-viagem-foge-dos-seus-planos\/#breadcrumb\"},\"inLanguage\":\"pt-BR\",\"potentialAction\":[{\"@type\":\"ReadAction\",\"target\":[\"https:\/\/blog.panrotas.com.br\/viajante\/2018\/04\/02\/quando-a-viagem-foge-dos-seus-planos\/\"]}]},{\"@type\":\"BreadcrumbList\",\"@id\":\"https:\/\/blog.panrotas.com.br\/viajante\/2018\/04\/02\/quando-a-viagem-foge-dos-seus-planos\/#breadcrumb\",\"itemListElement\":[{\"@type\":\"ListItem\",\"position\":1,\"name\":\"In\\u00edcio\",\"item\":\"https:\/\/blog.panrotas.com.br\/viajante\/\"},{\"@type\":\"ListItem\",\"position\":2,\"name\":\"Quando a viagem foge dos seus planos\"}]},{\"@type\":\"Person\",\"@id\":\"https:\/\/blog.panrotas.com.br\/viajante\/#\/schema\/person\/58a33447037fe9fb8d144df0e693ecb0\",\"name\":\"Renato Machado\",\"image\":{\"@type\":\"ImageObject\",\"@id\":\"https:\/\/blog.panrotas.com.br\/viajante\/#personlogo\",\"inLanguage\":\"pt-BR\",\"url\":\"https:\/\/secure.gravatar.com\/avatar\/1b2cccafdb125d8647b2c92ed933381c?s=96&d=mm&r=g\",\"contentUrl\":\"https:\/\/secure.gravatar.com\/avatar\/1b2cccafdb125d8647b2c92ed933381c?s=96&d=mm&r=g\",\"caption\":\"Renato Machado\"},\"description\":\"Renato \\u00e9 jornalista e encontrou na cobertura do Turismo a jun\\u00e7\\u00e3o de grandes prazeres: escrever e conhecer novas culturas e lugares. Agora vive no Porto, Portugal, e neste espa\\u00e7o ir\\u00e1 experimentar na pr\\u00e1tica tend\\u00eancias e inova\\u00e7\\u00f5es do mercado, al\\u00e9m de buscar um olhar menos \\u00f3bvio de destinos internacionais. No Instagram @Viajante3.0\",\"url\":\"https:\/\/blog.panrotas.com.br\/viajante\/author\/renato\/\"}]}<\/script>\n<!-- \/ Yoast SEO plugin. -->","yoast_head_json":{"title":"Quando a viagem foge dos seus planos - Viajante 3.0","robots":{"index":"index","follow":"follow","max-snippet":"max-snippet:-1","max-image-preview":"max-image-preview:large","max-video-preview":"max-video-preview:-1"},"canonical":"https:\/\/blog.panrotas.com.br\/viajante\/2018\/04\/02\/quando-a-viagem-foge-dos-seus-planos\/","og_locale":"pt_BR","og_type":"article","og_title":"Quando a viagem foge dos seus planos - Viajante 3.0","og_description":"Viagens s\u00e3o compostas por detalhes t\u00e3o m\u00ednimos que sonhar com f\u00e9rias perfeitas, sem uma pedrinha no caminho que seja, beira o absurdo. Transporte, alimenta\u00e7\u00e3o, hospedagem, seguran\u00e7a, sa\u00fade, clima\u2026 s\u00e3o tantas as vari\u00e1veis que \u00e9 quase certo que algum errinho vai rolar em um m\u00eas num lugar completamente novo pra voc\u00ea. A quest\u00e3o aqui \u00e9 saber&hellip; Continue reading &rarr;&hellip; Continue reading &rarr;","og_url":"https:\/\/blog.panrotas.com.br\/viajante\/2018\/04\/02\/quando-a-viagem-foge-dos-seus-planos\/","og_site_name":"Viajante 3.0","article_published_time":"2018-04-02T11:25:37+00:00","og_image":[{"url":"http:\/\/blog.panrotas.com.br\/viajante\/wp-content\/uploads\/2018\/04\/Webp.net-compress-image-3-1024x769.jpg"}],"twitter_card":"summary_large_image","twitter_misc":{"Escrito por":"Renato Machado","Est. tempo de leitura":"3 minutos"},"schema":{"@context":"https:\/\/schema.org","@graph":[{"@type":"WebSite","@id":"https:\/\/blog.panrotas.com.br\/viajante\/#website","url":"https:\/\/blog.panrotas.com.br\/viajante\/","name":"Viajante 3.0","description":"Blogosfera PANROTAS","potentialAction":[{"@type":"SearchAction","target":{"@type":"EntryPoint","urlTemplate":"https:\/\/blog.panrotas.com.br\/viajante\/?s={search_term_string}"},"query-input":"required name=search_term_string"}],"inLanguage":"pt-BR"},{"@type":"ImageObject","@id":"https:\/\/blog.panrotas.com.br\/viajante\/2018\/04\/02\/quando-a-viagem-foge-dos-seus-planos\/#primaryimage","inLanguage":"pt-BR","url":"http:\/\/blog.panrotas.com.br\/viajante\/wp-content\/uploads\/2018\/04\/Webp.net-compress-image-3-1024x769.jpg","contentUrl":"http:\/\/blog.panrotas.com.br\/viajante\/wp-content\/uploads\/2018\/04\/Webp.net-compress-image-3-1024x769.jpg"},{"@type":"WebPage","@id":"https:\/\/blog.panrotas.com.br\/viajante\/2018\/04\/02\/quando-a-viagem-foge-dos-seus-planos\/#webpage","url":"https:\/\/blog.panrotas.com.br\/viajante\/2018\/04\/02\/quando-a-viagem-foge-dos-seus-planos\/","name":"Quando a viagem foge dos seus planos - Viajante 3.0","isPartOf":{"@id":"https:\/\/blog.panrotas.com.br\/viajante\/#website"},"primaryImageOfPage":{"@id":"https:\/\/blog.panrotas.com.br\/viajante\/2018\/04\/02\/quando-a-viagem-foge-dos-seus-planos\/#primaryimage"},"datePublished":"2018-04-02T11:25:37+00:00","dateModified":"2018-04-02T11:25:37+00:00","author":{"@id":"https:\/\/blog.panrotas.com.br\/viajante\/#\/schema\/person\/58a33447037fe9fb8d144df0e693ecb0"},"breadcrumb":{"@id":"https:\/\/blog.panrotas.com.br\/viajante\/2018\/04\/02\/quando-a-viagem-foge-dos-seus-planos\/#breadcrumb"},"inLanguage":"pt-BR","potentialAction":[{"@type":"ReadAction","target":["https:\/\/blog.panrotas.com.br\/viajante\/2018\/04\/02\/quando-a-viagem-foge-dos-seus-planos\/"]}]},{"@type":"BreadcrumbList","@id":"https:\/\/blog.panrotas.com.br\/viajante\/2018\/04\/02\/quando-a-viagem-foge-dos-seus-planos\/#breadcrumb","itemListElement":[{"@type":"ListItem","position":1,"name":"In\u00edcio","item":"https:\/\/blog.panrotas.com.br\/viajante\/"},{"@type":"ListItem","position":2,"name":"Quando a viagem foge dos seus planos"}]},{"@type":"Person","@id":"https:\/\/blog.panrotas.com.br\/viajante\/#\/schema\/person\/58a33447037fe9fb8d144df0e693ecb0","name":"Renato Machado","image":{"@type":"ImageObject","@id":"https:\/\/blog.panrotas.com.br\/viajante\/#personlogo","inLanguage":"pt-BR","url":"https:\/\/secure.gravatar.com\/avatar\/1b2cccafdb125d8647b2c92ed933381c?s=96&d=mm&r=g","contentUrl":"https:\/\/secure.gravatar.com\/avatar\/1b2cccafdb125d8647b2c92ed933381c?s=96&d=mm&r=g","caption":"Renato Machado"},"description":"Renato \u00e9 jornalista e encontrou na cobertura do Turismo a jun\u00e7\u00e3o de grandes prazeres: escrever e conhecer novas culturas e lugares. Agora vive no Porto, Portugal, e neste espa\u00e7o ir\u00e1 experimentar na pr\u00e1tica tend\u00eancias e inova\u00e7\u00f5es do mercado, al\u00e9m de buscar um olhar menos \u00f3bvio de destinos internacionais. No Instagram @Viajante3.0","url":"https:\/\/blog.panrotas.com.br\/viajante\/author\/renato\/"}]}},"jetpack_featured_media_url":"","jetpack_publicize_connections":[],"jetpack_shortlink":"https:\/\/wp.me\/p9JWFE-12","_links":{"self":[{"href":"https:\/\/blog.panrotas.com.br\/viajante\/wp-json\/wp\/v2\/posts\/64"}],"collection":[{"href":"https:\/\/blog.panrotas.com.br\/viajante\/wp-json\/wp\/v2\/posts"}],"about":[{"href":"https:\/\/blog.panrotas.com.br\/viajante\/wp-json\/wp\/v2\/types\/post"}],"author":[{"embeddable":true,"href":"https:\/\/blog.panrotas.com.br\/viajante\/wp-json\/wp\/v2\/users\/5"}],"replies":[{"embeddable":true,"href":"https:\/\/blog.panrotas.com.br\/viajante\/wp-json\/wp\/v2\/comments?post=64"}],"version-history":[{"count":0,"href":"https:\/\/blog.panrotas.com.br\/viajante\/wp-json\/wp\/v2\/posts\/64\/revisions"}],"wp:attachment":[{"href":"https:\/\/blog.panrotas.com.br\/viajante\/wp-json\/wp\/v2\/media?parent=64"}],"wp:term":[{"taxonomy":"category","embeddable":true,"href":"https:\/\/blog.panrotas.com.br\/viajante\/wp-json\/wp\/v2\/categories?post=64"},{"taxonomy":"post_tag","embeddable":true,"href":"https:\/\/blog.panrotas.com.br\/viajante\/wp-json\/wp\/v2\/tags?post=64"}],"curies":[{"name":"wp","href":"https:\/\/api.w.org\/{rel}","templated":true}]}}